{"id":43467,"date":"2026-09-04T20:02:26","date_gmt":"2026-09-04T20:02:26","guid":{"rendered":"https:\/\/nativoqueretaro.mx\/?p=43467"},"modified":"2026-09-04T20:02:26","modified_gmt":"2026-09-04T20:02:26","slug":"anuncia-secretaria-del-trabajo-premio-the-fifteen-para-reconocer-a-mujeres-lideres","status":"publish","type":"post","link":"https:\/\/nativoqueretaro.mx\/index.php\/2026\/09\/04\/anuncia-secretaria-del-trabajo-premio-the-fifteen-para-reconocer-a-mujeres-lideres\/","title":{"rendered":"Anuncia Secretar\u00eda del Trabajo premio The Fifteen para reconocer a mujeres l\u00edderes"},"content":{"rendered":"<p class=\"wp-block-paragraph\">Quer\u00e9taro, Qro., 4 de septiembre de 2026.- La Secretar\u00eda del Trabajo del Estado de Quer\u00e9taro y el Consejo Coordinador de Mujeres Empresarias (CCME) organizar\u00e1n The Fifteen: Premio Mujer L\u00edder Corporativa, iniciativa para reconocer a 15 mujeres ejecutivas destacadas de la entidad.<\/p>\n<p class=\"wp-block-paragraph\">La secretaria del Trabajo estatal, Liliana San Mart\u00edn Castillo, destac\u00f3 que reconocer el trabajo de las mujeres tambi\u00e9n significa generar referentes y abrir camino para que cada vez m\u00e1s de ellas encuentren oportunidades de crecimiento y ocupen espacios de liderazgo y toma de decisiones.<\/p>\n<p class=\"wp-block-paragraph\">\u201cQueremos hacer visible el trabajo de mujeres que con preparaci\u00f3n, talento y resultados han construido una trayectoria dentro de nuestras empresas. Cada mujer que llega a una posici\u00f3n de liderazgo abre camino para muchas m\u00e1s\u201d, expres\u00f3.<\/p>\n<p class=\"wp-block-paragraph\">Agreg\u00f3 que desde la dependencia a su cargo tambi\u00e9n se entrega el Distintivo Sin Brecha, que promueve mejores pr\u00e1cticas laborales y condiciones de igualdad dentro de los centros de trabajo.<\/p>\n<p class=\"wp-block-paragraph\">Destac\u00f3 que actualmente 169 empresas forman parte de Sin Brecha, con un impacto en m\u00e1s de 83 mil trabajadoras y trabajadores.<\/p>\n<p class=\"wp-block-paragraph\">En su participaci\u00f3n, la presidenta del CCME, Vanessa Vera Castillejos, present\u00f3 los alcances de The Fifteen, iniciativa que busca reconocer a mujeres ejecutivas por su trayectoria, liderazgo e impacto.<\/p>\n<p class=\"wp-block-paragraph\">La convocatoria estar\u00e1 abierta hasta el 18 de septiembre. El proyecto contempla adem\u00e1s la generaci\u00f3n de una red estrat\u00e9gica de mujeres, espacios de capacitaci\u00f3n y fortalecimiento profesional, as\u00ed como un directorio de talento ejecutivo femenino que favorezca nuevas oportunidades de vinculaci\u00f3n, mentor\u00eda y colaboraci\u00f3n.<\/p>\n<p class=\"wp-block-paragraph\">La ceremonia de premiaci\u00f3n de The Fifteen: Premio Mujer L\u00edder Corporativa se llevar\u00e1 a cabo el pr\u00f3ximo 22 de octubre en el Teatro Metropolitano.<\/p>\n","protected":false},"excerpt":{"rendered":"<p>Quer\u00e9taro, Qro., 4 de septiembre de 2026.- La Secretar\u00eda del Trabajo del Estado de Quer\u00e9taro y el Consejo Coordinador de Mujeres Empresarias (CCME) organizar\u00e1n The Fifteen: Premio Mujer L\u00edder Corporativa, iniciativa para reconocer a 15 mujeres ejecutivas destacadas de la entidad. La secretaria del Trabajo estatal, Liliana San Mart\u00edn Castillo, destac\u00f3 que reconocer el trabajo [&hellip;]<\/p>\n","protected":false},"author":1,"featured_media":43468,"comment_status":"open","ping_status":"open","sticky":false,"template":"","format":"standard","meta":{"_acf_changed":false,"ocean_post_layout":"","ocean_both_sidebars_style":"","ocean_both_sidebars_content_width":0,"ocean_both_sidebars_sidebars_width":0,"ocean_sidebar":"0","ocean_second_sidebar":"0","ocean_disable_margins":"enable","ocean_add_body_class":"","ocean_shortcode_before_top_bar":"","ocean_shortcode_after_top_bar":"","ocean_shortcode_before_header":"","ocean_shortcode_after_header":"","ocean_has_shortcode":"","ocean_shortcode_after_title":"","ocean_shortcode_before_footer_widgets":"","ocean_shortcode_after_footer_widgets":"","ocean_shortcode_before_footer_bottom":"","ocean_shortcode_after_footer_bottom":"","ocean_display_top_bar":"default","ocean_display_header":"default","ocean_header_style":"","ocean_center_header_left_menu":"0","ocean_custom_header_template":"0","ocean_custom_logo":0,"ocean_custom_retina_logo":0,"ocean_custom_logo_max_width":0,"ocean_custom_logo_tablet_max_width":0,"ocean_custom_logo_mobile_max_width":0,"ocean_custom_logo_max_height":0,"ocean_custom_logo_tablet_max_height":0,"ocean_custom_logo_mobile_max_height":0,"ocean_header_custom_menu":"0","ocean_menu_typo_font_family":"0","ocean_menu_typo_font_subset":"","ocean_menu_typo_font_size":0,"ocean_menu_typo_font_size_tablet":0,"ocean_menu_typo_font_size_mobile":0,"ocean_menu_typo_font_size_unit":"px","ocean_menu_typo_font_weight":"","ocean_menu_typo_font_weight_tablet":"","ocean_menu_typo_font_weight_mobile":"","ocean_menu_typo_transform":"","ocean_menu_typo_transform_tablet":"","ocean_menu_typo_transform_mobile":"","ocean_menu_typo_line_height":0,"ocean_menu_typo_line_height_tablet":0,"ocean_menu_typo_line_height_mobile":0,"ocean_menu_typo_line_height_unit":"","ocean_menu_typo_spacing":0,"ocean_menu_typo_spacing_tablet":0,"ocean_menu_typo_spacing_mobile":0,"ocean_menu_typo_spacing_unit":"","ocean_menu_link_color":"","ocean_menu_link_color_hover":"","ocean_menu_link_color_active":"","ocean_menu_link_background":"","ocean_menu_link_hover_background":"","ocean_menu_link_active_background":"","ocean_menu_social_links_bg":"","ocean_menu_social_hover_links_bg":"","ocean_menu_social_links_color":"","ocean_menu_social_hover_links_color":"","ocean_disable_title":"default","ocean_disable_heading":"default","ocean_post_title":"","ocean_post_subheading":"","ocean_post_title_style":"","ocean_post_title_background_color":"","ocean_post_title_background":0,"ocean_post_title_bg_image_position":"","ocean_post_title_bg_image_attachment":"","ocean_post_title_bg_image_repeat":"","ocean_post_title_bg_image_size":"","ocean_post_title_height":0,"ocean_post_title_bg_overlay":0.5,"ocean_post_title_bg_overlay_color":"","ocean_disable_breadcrumbs":"default","ocean_breadcrumbs_color":"","ocean_breadcrumbs_separator_color":"","ocean_breadcrumbs_links_color":"","ocean_breadcrumbs_links_hover_color":"","ocean_display_footer_widgets":"default","ocean_display_footer_bottom":"default","ocean_custom_footer_template":"0","ocean_post_oembed":"","ocean_post_self_hosted_media":"","ocean_post_video_embed":"","ocean_link_format":"","ocean_link_format_target":"self","ocean_quote_format":"","ocean_quote_format_link":"post","ocean_gallery_link_images":"on","ocean_gallery_id":[],"footnotes":""},"categories":[89],"tags":[],"class_list":["post-43467","post","type-post","status-publish","format-standard","has-post-thumbnail","hentry","category-estado","entry","has-media"],"acf":[],"yoast_head":"<!-- This site is optimized with the Yoast SEO plugin v24.7 - https:\/\/yoast.com\/wordpress\/plugins\/seo\/ -->\n<title>Anuncia Secretar\u00eda del Trabajo premio The Fifteen para reconocer a mujeres l\u00edderes - Nativo Quer\u00e9taro<\/title>\n<meta name=\"robots\" content=\"index, follow, max-snippet:-1, max-image-preview:large, max-video-preview:-1\" \/>\n<link rel=\"canonical\" href=\"https:\/\/nativoqueretaro.mx\/index.php\/2026\/09\/04\/anuncia-secretaria-del-trabajo-premio-the-fifteen-para-reconocer-a-mujeres-lideres\/\" \/>\n<meta property=\"og:locale\" content=\"es_MX\" \/>\n<meta property=\"og:type\" content=\"article\" \/>\n<meta property=\"og:title\" content=\"Anuncia Secretar\u00eda del Trabajo premio The Fifteen para reconocer a mujeres l\u00edderes - Nativo Quer\u00e9taro\" \/>\n<meta property=\"og:description\" content=\"Quer\u00e9taro, Qro., 4 de septiembre de 2026.- La Secretar\u00eda del Trabajo del Estado de Quer\u00e9taro y el Consejo Coordinador de Mujeres Empresarias (CCME) organizar\u00e1n The Fifteen: Premio Mujer L\u00edder Corporativa, iniciativa para reconocer a 15 mujeres ejecutivas destacadas de la entidad. La secretaria del Trabajo estatal, Liliana San Mart\u00edn Castillo, destac\u00f3 que reconocer el trabajo [&hellip;]\" \/>\n<meta property=\"og:url\" content=\"https:\/\/nativoqueretaro.mx\/index.php\/2026\/09\/04\/anuncia-secretaria-del-trabajo-premio-the-fifteen-para-reconocer-a-mujeres-lideres\/\" \/>\n<meta property=\"og:site_name\" content=\"Nativo Quer\u00e9taro\" \/>\n<meta property=\"article:published_time\" content=\"2026-09-04T20:02:26+00:00\" \/>\n<meta property=\"og:image\" content=\"https:\/\/nativoqueretaro.mx\/wp-content\/uploads\/2026\/09\/Premio-The-Fifteen-septiembre-2026-Secretaria-Trabajo-Queretaro2-852x500-1.webp\" \/>\n\t<meta property=\"og:image:width\" content=\"852\" \/>\n\t<meta property=\"og:image:height\" content=\"500\" \/>\n\t<meta property=\"og:image:type\" content=\"image\/webp\" \/>\n<meta name=\"author\" content=\"NativoQro\" \/>\n<meta name=\"twitter:card\" content=\"summary_large_image\" \/>\n<meta name=\"twitter:label1\" content=\"Escrito por\" \/>\n\t<meta name=\"twitter:data1\" content=\"NativoQro\" \/>\n\t<meta name=\"twitter:label2\" content=\"Tiempo de lectura\" \/>\n\t<meta name=\"twitter:data2\" content=\"2 minutos\" \/>\n<script type=\"application\/ld+json\" class=\"yoast-schema-graph\">{\"@context\":\"https:\/\/schema.org\",\"@graph\":[{\"@type\":\"Article\",\"@id\":\"https:\/\/nativoqueretaro.mx\/index.php\/2026\/09\/04\/anuncia-secretaria-del-trabajo-premio-the-fifteen-para-reconocer-a-mujeres-lideres\/#article\",\"isPartOf\":{\"@id\":\"https:\/\/nativoqueretaro.mx\/index.php\/2026\/09\/04\/anuncia-secretaria-del-trabajo-premio-the-fifteen-para-reconocer-a-mujeres-lideres\/\"},\"author\":{\"name\":\"NativoQro\",\"@id\":\"https:\/\/nativoqueretaro.mx\/#\/schema\/person\/9cb2d9bff62be7a0a4a39066c9eac822\"},\"headline\":\"Anuncia Secretar\u00eda del Trabajo premio The Fifteen para reconocer a mujeres l\u00edderes\",\"datePublished\":\"2026-09-04T20:02:26+00:00\",\"mainEntityOfPage\":{\"@id\":\"https:\/\/nativoqueretaro.mx\/index.php\/2026\/09\/04\/anuncia-secretaria-del-trabajo-premio-the-fifteen-para-reconocer-a-mujeres-lideres\/\"},\"wordCount\":302,\"commentCount\":0,\"publisher\":{\"@id\":\"https:\/\/nativoqueretaro.mx\/#organization\"},\"image\":{\"@id\":\"https:\/\/nativoqueretaro.mx\/index.php\/2026\/09\/04\/anuncia-secretaria-del-trabajo-premio-the-fifteen-para-reconocer-a-mujeres-lideres\/#primaryimage\"},\"thumbnailUrl\":\"https:\/\/nativoqueretaro.mx\/wp-content\/uploads\/2026\/09\/Premio-The-Fifteen-septiembre-2026-Secretaria-Trabajo-Queretaro2-852x500-1.webp\",\"articleSection\":[\"Estado\"],\"inLanguage\":\"es\",\"potentialAction\":[{\"@type\":\"CommentAction\",\"name\":\"Comment\",\"target\":[\"https:\/\/nativoqueretaro.mx\/index.php\/2026\/09\/04\/anuncia-secretaria-del-trabajo-premio-the-fifteen-para-reconocer-a-mujeres-lideres\/#respond\"]}]},{\"@type\":\"WebPage\",\"@id\":\"https:\/\/nativoqueretaro.mx\/index.php\/2026\/09\/04\/anuncia-secretaria-del-trabajo-premio-the-fifteen-para-reconocer-a-mujeres-lideres\/\",\"url\":\"https:\/\/nativoqueretaro.mx\/index.php\/2026\/09\/04\/anuncia-secretaria-del-trabajo-premio-the-fifteen-para-reconocer-a-mujeres-lideres\/\",\"name\":\"Anuncia Secretar\u00eda del Trabajo premio The Fifteen para reconocer a mujeres l\u00edderes - Nativo Quer\u00e9taro\",\"isPartOf\":{\"@id\":\"https:\/\/nativoqueretaro.mx\/#website\"},\"primaryImageOfPage\":{\"@id\":\"https:\/\/nativoqueretaro.mx\/index.php\/2026\/09\/04\/anuncia-secretaria-del-trabajo-premio-the-fifteen-para-reconocer-a-mujeres-lideres\/#primaryimage\"},\"image\":{\"@id\":\"https:\/\/nativoqueretaro.mx\/index.php\/2026\/09\/04\/anuncia-secretaria-del-trabajo-premio-the-fifteen-para-reconocer-a-mujeres-lideres\/#primaryimage\"},\"thumbnailUrl\":\"https:\/\/nativoqueretaro.mx\/wp-content\/uploads\/2026\/09\/Premio-The-Fifteen-septiembre-2026-Secretaria-Trabajo-Queretaro2-852x500-1.webp\",\"datePublished\":\"2026-09-04T20:02:26+00:00\",\"breadcrumb\":{\"@id\":\"https:\/\/nativoqueretaro.mx\/index.php\/2026\/09\/04\/anuncia-secretaria-del-trabajo-premio-the-fifteen-para-reconocer-a-mujeres-lideres\/#breadcrumb\"},\"inLanguage\":\"es\",\"potentialAction\":[{\"@type\":\"ReadAction\",\"target\":[\"https:\/\/nativoqueretaro.mx\/index.php\/2026\/09\/04\/anuncia-secretaria-del-trabajo-premio-the-fifteen-para-reconocer-a-mujeres-lideres\/\"]}]},{\"@type\":\"ImageObject\",\"inLanguage\":\"es\",\"@id\":\"https:\/\/nativoqueretaro.mx\/index.php\/2026\/09\/04\/anuncia-secretaria-del-trabajo-premio-the-fifteen-para-reconocer-a-mujeres-lideres\/#primaryimage\",\"url\":\"https:\/\/nativoqueretaro.mx\/wp-content\/uploads\/2026\/09\/Premio-The-Fifteen-septiembre-2026-Secretaria-Trabajo-Queretaro2-852x500-1.webp\",\"contentUrl\":\"https:\/\/nativoqueretaro.mx\/wp-content\/uploads\/2026\/09\/Premio-The-Fifteen-septiembre-2026-Secretaria-Trabajo-Queretaro2-852x500-1.webp\",\"width\":852,\"height\":500},{\"@type\":\"BreadcrumbList\",\"@id\":\"https:\/\/nativoqueretaro.mx\/index.php\/2026\/09\/04\/anuncia-secretaria-del-trabajo-premio-the-fifteen-para-reconocer-a-mujeres-lideres\/#breadcrumb\",\"itemListElement\":[{\"@type\":\"ListItem\",\"position\":1,\"name\":\"Home\",\"item\":\"https:\/\/nativoqueretaro.mx\/\"},{\"@type\":\"ListItem\",\"position\":2,\"name\":\"Anuncia Secretar\u00eda del Trabajo premio The Fifteen para reconocer a mujeres l\u00edderes\"}]},{\"@type\":\"WebSite\",\"@id\":\"https:\/\/nativoqueretaro.mx\/#website\",\"url\":\"https:\/\/nativoqueretaro.mx\/\",\"name\":\"Nativo Quer\u00e9taro\",\"description\":\"\",\"publisher\":{\"@id\":\"https:\/\/nativoqueretaro.mx\/#organization\"},\"potentialAction\":[{\"@type\":\"SearchAction\",\"target\":{\"@type\":\"EntryPoint\",\"urlTemplate\":\"https:\/\/nativoqueretaro.mx\/?s={search_term_string}\"},\"query-input\":{\"@type\":\"PropertyValueSpecification\",\"valueRequired\":true,\"valueName\":\"search_term_string\"}}],\"inLanguage\":\"es\"},{\"@type\":\"Organization\",\"@id\":\"https:\/\/nativoqueretaro.mx\/#organization\",\"name\":\"Nativo Quer\u00e9taro\",\"url\":\"https:\/\/nativoqueretaro.mx\/\",\"logo\":{\"@type\":\"ImageObject\",\"inLanguage\":\"es\",\"@id\":\"https:\/\/nativoqueretaro.mx\/#\/schema\/logo\/image\/\",\"url\":\"https:\/\/nativoqueretaro.mx\/wp-content\/uploads\/2025\/01\/NATIVO_QRO_white.svg\",\"contentUrl\":\"https:\/\/nativoqueretaro.mx\/wp-content\/uploads\/2025\/01\/NATIVO_QRO_white.svg\",\"caption\":\"Nativo Quer\u00e9taro\"},\"image\":{\"@id\":\"https:\/\/nativoqueretaro.mx\/#\/schema\/logo\/image\/\"}},{\"@type\":\"Person\",\"@id\":\"https:\/\/nativoqueretaro.mx\/#\/schema\/person\/9cb2d9bff62be7a0a4a39066c9eac822\",\"name\":\"NativoQro\",\"image\":{\"@type\":\"ImageObject\",\"inLanguage\":\"es\",\"@id\":\"https:\/\/nativoqueretaro.mx\/#\/schema\/person\/image\/\",\"url\":\"https:\/\/secure.gravatar.com\/avatar\/0574151f0584a2a8056a6d87f37cd6abc6c709a951c8e822eb1ab470a5022bc5?s=96&d=mm&r=g\",\"contentUrl\":\"https:\/\/secure.gravatar.com\/avatar\/0574151f0584a2a8056a6d87f37cd6abc6c709a951c8e822eb1ab470a5022bc5?s=96&d=mm&r=g\",\"caption\":\"NativoQro\"},\"url\":\"https:\/\/nativoqueretaro.mx\/index.php\/author\/nativoadmin\/\"}]}<\/script>\n<!-- \/ Yoast SEO plugin. -->","yoast_head_json":{"title":"Anuncia Secretar\u00eda del Trabajo premio The Fifteen para reconocer a mujeres l\u00edderes - Nativo Quer\u00e9taro","robots":{"index":"index","follow":"follow","max-snippet":"max-snippet:-1","max-image-preview":"max-image-preview:large","max-video-preview":"max-video-preview:-1"},"canonical":"https:\/\/nativoqueretaro.mx\/index.php\/2026\/09\/04\/anuncia-secretaria-del-trabajo-premio-the-fifteen-para-reconocer-a-mujeres-lideres\/","og_locale":"es_MX","og_type":"article","og_title":"Anuncia Secretar\u00eda del Trabajo premio The Fifteen para reconocer a mujeres l\u00edderes - Nativo Quer\u00e9taro","og_description":"Quer\u00e9taro, Qro., 4 de septiembre de 2026.- La Secretar\u00eda del Trabajo del Estado de Quer\u00e9taro y el Consejo Coordinador de Mujeres Empresarias (CCME) organizar\u00e1n The Fifteen: Premio Mujer L\u00edder Corporativa, iniciativa para reconocer a 15 mujeres ejecutivas destacadas de la entidad. La secretaria del Trabajo estatal, Liliana San Mart\u00edn Castillo, destac\u00f3 que reconocer el trabajo [&hellip;]","og_url":"https:\/\/nativoqueretaro.mx\/index.php\/2026\/09\/04\/anuncia-secretaria-del-trabajo-premio-the-fifteen-para-reconocer-a-mujeres-lideres\/","og_site_name":"Nativo Quer\u00e9taro","article_published_time":"2026-09-04T20:02:26+00:00","og_image":[{"width":852,"height":500,"url":"https:\/\/nativoqueretaro.mx\/wp-content\/uploads\/2026\/09\/Premio-The-Fifteen-septiembre-2026-Secretaria-Trabajo-Queretaro2-852x500-1.webp","type":"image\/webp"}],"author":"NativoQro","twitter_card":"summary_large_image","twitter_misc":{"Escrito por":"NativoQro","Tiempo de lectura":"2 minutos"},"schema":{"@context":"https:\/\/schema.org","@graph":[{"@type":"Article","@id":"https:\/\/nativoqueretaro.mx\/index.php\/2026\/09\/04\/anuncia-secretaria-del-trabajo-premio-the-fifteen-para-reconocer-a-mujeres-lideres\/#article","isPartOf":{"@id":"https:\/\/nativoqueretaro.mx\/index.php\/2026\/09\/04\/anuncia-secretaria-del-trabajo-premio-the-fifteen-para-reconocer-a-mujeres-lideres\/"},"author":{"name":"NativoQro","@id":"https:\/\/nativoqueretaro.mx\/#\/schema\/person\/9cb2d9bff62be7a0a4a39066c9eac822"},"headline":"Anuncia Secretar\u00eda del Trabajo premio The Fifteen para reconocer a mujeres l\u00edderes","datePublished":"2026-09-04T20:02:26+00:00","mainEntityOfPage":{"@id":"https:\/\/nativoqueretaro.mx\/index.php\/2026\/09\/04\/anuncia-secretaria-del-trabajo-premio-the-fifteen-para-reconocer-a-mujeres-lideres\/"},"wordCount":302,"commentCount":0,"publisher":{"@id":"https:\/\/nativoqueretaro.mx\/#organization"},"image":{"@id":"https:\/\/nativoqueretaro.mx\/index.php\/2026\/09\/04\/anuncia-secretaria-del-trabajo-premio-the-fifteen-para-reconocer-a-mujeres-lideres\/#primaryimage"},"thumbnailUrl":"https:\/\/nativoqueretaro.mx\/wp-content\/uploads\/2026\/09\/Premio-The-Fifteen-septiembre-2026-Secretaria-Trabajo-Queretaro2-852x500-1.webp","articleSection":["Estado"],"inLanguage":"es","potentialAction":[{"@type":"CommentAction","name":"Comment","target":["https:\/\/nativoqueretaro.mx\/index.php\/2026\/09\/04\/anuncia-secretaria-del-trabajo-premio-the-fifteen-para-reconocer-a-mujeres-lideres\/#respond"]}]},{"@type":"WebPage","@id":"https:\/\/nativoqueretaro.mx\/index.php\/2026\/09\/04\/anuncia-secretaria-del-trabajo-premio-the-fifteen-para-reconocer-a-mujeres-lideres\/","url":"https:\/\/nativoqueretaro.mx\/index.php\/2026\/09\/04\/anuncia-secretaria-del-trabajo-premio-the-fifteen-para-reconocer-a-mujeres-lideres\/","name":"Anuncia Secretar\u00eda del Trabajo premio The Fifteen para reconocer a mujeres l\u00edderes - Nativo Quer\u00e9taro","isPartOf":{"@id":"https:\/\/nativoqueretaro.mx\/#website"},"primaryImageOfPage":{"@id":"https:\/\/nativoqueretaro.mx\/index.php\/2026\/09\/04\/anuncia-secretaria-del-trabajo-premio-the-fifteen-para-reconocer-a-mujeres-lideres\/#primaryimage"},"image":{"@id":"https:\/\/nativoqueretaro.mx\/index.php\/2026\/09\/04\/anuncia-secretaria-del-trabajo-premio-the-fifteen-para-reconocer-a-mujeres-lideres\/#primaryimage"},"thumbnailUrl":"https:\/\/nativoqueretaro.mx\/wp-content\/uploads\/2026\/09\/Premio-The-Fifteen-septiembre-2026-Secretaria-Trabajo-Queretaro2-852x500-1.webp","datePublished":"2026-09-04T20:02:26+00:00","breadcrumb":{"@id":"https:\/\/nativoqueretaro.mx\/index.php\/2026\/09\/04\/anuncia-secretaria-del-trabajo-premio-the-fifteen-para-reconocer-a-mujeres-lideres\/#breadcrumb"},"inLanguage":"es","potentialAction":[{"@type":"ReadAction","target":["https:\/\/nativoqueretaro.mx\/index.php\/2026\/09\/04\/anuncia-secretaria-del-trabajo-premio-the-fifteen-para-reconocer-a-mujeres-lideres\/"]}]},{"@type":"ImageObject","inLanguage":"es","@id":"https:\/\/nativoqueretaro.mx\/index.php\/2026\/09\/04\/anuncia-secretaria-del-trabajo-premio-the-fifteen-para-reconocer-a-mujeres-lideres\/#primaryimage","url":"https:\/\/nativoqueretaro.mx\/wp-content\/uploads\/2026\/09\/Premio-The-Fifteen-septiembre-2026-Secretaria-Trabajo-Queretaro2-852x500-1.webp","contentUrl":"https:\/\/nativoqueretaro.mx\/wp-content\/uploads\/2026\/09\/Premio-The-Fifteen-septiembre-2026-Secretaria-Trabajo-Queretaro2-852x500-1.webp","width":852,"height":500},{"@type":"BreadcrumbList","@id":"https:\/\/nativoqueretaro.mx\/index.php\/2026\/09\/04\/anuncia-secretaria-del-trabajo-premio-the-fifteen-para-reconocer-a-mujeres-lideres\/#breadcrumb","itemListElement":[{"@type":"ListItem","position":1,"name":"Home","item":"https:\/\/nativoqueretaro.mx\/"},{"@type":"ListItem","position":2,"name":"Anuncia Secretar\u00eda del Trabajo premio The Fifteen para reconocer a mujeres l\u00edderes"}]},{"@type":"WebSite","@id":"https:\/\/nativoqueretaro.mx\/#website","url":"https:\/\/nativoqueretaro.mx\/","name":"Nativo Quer\u00e9taro","description":"","publisher":{"@id":"https:\/\/nativoqueretaro.mx\/#organization"},"potentialAction":[{"@type":"SearchAction","target":{"@type":"EntryPoint","urlTemplate":"https:\/\/nativoqueretaro.mx\/?s={search_term_string}"},"query-input":{"@type":"PropertyValueSpecification","valueRequired":true,"valueName":"search_term_string"}}],"inLanguage":"es"},{"@type":"Organization","@id":"https:\/\/nativoqueretaro.mx\/#organization","name":"Nativo Quer\u00e9taro","url":"https:\/\/nativoqueretaro.mx\/","logo":{"@type":"ImageObject","inLanguage":"es","@id":"https:\/\/nativoqueretaro.mx\/#\/schema\/logo\/image\/","url":"https:\/\/nativoqueretaro.mx\/wp-content\/uploads\/2025\/01\/NATIVO_QRO_white.svg","contentUrl":"https:\/\/nativoqueretaro.mx\/wp-content\/uploads\/2025\/01\/NATIVO_QRO_white.svg","caption":"Nativo Quer\u00e9taro"},"image":{"@id":"https:\/\/nativoqueretaro.mx\/#\/schema\/logo\/image\/"}},{"@type":"Person","@id":"https:\/\/nativoqueretaro.mx\/#\/schema\/person\/9cb2d9bff62be7a0a4a39066c9eac822","name":"NativoQro","image":{"@type":"ImageObject","inLanguage":"es","@id":"https:\/\/nativoqueretaro.mx\/#\/schema\/person\/image\/","url":"https:\/\/secure.gravatar.com\/avatar\/0574151f0584a2a8056a6d87f37cd6abc6c709a951c8e822eb1ab470a5022bc5?s=96&d=mm&r=g","contentUrl":"https:\/\/secure.gravatar.com\/avatar\/0574151f0584a2a8056a6d87f37cd6abc6c709a951c8e822eb1ab470a5022bc5?s=96&d=mm&r=g","caption":"NativoQro"},"url":"https:\/\/nativoqueretaro.mx\/index.php\/author\/nativoadmin\/"}]}},"_links":{"self":[{"href":"https:\/\/nativoqueretaro.mx\/index.php\/wp-json\/wp\/v2\/posts\/43467","targetHints":{"allow":["GET"]}}],"collection":[{"href":"https:\/\/nativoqueretaro.mx\/index.php\/wp-json\/wp\/v2\/posts"}],"about":[{"href":"https:\/\/nativoqueretaro.mx\/index.php\/wp-json\/wp\/v2\/types\/post"}],"author":[{"embeddable":true,"href":"https:\/\/nativoqueretaro.mx\/index.php\/wp-json\/wp\/v2\/users\/1"}],"replies":[{"embeddable":true,"href":"https:\/\/nativoqueretaro.mx\/index.php\/wp-json\/wp\/v2\/comments?post=43467"}],"version-history":[{"count":1,"href":"https:\/\/nativoqueretaro.mx\/index.php\/wp-json\/wp\/v2\/posts\/43467\/revisions"}],"predecessor-version":[{"id":43469,"href":"https:\/\/nativoqueretaro.mx\/index.php\/wp-json\/wp\/v2\/posts\/43467\/revisions\/43469"}],"wp:featuredmedia":[{"embeddable":true,"href":"https:\/\/nativoqueretaro.mx\/index.php\/wp-json\/wp\/v2\/media\/43468"}],"wp:attachment":[{"href":"https:\/\/nativoqueretaro.mx\/index.php\/wp-json\/wp\/v2\/media?parent=43467"}],"wp:term":[{"taxonomy":"category","embeddable":true,"href":"https:\/\/nativoqueretaro.mx\/index.php\/wp-json\/wp\/v2\/categories?post=43467"},{"taxonomy":"post_tag","embeddable":true,"href":"https:\/\/nativoqueretaro.mx\/index.php\/wp-json\/wp\/v2\/tags?post=43467"}],"curies":[{"name":"wp","href":"https:\/\/api.w.org\/{rel}","templated":true}]}}