{"id":43458,"date":"2026-09-03T21:44:37","date_gmt":"2026-09-03T21:44:37","guid":{"rendered":"https:\/\/nativoqueretaro.mx\/?p=43458"},"modified":"2026-09-03T21:44:37","modified_gmt":"2026-09-03T21:44:37","slug":"encabeza-kuri-entrega-de-uniformes-utiles-escolares-y-aulas-en-primaria-de-corregidora","status":"publish","type":"post","link":"https:\/\/nativoqueretaro.mx\/index.php\/2026\/09\/03\/encabeza-kuri-entrega-de-uniformes-utiles-escolares-y-aulas-en-primaria-de-corregidora\/","title":{"rendered":"Encabeza Kuri entrega de uniformes, \u00fatiles escolares y aulas en primaria de Corregidora"},"content":{"rendered":"<p>Corregidora, Qro., 3 de septiembre de 2026.- Con el prop\u00f3sito de que las ni\u00f1as y ni\u00f1os cuenten con las herramientas y los espacios adecuados para su educaci\u00f3n, el gobernador Mauricio Kuri Gonz\u00e1lez encabez\u00f3 la entrega de uniformes, \u00fatiles escolares y un nuevo m\u00f3dulo de aulas en la escuela primaria Emeterio Gonz\u00e1lez, en La Negreta, acciones que benefician a m\u00e1s de 800 alumnos de los turnos matutino y vespertino.<\/p>\n<p>Ah\u00ed, la coordinadora general de la Comisi\u00f3n Estatal de Infraestructura (CEI), Sonia Carrillo Rosillo, explic\u00f3 que el edificio, de dos niveles, se realiz\u00f3 con una inversi\u00f3n de m\u00e1s de nueve millones de pesos y presenta cuatro aulas did\u00e1cticas, un m\u00f3dulo de ba\u00f1os, rampas, bodega, andadores de conexi\u00f3n y 45 luminarias.<\/p>\n<p>\u201cNuestros ni\u00f1os van a tener mejores espacios cada vez, porque adem\u00e1s tiene los espacios inclusivos y ba\u00f1os para personitas con ciertas discapacidades, tenemos rampas de acceso y estamos modernizando la infraestructura en beneficio, en este caso, de toda La Negreta\u201d, precis\u00f3.<\/p>\n<p>A su vez, la coordinadora general de la Unidad de Servicios para la Educaci\u00f3n B\u00e1sica en el Estado de Quer\u00e9taro (USEBEQ), Irene Quintanar Mej\u00eda, dio a conocer que, a lo largo de cinco a\u00f1os, la administraci\u00f3n encabezada por Kuri Gonz\u00e1lez ha entregado \u00fatiles y uniformes a m\u00e1s de 350 mil ni\u00f1os de preescolar, primaria y secundaria, en los 18 municipios de la entidad, y que en este ejercicio se realiz\u00f3 en las dos mil 114 escuelas del estado.<\/p>\n","protected":false},"excerpt":{"rendered":"<p>Corregidora, Qro., 3 de septiembre de 2026.- Con el prop\u00f3sito de que las ni\u00f1as y ni\u00f1os cuenten con las herramientas y los espacios adecuados para su educaci\u00f3n, el gobernador Mauricio Kuri Gonz\u00e1lez encabez\u00f3 la entrega de uniformes, \u00fatiles escolares y un nuevo m\u00f3dulo de aulas en la escuela primaria Emeterio Gonz\u00e1lez, en La Negreta, acciones [&hellip;]<\/p>\n","protected":false},"author":1,"featured_media":43459,"comment_status":"open","ping_status":"open","sticky":false,"template":"","format":"standard","meta":{"_acf_changed":false,"ocean_post_layout":"","ocean_both_sidebars_style":"","ocean_both_sidebars_content_width":0,"ocean_both_sidebars_sidebars_width":0,"ocean_sidebar":"0","ocean_second_sidebar":"0","ocean_disable_margins":"enable","ocean_add_body_class":"","ocean_shortcode_before_top_bar":"","ocean_shortcode_after_top_bar":"","ocean_shortcode_before_header":"","ocean_shortcode_after_header":"","ocean_has_shortcode":"","ocean_shortcode_after_title":"","ocean_shortcode_before_footer_widgets":"","ocean_shortcode_after_footer_widgets":"","ocean_shortcode_before_footer_bottom":"","ocean_shortcode_after_footer_bottom":"","ocean_display_top_bar":"default","ocean_display_header":"default","ocean_header_style":"","ocean_center_header_left_menu":"0","ocean_custom_header_template":"0","ocean_custom_logo":0,"ocean_custom_retina_logo":0,"ocean_custom_logo_max_width":0,"ocean_custom_logo_tablet_max_width":0,"ocean_custom_logo_mobile_max_width":0,"ocean_custom_logo_max_height":0,"ocean_custom_logo_tablet_max_height":0,"ocean_custom_logo_mobile_max_height":0,"ocean_header_custom_menu":"0","ocean_menu_typo_font_family":"0","ocean_menu_typo_font_subset":"","ocean_menu_typo_font_size":0,"ocean_menu_typo_font_size_tablet":0,"ocean_menu_typo_font_size_mobile":0,"ocean_menu_typo_font_size_unit":"px","ocean_menu_typo_font_weight":"","ocean_menu_typo_font_weight_tablet":"","ocean_menu_typo_font_weight_mobile":"","ocean_menu_typo_transform":"","ocean_menu_typo_transform_tablet":"","ocean_menu_typo_transform_mobile":"","ocean_menu_typo_line_height":0,"ocean_menu_typo_line_height_tablet":0,"ocean_menu_typo_line_height_mobile":0,"ocean_menu_typo_line_height_unit":"","ocean_menu_typo_spacing":0,"ocean_menu_typo_spacing_tablet":0,"ocean_menu_typo_spacing_mobile":0,"ocean_menu_typo_spacing_unit":"","ocean_menu_link_color":"","ocean_menu_link_color_hover":"","ocean_menu_link_color_active":"","ocean_menu_link_background":"","ocean_menu_link_hover_background":"","ocean_menu_link_active_background":"","ocean_menu_social_links_bg":"","ocean_menu_social_hover_links_bg":"","ocean_menu_social_links_color":"","ocean_menu_social_hover_links_color":"","ocean_disable_title":"default","ocean_disable_heading":"default","ocean_post_title":"","ocean_post_subheading":"","ocean_post_title_style":"","ocean_post_title_background_color":"","ocean_post_title_background":0,"ocean_post_title_bg_image_position":"","ocean_post_title_bg_image_attachment":"","ocean_post_title_bg_image_repeat":"","ocean_post_title_bg_image_size":"","ocean_post_title_height":0,"ocean_post_title_bg_overlay":0.5,"ocean_post_title_bg_overlay_color":"","ocean_disable_breadcrumbs":"default","ocean_breadcrumbs_color":"","ocean_breadcrumbs_separator_color":"","ocean_breadcrumbs_links_color":"","ocean_breadcrumbs_links_hover_color":"","ocean_display_footer_widgets":"default","ocean_display_footer_bottom":"default","ocean_custom_footer_template":"0","ocean_post_oembed":"","ocean_post_self_hosted_media":"","ocean_post_video_embed":"","ocean_link_format":"","ocean_link_format_target":"self","ocean_quote_format":"","ocean_quote_format_link":"post","ocean_gallery_link_images":"on","ocean_gallery_id":[],"footnotes":""},"categories":[89],"tags":[],"class_list":["post-43458","post","type-post","status-publish","format-standard","has-post-thumbnail","hentry","category-estado","entry","has-media"],"acf":[],"yoast_head":"<!-- This site is optimized with the Yoast SEO plugin v24.7 - https:\/\/yoast.com\/wordpress\/plugins\/seo\/ -->\n<title>Encabeza Kuri entrega de uniformes, \u00fatiles escolares y aulas en primaria de Corregidora - Nativo Quer\u00e9taro<\/title>\n<meta name=\"robots\" content=\"index, follow, max-snippet:-1, max-image-preview:large, max-video-preview:-1\" \/>\n<link rel=\"canonical\" href=\"https:\/\/nativoqueretaro.mx\/index.php\/2026\/09\/03\/encabeza-kuri-entrega-de-uniformes-utiles-escolares-y-aulas-en-primaria-de-corregidora\/\" \/>\n<meta property=\"og:locale\" content=\"es_MX\" \/>\n<meta property=\"og:type\" content=\"article\" \/>\n<meta property=\"og:title\" content=\"Encabeza Kuri entrega de uniformes, \u00fatiles escolares y aulas en primaria de Corregidora - Nativo Quer\u00e9taro\" \/>\n<meta property=\"og:description\" content=\"Corregidora, Qro., 3 de septiembre de 2026.- Con el prop\u00f3sito de que las ni\u00f1as y ni\u00f1os cuenten con las herramientas y los espacios adecuados para su educaci\u00f3n, el gobernador Mauricio Kuri Gonz\u00e1lez encabez\u00f3 la entrega de uniformes, \u00fatiles escolares y un nuevo m\u00f3dulo de aulas en la escuela primaria Emeterio Gonz\u00e1lez, en La Negreta, acciones [&hellip;]\" \/>\n<meta property=\"og:url\" content=\"https:\/\/nativoqueretaro.mx\/index.php\/2026\/09\/03\/encabeza-kuri-entrega-de-uniformes-utiles-escolares-y-aulas-en-primaria-de-corregidora\/\" \/>\n<meta property=\"og:site_name\" content=\"Nativo Quer\u00e9taro\" \/>\n<meta property=\"article:published_time\" content=\"2026-09-03T21:44:37+00:00\" \/>\n<meta property=\"og:image\" content=\"https:\/\/nativoqueretaro.mx\/wp-content\/uploads\/2026\/09\/Encabeza-Kuri-entrega-de-utiles-escolares.webp\" \/>\n\t<meta property=\"og:image:width\" content=\"852\" \/>\n\t<meta property=\"og:image:height\" content=\"500\" \/>\n\t<meta property=\"og:image:type\" content=\"image\/webp\" \/>\n<meta name=\"author\" content=\"NativoQro\" \/>\n<meta name=\"twitter:card\" content=\"summary_large_image\" \/>\n<meta name=\"twitter:label1\" content=\"Escrito por\" \/>\n\t<meta name=\"twitter:data1\" content=\"NativoQro\" \/>\n\t<meta name=\"twitter:label2\" content=\"Tiempo de lectura\" \/>\n\t<meta name=\"twitter:data2\" content=\"2 minutos\" \/>\n<script type=\"application\/ld+json\" class=\"yoast-schema-graph\">{\"@context\":\"https:\/\/schema.org\",\"@graph\":[{\"@type\":\"Article\",\"@id\":\"https:\/\/nativoqueretaro.mx\/index.php\/2026\/09\/03\/encabeza-kuri-entrega-de-uniformes-utiles-escolares-y-aulas-en-primaria-de-corregidora\/#article\",\"isPartOf\":{\"@id\":\"https:\/\/nativoqueretaro.mx\/index.php\/2026\/09\/03\/encabeza-kuri-entrega-de-uniformes-utiles-escolares-y-aulas-en-primaria-de-corregidora\/\"},\"author\":{\"name\":\"NativoQro\",\"@id\":\"https:\/\/nativoqueretaro.mx\/#\/schema\/person\/9cb2d9bff62be7a0a4a39066c9eac822\"},\"headline\":\"Encabeza Kuri entrega de uniformes, \u00fatiles escolares y aulas en primaria de Corregidora\",\"datePublished\":\"2026-09-03T21:44:37+00:00\",\"mainEntityOfPage\":{\"@id\":\"https:\/\/nativoqueretaro.mx\/index.php\/2026\/09\/03\/encabeza-kuri-entrega-de-uniformes-utiles-escolares-y-aulas-en-primaria-de-corregidora\/\"},\"wordCount\":271,\"commentCount\":0,\"publisher\":{\"@id\":\"https:\/\/nativoqueretaro.mx\/#organization\"},\"image\":{\"@id\":\"https:\/\/nativoqueretaro.mx\/index.php\/2026\/09\/03\/encabeza-kuri-entrega-de-uniformes-utiles-escolares-y-aulas-en-primaria-de-corregidora\/#primaryimage\"},\"thumbnailUrl\":\"https:\/\/nativoqueretaro.mx\/wp-content\/uploads\/2026\/09\/Encabeza-Kuri-entrega-de-utiles-escolares.webp\",\"articleSection\":[\"Estado\"],\"inLanguage\":\"es\",\"potentialAction\":[{\"@type\":\"CommentAction\",\"name\":\"Comment\",\"target\":[\"https:\/\/nativoqueretaro.mx\/index.php\/2026\/09\/03\/encabeza-kuri-entrega-de-uniformes-utiles-escolares-y-aulas-en-primaria-de-corregidora\/#respond\"]}]},{\"@type\":\"WebPage\",\"@id\":\"https:\/\/nativoqueretaro.mx\/index.php\/2026\/09\/03\/encabeza-kuri-entrega-de-uniformes-utiles-escolares-y-aulas-en-primaria-de-corregidora\/\",\"url\":\"https:\/\/nativoqueretaro.mx\/index.php\/2026\/09\/03\/encabeza-kuri-entrega-de-uniformes-utiles-escolares-y-aulas-en-primaria-de-corregidora\/\",\"name\":\"Encabeza Kuri entrega de uniformes, \u00fatiles escolares y aulas en primaria de Corregidora - Nativo Quer\u00e9taro\",\"isPartOf\":{\"@id\":\"https:\/\/nativoqueretaro.mx\/#website\"},\"primaryImageOfPage\":{\"@id\":\"https:\/\/nativoqueretaro.mx\/index.php\/2026\/09\/03\/encabeza-kuri-entrega-de-uniformes-utiles-escolares-y-aulas-en-primaria-de-corregidora\/#primaryimage\"},\"image\":{\"@id\":\"https:\/\/nativoqueretaro.mx\/index.php\/2026\/09\/03\/encabeza-kuri-entrega-de-uniformes-utiles-escolares-y-aulas-en-primaria-de-corregidora\/#primaryimage\"},\"thumbnailUrl\":\"https:\/\/nativoqueretaro.mx\/wp-content\/uploads\/2026\/09\/Encabeza-Kuri-entrega-de-utiles-escolares.webp\",\"datePublished\":\"2026-09-03T21:44:37+00:00\",\"breadcrumb\":{\"@id\":\"https:\/\/nativoqueretaro.mx\/index.php\/2026\/09\/03\/encabeza-kuri-entrega-de-uniformes-utiles-escolares-y-aulas-en-primaria-de-corregidora\/#breadcrumb\"},\"inLanguage\":\"es\",\"potentialAction\":[{\"@type\":\"ReadAction\",\"target\":[\"https:\/\/nativoqueretaro.mx\/index.php\/2026\/09\/03\/encabeza-kuri-entrega-de-uniformes-utiles-escolares-y-aulas-en-primaria-de-corregidora\/\"]}]},{\"@type\":\"ImageObject\",\"inLanguage\":\"es\",\"@id\":\"https:\/\/nativoqueretaro.mx\/index.php\/2026\/09\/03\/encabeza-kuri-entrega-de-uniformes-utiles-escolares-y-aulas-en-primaria-de-corregidora\/#primaryimage\",\"url\":\"https:\/\/nativoqueretaro.mx\/wp-content\/uploads\/2026\/09\/Encabeza-Kuri-entrega-de-utiles-escolares.webp\",\"contentUrl\":\"https:\/\/nativoqueretaro.mx\/wp-content\/uploads\/2026\/09\/Encabeza-Kuri-entrega-de-utiles-escolares.webp\",\"width\":852,\"height\":500},{\"@type\":\"BreadcrumbList\",\"@id\":\"https:\/\/nativoqueretaro.mx\/index.php\/2026\/09\/03\/encabeza-kuri-entrega-de-uniformes-utiles-escolares-y-aulas-en-primaria-de-corregidora\/#breadcrumb\",\"itemListElement\":[{\"@type\":\"ListItem\",\"position\":1,\"name\":\"Home\",\"item\":\"https:\/\/nativoqueretaro.mx\/\"},{\"@type\":\"ListItem\",\"position\":2,\"name\":\"Encabeza Kuri entrega de uniformes, \u00fatiles escolares y aulas en primaria de Corregidora\"}]},{\"@type\":\"WebSite\",\"@id\":\"https:\/\/nativoqueretaro.mx\/#website\",\"url\":\"https:\/\/nativoqueretaro.mx\/\",\"name\":\"Nativo Quer\u00e9taro\",\"description\":\"\",\"publisher\":{\"@id\":\"https:\/\/nativoqueretaro.mx\/#organization\"},\"potentialAction\":[{\"@type\":\"SearchAction\",\"target\":{\"@type\":\"EntryPoint\",\"urlTemplate\":\"https:\/\/nativoqueretaro.mx\/?s={search_term_string}\"},\"query-input\":{\"@type\":\"PropertyValueSpecification\",\"valueRequired\":true,\"valueName\":\"search_term_string\"}}],\"inLanguage\":\"es\"},{\"@type\":\"Organization\",\"@id\":\"https:\/\/nativoqueretaro.mx\/#organization\",\"name\":\"Nativo Quer\u00e9taro\",\"url\":\"https:\/\/nativoqueretaro.mx\/\",\"logo\":{\"@type\":\"ImageObject\",\"inLanguage\":\"es\",\"@id\":\"https:\/\/nativoqueretaro.mx\/#\/schema\/logo\/image\/\",\"url\":\"https:\/\/nativoqueretaro.mx\/wp-content\/uploads\/2025\/01\/NATIVO_QRO_white.svg\",\"contentUrl\":\"https:\/\/nativoqueretaro.mx\/wp-content\/uploads\/2025\/01\/NATIVO_QRO_white.svg\",\"caption\":\"Nativo Quer\u00e9taro\"},\"image\":{\"@id\":\"https:\/\/nativoqueretaro.mx\/#\/schema\/logo\/image\/\"}},{\"@type\":\"Person\",\"@id\":\"https:\/\/nativoqueretaro.mx\/#\/schema\/person\/9cb2d9bff62be7a0a4a39066c9eac822\",\"name\":\"NativoQro\",\"image\":{\"@type\":\"ImageObject\",\"inLanguage\":\"es\",\"@id\":\"https:\/\/nativoqueretaro.mx\/#\/schema\/person\/image\/\",\"url\":\"https:\/\/secure.gravatar.com\/avatar\/0574151f0584a2a8056a6d87f37cd6abc6c709a951c8e822eb1ab470a5022bc5?s=96&d=mm&r=g\",\"contentUrl\":\"https:\/\/secure.gravatar.com\/avatar\/0574151f0584a2a8056a6d87f37cd6abc6c709a951c8e822eb1ab470a5022bc5?s=96&d=mm&r=g\",\"caption\":\"NativoQro\"},\"url\":\"https:\/\/nativoqueretaro.mx\/index.php\/author\/nativoadmin\/\"}]}<\/script>\n<!-- \/ Yoast SEO plugin. -->","yoast_head_json":{"title":"Encabeza Kuri entrega de uniformes, \u00fatiles escolares y aulas en primaria de Corregidora - Nativo Quer\u00e9taro","robots":{"index":"index","follow":"follow","max-snippet":"max-snippet:-1","max-image-preview":"max-image-preview:large","max-video-preview":"max-video-preview:-1"},"canonical":"https:\/\/nativoqueretaro.mx\/index.php\/2026\/09\/03\/encabeza-kuri-entrega-de-uniformes-utiles-escolares-y-aulas-en-primaria-de-corregidora\/","og_locale":"es_MX","og_type":"article","og_title":"Encabeza Kuri entrega de uniformes, \u00fatiles escolares y aulas en primaria de Corregidora - Nativo Quer\u00e9taro","og_description":"Corregidora, Qro., 3 de septiembre de 2026.- Con el prop\u00f3sito de que las ni\u00f1as y ni\u00f1os cuenten con las herramientas y los espacios adecuados para su educaci\u00f3n, el gobernador Mauricio Kuri Gonz\u00e1lez encabez\u00f3 la entrega de uniformes, \u00fatiles escolares y un nuevo m\u00f3dulo de aulas en la escuela primaria Emeterio Gonz\u00e1lez, en La Negreta, acciones [&hellip;]","og_url":"https:\/\/nativoqueretaro.mx\/index.php\/2026\/09\/03\/encabeza-kuri-entrega-de-uniformes-utiles-escolares-y-aulas-en-primaria-de-corregidora\/","og_site_name":"Nativo Quer\u00e9taro","article_published_time":"2026-09-03T21:44:37+00:00","og_image":[{"width":852,"height":500,"url":"https:\/\/nativoqueretaro.mx\/wp-content\/uploads\/2026\/09\/Encabeza-Kuri-entrega-de-utiles-escolares.webp","type":"image\/webp"}],"author":"NativoQro","twitter_card":"summary_large_image","twitter_misc":{"Escrito por":"NativoQro","Tiempo de lectura":"2 minutos"},"schema":{"@context":"https:\/\/schema.org","@graph":[{"@type":"Article","@id":"https:\/\/nativoqueretaro.mx\/index.php\/2026\/09\/03\/encabeza-kuri-entrega-de-uniformes-utiles-escolares-y-aulas-en-primaria-de-corregidora\/#article","isPartOf":{"@id":"https:\/\/nativoqueretaro.mx\/index.php\/2026\/09\/03\/encabeza-kuri-entrega-de-uniformes-utiles-escolares-y-aulas-en-primaria-de-corregidora\/"},"author":{"name":"NativoQro","@id":"https:\/\/nativoqueretaro.mx\/#\/schema\/person\/9cb2d9bff62be7a0a4a39066c9eac822"},"headline":"Encabeza Kuri entrega de uniformes, \u00fatiles escolares y aulas en primaria de Corregidora","datePublished":"2026-09-03T21:44:37+00:00","mainEntityOfPage":{"@id":"https:\/\/nativoqueretaro.mx\/index.php\/2026\/09\/03\/encabeza-kuri-entrega-de-uniformes-utiles-escolares-y-aulas-en-primaria-de-corregidora\/"},"wordCount":271,"commentCount":0,"publisher":{"@id":"https:\/\/nativoqueretaro.mx\/#organization"},"image":{"@id":"https:\/\/nativoqueretaro.mx\/index.php\/2026\/09\/03\/encabeza-kuri-entrega-de-uniformes-utiles-escolares-y-aulas-en-primaria-de-corregidora\/#primaryimage"},"thumbnailUrl":"https:\/\/nativoqueretaro.mx\/wp-content\/uploads\/2026\/09\/Encabeza-Kuri-entrega-de-utiles-escolares.webp","articleSection":["Estado"],"inLanguage":"es","potentialAction":[{"@type":"CommentAction","name":"Comment","target":["https:\/\/nativoqueretaro.mx\/index.php\/2026\/09\/03\/encabeza-kuri-entrega-de-uniformes-utiles-escolares-y-aulas-en-primaria-de-corregidora\/#respond"]}]},{"@type":"WebPage","@id":"https:\/\/nativoqueretaro.mx\/index.php\/2026\/09\/03\/encabeza-kuri-entrega-de-uniformes-utiles-escolares-y-aulas-en-primaria-de-corregidora\/","url":"https:\/\/nativoqueretaro.mx\/index.php\/2026\/09\/03\/encabeza-kuri-entrega-de-uniformes-utiles-escolares-y-aulas-en-primaria-de-corregidora\/","name":"Encabeza Kuri entrega de uniformes, \u00fatiles escolares y aulas en primaria de Corregidora - Nativo Quer\u00e9taro","isPartOf":{"@id":"https:\/\/nativoqueretaro.mx\/#website"},"primaryImageOfPage":{"@id":"https:\/\/nativoqueretaro.mx\/index.php\/2026\/09\/03\/encabeza-kuri-entrega-de-uniformes-utiles-escolares-y-aulas-en-primaria-de-corregidora\/#primaryimage"},"image":{"@id":"https:\/\/nativoqueretaro.mx\/index.php\/2026\/09\/03\/encabeza-kuri-entrega-de-uniformes-utiles-escolares-y-aulas-en-primaria-de-corregidora\/#primaryimage"},"thumbnailUrl":"https:\/\/nativoqueretaro.mx\/wp-content\/uploads\/2026\/09\/Encabeza-Kuri-entrega-de-utiles-escolares.webp","datePublished":"2026-09-03T21:44:37+00:00","breadcrumb":{"@id":"https:\/\/nativoqueretaro.mx\/index.php\/2026\/09\/03\/encabeza-kuri-entrega-de-uniformes-utiles-escolares-y-aulas-en-primaria-de-corregidora\/#breadcrumb"},"inLanguage":"es","potentialAction":[{"@type":"ReadAction","target":["https:\/\/nativoqueretaro.mx\/index.php\/2026\/09\/03\/encabeza-kuri-entrega-de-uniformes-utiles-escolares-y-aulas-en-primaria-de-corregidora\/"]}]},{"@type":"ImageObject","inLanguage":"es","@id":"https:\/\/nativoqueretaro.mx\/index.php\/2026\/09\/03\/encabeza-kuri-entrega-de-uniformes-utiles-escolares-y-aulas-en-primaria-de-corregidora\/#primaryimage","url":"https:\/\/nativoqueretaro.mx\/wp-content\/uploads\/2026\/09\/Encabeza-Kuri-entrega-de-utiles-escolares.webp","contentUrl":"https:\/\/nativoqueretaro.mx\/wp-content\/uploads\/2026\/09\/Encabeza-Kuri-entrega-de-utiles-escolares.webp","width":852,"height":500},{"@type":"BreadcrumbList","@id":"https:\/\/nativoqueretaro.mx\/index.php\/2026\/09\/03\/encabeza-kuri-entrega-de-uniformes-utiles-escolares-y-aulas-en-primaria-de-corregidora\/#breadcrumb","itemListElement":[{"@type":"ListItem","position":1,"name":"Home","item":"https:\/\/nativoqueretaro.mx\/"},{"@type":"ListItem","position":2,"name":"Encabeza Kuri entrega de uniformes, \u00fatiles escolares y aulas en primaria de Corregidora"}]},{"@type":"WebSite","@id":"https:\/\/nativoqueretaro.mx\/#website","url":"https:\/\/nativoqueretaro.mx\/","name":"Nativo Quer\u00e9taro","description":"","publisher":{"@id":"https:\/\/nativoqueretaro.mx\/#organization"},"potentialAction":[{"@type":"SearchAction","target":{"@type":"EntryPoint","urlTemplate":"https:\/\/nativoqueretaro.mx\/?s={search_term_string}"},"query-input":{"@type":"PropertyValueSpecification","valueRequired":true,"valueName":"search_term_string"}}],"inLanguage":"es"},{"@type":"Organization","@id":"https:\/\/nativoqueretaro.mx\/#organization","name":"Nativo Quer\u00e9taro","url":"https:\/\/nativoqueretaro.mx\/","logo":{"@type":"ImageObject","inLanguage":"es","@id":"https:\/\/nativoqueretaro.mx\/#\/schema\/logo\/image\/","url":"https:\/\/nativoqueretaro.mx\/wp-content\/uploads\/2025\/01\/NATIVO_QRO_white.svg","contentUrl":"https:\/\/nativoqueretaro.mx\/wp-content\/uploads\/2025\/01\/NATIVO_QRO_white.svg","caption":"Nativo Quer\u00e9taro"},"image":{"@id":"https:\/\/nativoqueretaro.mx\/#\/schema\/logo\/image\/"}},{"@type":"Person","@id":"https:\/\/nativoqueretaro.mx\/#\/schema\/person\/9cb2d9bff62be7a0a4a39066c9eac822","name":"NativoQro","image":{"@type":"ImageObject","inLanguage":"es","@id":"https:\/\/nativoqueretaro.mx\/#\/schema\/person\/image\/","url":"https:\/\/secure.gravatar.com\/avatar\/0574151f0584a2a8056a6d87f37cd6abc6c709a951c8e822eb1ab470a5022bc5?s=96&d=mm&r=g","contentUrl":"https:\/\/secure.gravatar.com\/avatar\/0574151f0584a2a8056a6d87f37cd6abc6c709a951c8e822eb1ab470a5022bc5?s=96&d=mm&r=g","caption":"NativoQro"},"url":"https:\/\/nativoqueretaro.mx\/index.php\/author\/nativoadmin\/"}]}},"_links":{"self":[{"href":"https:\/\/nativoqueretaro.mx\/index.php\/wp-json\/wp\/v2\/posts\/43458","targetHints":{"allow":["GET"]}}],"collection":[{"href":"https:\/\/nativoqueretaro.mx\/index.php\/wp-json\/wp\/v2\/posts"}],"about":[{"href":"https:\/\/nativoqueretaro.mx\/index.php\/wp-json\/wp\/v2\/types\/post"}],"author":[{"embeddable":true,"href":"https:\/\/nativoqueretaro.mx\/index.php\/wp-json\/wp\/v2\/users\/1"}],"replies":[{"embeddable":true,"href":"https:\/\/nativoqueretaro.mx\/index.php\/wp-json\/wp\/v2\/comments?post=43458"}],"version-history":[{"count":1,"href":"https:\/\/nativoqueretaro.mx\/index.php\/wp-json\/wp\/v2\/posts\/43458\/revisions"}],"predecessor-version":[{"id":43460,"href":"https:\/\/nativoqueretaro.mx\/index.php\/wp-json\/wp\/v2\/posts\/43458\/revisions\/43460"}],"wp:featuredmedia":[{"embeddable":true,"href":"https:\/\/nativoqueretaro.mx\/index.php\/wp-json\/wp\/v2\/media\/43459"}],"wp:attachment":[{"href":"https:\/\/nativoqueretaro.mx\/index.php\/wp-json\/wp\/v2\/media?parent=43458"}],"wp:term":[{"taxonomy":"category","embeddable":true,"href":"https:\/\/nativoqueretaro.mx\/index.php\/wp-json\/wp\/v2\/categories?post=43458"},{"taxonomy":"post_tag","embeddable":true,"href":"https:\/\/nativoqueretaro.mx\/index.php\/wp-json\/wp\/v2\/tags?post=43458"}],"curies":[{"name":"wp","href":"https:\/\/api.w.org\/{rel}","templated":true}]}}