{"id":43440,"date":"2026-09-02T17:05:18","date_gmt":"2026-09-02T17:05:18","guid":{"rendered":"https:\/\/nativoqueretaro.mx\/?p=43440"},"modified":"2026-09-02T17:05:18","modified_gmt":"2026-09-02T17:05:18","slug":"arranco-convocatoria-para-transporte-escolar-y-universitario-del-municipio-de-queretaro","status":"publish","type":"post","link":"https:\/\/nativoqueretaro.mx\/index.php\/2026\/09\/02\/arranco-convocatoria-para-transporte-escolar-y-universitario-del-municipio-de-queretaro\/","title":{"rendered":"Arranc\u00f3 convocatoria para Transporte Escolar y Universitario del municipio de Quer\u00e9taro"},"content":{"rendered":"<p>Quer\u00e9taro, Qro., 2 de septiembre de 2026.- El alcalde de Quer\u00e9taro, Felifer Mac\u00edas, anunci\u00f3 la apertura de inscripciones a los programas de Transporte Escolar Gratuito y Transporte Universitario, los cuales apoyan la econom\u00eda de las familias queretanas, facilitan la movilidad estudiantil y contribuyen a la permanencia escolar mediante traslados seguros y sin costo.<\/p>\n<p>Mac\u00edas visit\u00f3 el patio de maniobras del Transporte Escolar Gratuito, desde donde las unidades salen a sus rutas, y acompa\u00f1\u00f3 a uno de los equipos que brinda este servicio. Ah\u00ed convivi\u00f3 con operadores y asistentes, quienes compartieron su experiencia y destacaron la satisfacci\u00f3n de contribuir al desarrollo de las y los estudiantes.<\/p>\n<p>El Transporte Escolar Gratuito est\u00e1 dirigido a estudiantes de 4\u00b0, 5\u00b0 y 6\u00b0 de primaria, as\u00ed como de 1\u00b0, 2\u00b0 y 3\u00b0 de secundaria, mientras que el Transporte Universitario est\u00e1 destinado a alumnas y alumnos de instituciones educativas de nivel superior.<\/p>\n<p class=\"wp-block-paragraph\">La convocatoria contempla dos etapas: del 1 al 30 de septiembre estar\u00e1 abierta para el refrendo de alumnas y alumnos de 5\u00b0 y 6\u00b0 de primaria, 2\u00b0 y 3\u00b0 de secundaria y de 2\u00b0 semestre en adelante de universidad, as\u00ed como para la inscripci\u00f3n de estudiantes que ingresan a 4\u00b0 de primaria, 1\u00b0 de secundaria y 1\u00b0 de universidad. Posteriormente, del 1 al 30 de octubre, continuar\u00e1 abierta la convocatoria para estudiantes de 4\u00b0 de primaria en adelante.<\/p>\n<p>El registro deber\u00e1 realizarse a trav\u00e9s de la plataforma\u00a0<a href=\"https:\/\/busmunicipal.municipiodequeretaro.gob.mx\/\" target=\"_blank\" rel=\"noreferrer noopener\">busmunicipal.municipiodequeretaro.gob.mx<\/a>, para lo cual las y los aspirantes deber\u00e1n contar con documentaci\u00f3n digital y tarjeta de Qrob\u00fas. Entre los requisitos se encuentran: comprobante de domicilio con no m\u00e1s de 2 meses de haber sido emitido; CURP; identificaci\u00f3n oficial del padre, madre o tutor, en caso de que la beneficiaria o el beneficiario sea menor de edad; constancia de estudios; y tarjeta de Qrob\u00fas vinculada a la app del sistema de transporte.<\/p>\n<p>Para iniciar el procedimiento, se deber\u00e1 crear una cuenta en la plataforma y luego generar el perfil de la alumna o alumno. Una vez realizado este paso, se deber\u00e1 ingresar al m\u00f3dulo correspondiente a Transporte Escolar Gratuito o Transporte Universitario y continuar con el proceso de inscripci\u00f3n.<\/p>\n<p>Estos programas permiten a las y los estudiantes realizar traslados sin costo desde su domicilio hasta su instituci\u00f3n educativa y de regreso a casa. Adem\u00e1s, brindan acceso gratuito al resto de las modalidades del Sistema Integral de Transporte del Municipio de Quer\u00e9taro y permiten realizar transbordos gratuitos en Qrob\u00fas.<\/p>\n<p class=\"wp-block-paragraph\">Durante el ciclo escolar 2025-2026, el Transporte Escolar Gratuito y el Transporte Universitario cerraron con m\u00e1s de 2 mil 300 estudiantes inscritos, quienes recibieron el servicio a trav\u00e9s de 47 rutas. En ese periodo se contabilizaron cerca de un mill\u00f3n 123 mil traslados, lo que represent\u00f3 un ahorro de 12 millones 352 mil pesos para las familias beneficiarias.<\/p>\n<p>Para resolver dudas o recibir orientaci\u00f3n sobre el proceso de inscripci\u00f3n, las personas interesadas pueden comunicarse al 070 o al 442 238 7700, extensiones 7903, 7915, 7921 y 7922.<\/p>\n","protected":false},"excerpt":{"rendered":"<p>Quer\u00e9taro, Qro., 2 de septiembre de 2026.- El alcalde de Quer\u00e9taro, Felifer Mac\u00edas, anunci\u00f3 la apertura de inscripciones a los programas de Transporte Escolar Gratuito y Transporte Universitario, los cuales apoyan la econom\u00eda de las familias queretanas, facilitan la movilidad estudiantil y contribuyen a la permanencia escolar mediante traslados seguros y sin costo. Mac\u00edas visit\u00f3 [&hellip;]<\/p>\n","protected":false},"author":1,"featured_media":43441,"comment_status":"open","ping_status":"open","sticky":false,"template":"","format":"standard","meta":{"_acf_changed":false,"ocean_post_layout":"","ocean_both_sidebars_style":"","ocean_both_sidebars_content_width":0,"ocean_both_sidebars_sidebars_width":0,"ocean_sidebar":"0","ocean_second_sidebar":"0","ocean_disable_margins":"enable","ocean_add_body_class":"","ocean_shortcode_before_top_bar":"","ocean_shortcode_after_top_bar":"","ocean_shortcode_before_header":"","ocean_shortcode_after_header":"","ocean_has_shortcode":"","ocean_shortcode_after_title":"","ocean_shortcode_before_footer_widgets":"","ocean_shortcode_after_footer_widgets":"","ocean_shortcode_before_footer_bottom":"","ocean_shortcode_after_footer_bottom":"","ocean_display_top_bar":"default","ocean_display_header":"default","ocean_header_style":"","ocean_center_header_left_menu":"0","ocean_custom_header_template":"0","ocean_custom_logo":0,"ocean_custom_retina_logo":0,"ocean_custom_logo_max_width":0,"ocean_custom_logo_tablet_max_width":0,"ocean_custom_logo_mobile_max_width":0,"ocean_custom_logo_max_height":0,"ocean_custom_logo_tablet_max_height":0,"ocean_custom_logo_mobile_max_height":0,"ocean_header_custom_menu":"0","ocean_menu_typo_font_family":"0","ocean_menu_typo_font_subset":"","ocean_menu_typo_font_size":0,"ocean_menu_typo_font_size_tablet":0,"ocean_menu_typo_font_size_mobile":0,"ocean_menu_typo_font_size_unit":"px","ocean_menu_typo_font_weight":"","ocean_menu_typo_font_weight_tablet":"","ocean_menu_typo_font_weight_mobile":"","ocean_menu_typo_transform":"","ocean_menu_typo_transform_tablet":"","ocean_menu_typo_transform_mobile":"","ocean_menu_typo_line_height":0,"ocean_menu_typo_line_height_tablet":0,"ocean_menu_typo_line_height_mobile":0,"ocean_menu_typo_line_height_unit":"","ocean_menu_typo_spacing":0,"ocean_menu_typo_spacing_tablet":0,"ocean_menu_typo_spacing_mobile":0,"ocean_menu_typo_spacing_unit":"","ocean_menu_link_color":"","ocean_menu_link_color_hover":"","ocean_menu_link_color_active":"","ocean_menu_link_background":"","ocean_menu_link_hover_background":"","ocean_menu_link_active_background":"","ocean_menu_social_links_bg":"","ocean_menu_social_hover_links_bg":"","ocean_menu_social_links_color":"","ocean_menu_social_hover_links_color":"","ocean_disable_title":"default","ocean_disable_heading":"default","ocean_post_title":"","ocean_post_subheading":"","ocean_post_title_style":"","ocean_post_title_background_color":"","ocean_post_title_background":0,"ocean_post_title_bg_image_position":"","ocean_post_title_bg_image_attachment":"","ocean_post_title_bg_image_repeat":"","ocean_post_title_bg_image_size":"","ocean_post_title_height":0,"ocean_post_title_bg_overlay":0.5,"ocean_post_title_bg_overlay_color":"","ocean_disable_breadcrumbs":"default","ocean_breadcrumbs_color":"","ocean_breadcrumbs_separator_color":"","ocean_breadcrumbs_links_color":"","ocean_breadcrumbs_links_hover_color":"","ocean_display_footer_widgets":"default","ocean_display_footer_bottom":"default","ocean_custom_footer_template":"0","ocean_post_oembed":"","ocean_post_self_hosted_media":"","ocean_post_video_embed":"","ocean_link_format":"","ocean_link_format_target":"self","ocean_quote_format":"","ocean_quote_format_link":"post","ocean_gallery_link_images":"on","ocean_gallery_id":[],"footnotes":""},"categories":[6],"tags":[],"class_list":["post-43440","post","type-post","status-publish","format-standard","has-post-thumbnail","hentry","category-queretaro-capital-e-industria","entry","has-media"],"acf":[],"yoast_head":"<!-- This site is optimized with the Yoast SEO plugin v24.7 - https:\/\/yoast.com\/wordpress\/plugins\/seo\/ -->\n<title>Arranc\u00f3 convocatoria para Transporte Escolar y Universitario del municipio de Quer\u00e9taro - Nativo Quer\u00e9taro<\/title>\n<meta name=\"robots\" content=\"index, follow, max-snippet:-1, max-image-preview:large, max-video-preview:-1\" \/>\n<link rel=\"canonical\" href=\"https:\/\/nativoqueretaro.mx\/index.php\/2026\/09\/02\/arranco-convocatoria-para-transporte-escolar-y-universitario-del-municipio-de-queretaro\/\" \/>\n<meta property=\"og:locale\" content=\"es_MX\" \/>\n<meta property=\"og:type\" content=\"article\" \/>\n<meta property=\"og:title\" content=\"Arranc\u00f3 convocatoria para Transporte Escolar y Universitario del municipio de Quer\u00e9taro - Nativo Quer\u00e9taro\" \/>\n<meta property=\"og:description\" content=\"Quer\u00e9taro, Qro., 2 de septiembre de 2026.- El alcalde de Quer\u00e9taro, Felifer Mac\u00edas, anunci\u00f3 la apertura de inscripciones a los programas de Transporte Escolar Gratuito y Transporte Universitario, los cuales apoyan la econom\u00eda de las familias queretanas, facilitan la movilidad estudiantil y contribuyen a la permanencia escolar mediante traslados seguros y sin costo. Mac\u00edas visit\u00f3 [&hellip;]\" \/>\n<meta property=\"og:url\" content=\"https:\/\/nativoqueretaro.mx\/index.php\/2026\/09\/02\/arranco-convocatoria-para-transporte-escolar-y-universitario-del-municipio-de-queretaro\/\" \/>\n<meta property=\"og:site_name\" content=\"Nativo Quer\u00e9taro\" \/>\n<meta property=\"article:published_time\" content=\"2026-09-02T17:05:18+00:00\" \/>\n<meta property=\"og:image\" content=\"https:\/\/nativoqueretaro.mx\/wp-content\/uploads\/2026\/09\/Arranca-convocatoria-transporte-gratuito.webp\" \/>\n\t<meta property=\"og:image:width\" content=\"768\" \/>\n\t<meta property=\"og:image:height\" content=\"576\" \/>\n\t<meta property=\"og:image:type\" content=\"image\/webp\" \/>\n<meta name=\"author\" content=\"NativoQro\" \/>\n<meta name=\"twitter:card\" content=\"summary_large_image\" \/>\n<meta name=\"twitter:label1\" content=\"Escrito por\" \/>\n\t<meta name=\"twitter:data1\" content=\"NativoQro\" \/>\n\t<meta name=\"twitter:label2\" content=\"Tiempo de lectura\" \/>\n\t<meta name=\"twitter:data2\" content=\"3 minutos\" \/>\n<script type=\"application\/ld+json\" class=\"yoast-schema-graph\">{\"@context\":\"https:\/\/schema.org\",\"@graph\":[{\"@type\":\"Article\",\"@id\":\"https:\/\/nativoqueretaro.mx\/index.php\/2026\/09\/02\/arranco-convocatoria-para-transporte-escolar-y-universitario-del-municipio-de-queretaro\/#article\",\"isPartOf\":{\"@id\":\"https:\/\/nativoqueretaro.mx\/index.php\/2026\/09\/02\/arranco-convocatoria-para-transporte-escolar-y-universitario-del-municipio-de-queretaro\/\"},\"author\":{\"name\":\"NativoQro\",\"@id\":\"https:\/\/nativoqueretaro.mx\/#\/schema\/person\/9cb2d9bff62be7a0a4a39066c9eac822\"},\"headline\":\"Arranc\u00f3 convocatoria para Transporte Escolar y Universitario del municipio de Quer\u00e9taro\",\"datePublished\":\"2026-09-02T17:05:18+00:00\",\"mainEntityOfPage\":{\"@id\":\"https:\/\/nativoqueretaro.mx\/index.php\/2026\/09\/02\/arranco-convocatoria-para-transporte-escolar-y-universitario-del-municipio-de-queretaro\/\"},\"wordCount\":492,\"commentCount\":0,\"publisher\":{\"@id\":\"https:\/\/nativoqueretaro.mx\/#organization\"},\"image\":{\"@id\":\"https:\/\/nativoqueretaro.mx\/index.php\/2026\/09\/02\/arranco-convocatoria-para-transporte-escolar-y-universitario-del-municipio-de-queretaro\/#primaryimage\"},\"thumbnailUrl\":\"https:\/\/nativoqueretaro.mx\/wp-content\/uploads\/2026\/09\/Arranca-convocatoria-transporte-gratuito.webp\",\"articleSection\":[\"Quer\u00e9taro Capital e Industria\"],\"inLanguage\":\"es\",\"potentialAction\":[{\"@type\":\"CommentAction\",\"name\":\"Comment\",\"target\":[\"https:\/\/nativoqueretaro.mx\/index.php\/2026\/09\/02\/arranco-convocatoria-para-transporte-escolar-y-universitario-del-municipio-de-queretaro\/#respond\"]}]},{\"@type\":\"WebPage\",\"@id\":\"https:\/\/nativoqueretaro.mx\/index.php\/2026\/09\/02\/arranco-convocatoria-para-transporte-escolar-y-universitario-del-municipio-de-queretaro\/\",\"url\":\"https:\/\/nativoqueretaro.mx\/index.php\/2026\/09\/02\/arranco-convocatoria-para-transporte-escolar-y-universitario-del-municipio-de-queretaro\/\",\"name\":\"Arranc\u00f3 convocatoria para Transporte Escolar y Universitario del municipio de Quer\u00e9taro - Nativo Quer\u00e9taro\",\"isPartOf\":{\"@id\":\"https:\/\/nativoqueretaro.mx\/#website\"},\"primaryImageOfPage\":{\"@id\":\"https:\/\/nativoqueretaro.mx\/index.php\/2026\/09\/02\/arranco-convocatoria-para-transporte-escolar-y-universitario-del-municipio-de-queretaro\/#primaryimage\"},\"image\":{\"@id\":\"https:\/\/nativoqueretaro.mx\/index.php\/2026\/09\/02\/arranco-convocatoria-para-transporte-escolar-y-universitario-del-municipio-de-queretaro\/#primaryimage\"},\"thumbnailUrl\":\"https:\/\/nativoqueretaro.mx\/wp-content\/uploads\/2026\/09\/Arranca-convocatoria-transporte-gratuito.webp\",\"datePublished\":\"2026-09-02T17:05:18+00:00\",\"breadcrumb\":{\"@id\":\"https:\/\/nativoqueretaro.mx\/index.php\/2026\/09\/02\/arranco-convocatoria-para-transporte-escolar-y-universitario-del-municipio-de-queretaro\/#breadcrumb\"},\"inLanguage\":\"es\",\"potentialAction\":[{\"@type\":\"ReadAction\",\"target\":[\"https:\/\/nativoqueretaro.mx\/index.php\/2026\/09\/02\/arranco-convocatoria-para-transporte-escolar-y-universitario-del-municipio-de-queretaro\/\"]}]},{\"@type\":\"ImageObject\",\"inLanguage\":\"es\",\"@id\":\"https:\/\/nativoqueretaro.mx\/index.php\/2026\/09\/02\/arranco-convocatoria-para-transporte-escolar-y-universitario-del-municipio-de-queretaro\/#primaryimage\",\"url\":\"https:\/\/nativoqueretaro.mx\/wp-content\/uploads\/2026\/09\/Arranca-convocatoria-transporte-gratuito.webp\",\"contentUrl\":\"https:\/\/nativoqueretaro.mx\/wp-content\/uploads\/2026\/09\/Arranca-convocatoria-transporte-gratuito.webp\",\"width\":768,\"height\":576},{\"@type\":\"BreadcrumbList\",\"@id\":\"https:\/\/nativoqueretaro.mx\/index.php\/2026\/09\/02\/arranco-convocatoria-para-transporte-escolar-y-universitario-del-municipio-de-queretaro\/#breadcrumb\",\"itemListElement\":[{\"@type\":\"ListItem\",\"position\":1,\"name\":\"Home\",\"item\":\"https:\/\/nativoqueretaro.mx\/\"},{\"@type\":\"ListItem\",\"position\":2,\"name\":\"Arranc\u00f3 convocatoria para Transporte Escolar y Universitario del municipio de Quer\u00e9taro\"}]},{\"@type\":\"WebSite\",\"@id\":\"https:\/\/nativoqueretaro.mx\/#website\",\"url\":\"https:\/\/nativoqueretaro.mx\/\",\"name\":\"Nativo Quer\u00e9taro\",\"description\":\"\",\"publisher\":{\"@id\":\"https:\/\/nativoqueretaro.mx\/#organization\"},\"potentialAction\":[{\"@type\":\"SearchAction\",\"target\":{\"@type\":\"EntryPoint\",\"urlTemplate\":\"https:\/\/nativoqueretaro.mx\/?s={search_term_string}\"},\"query-input\":{\"@type\":\"PropertyValueSpecification\",\"valueRequired\":true,\"valueName\":\"search_term_string\"}}],\"inLanguage\":\"es\"},{\"@type\":\"Organization\",\"@id\":\"https:\/\/nativoqueretaro.mx\/#organization\",\"name\":\"Nativo Quer\u00e9taro\",\"url\":\"https:\/\/nativoqueretaro.mx\/\",\"logo\":{\"@type\":\"ImageObject\",\"inLanguage\":\"es\",\"@id\":\"https:\/\/nativoqueretaro.mx\/#\/schema\/logo\/image\/\",\"url\":\"https:\/\/nativoqueretaro.mx\/wp-content\/uploads\/2025\/01\/NATIVO_QRO_white.svg\",\"contentUrl\":\"https:\/\/nativoqueretaro.mx\/wp-content\/uploads\/2025\/01\/NATIVO_QRO_white.svg\",\"caption\":\"Nativo Quer\u00e9taro\"},\"image\":{\"@id\":\"https:\/\/nativoqueretaro.mx\/#\/schema\/logo\/image\/\"}},{\"@type\":\"Person\",\"@id\":\"https:\/\/nativoqueretaro.mx\/#\/schema\/person\/9cb2d9bff62be7a0a4a39066c9eac822\",\"name\":\"NativoQro\",\"image\":{\"@type\":\"ImageObject\",\"inLanguage\":\"es\",\"@id\":\"https:\/\/nativoqueretaro.mx\/#\/schema\/person\/image\/\",\"url\":\"https:\/\/secure.gravatar.com\/avatar\/0574151f0584a2a8056a6d87f37cd6abc6c709a951c8e822eb1ab470a5022bc5?s=96&d=mm&r=g\",\"contentUrl\":\"https:\/\/secure.gravatar.com\/avatar\/0574151f0584a2a8056a6d87f37cd6abc6c709a951c8e822eb1ab470a5022bc5?s=96&d=mm&r=g\",\"caption\":\"NativoQro\"},\"url\":\"https:\/\/nativoqueretaro.mx\/index.php\/author\/nativoadmin\/\"}]}<\/script>\n<!-- \/ Yoast SEO plugin. -->","yoast_head_json":{"title":"Arranc\u00f3 convocatoria para Transporte Escolar y Universitario del municipio de Quer\u00e9taro - Nativo Quer\u00e9taro","robots":{"index":"index","follow":"follow","max-snippet":"max-snippet:-1","max-image-preview":"max-image-preview:large","max-video-preview":"max-video-preview:-1"},"canonical":"https:\/\/nativoqueretaro.mx\/index.php\/2026\/09\/02\/arranco-convocatoria-para-transporte-escolar-y-universitario-del-municipio-de-queretaro\/","og_locale":"es_MX","og_type":"article","og_title":"Arranc\u00f3 convocatoria para Transporte Escolar y Universitario del municipio de Quer\u00e9taro - Nativo Quer\u00e9taro","og_description":"Quer\u00e9taro, Qro., 2 de septiembre de 2026.- El alcalde de Quer\u00e9taro, Felifer Mac\u00edas, anunci\u00f3 la apertura de inscripciones a los programas de Transporte Escolar Gratuito y Transporte Universitario, los cuales apoyan la econom\u00eda de las familias queretanas, facilitan la movilidad estudiantil y contribuyen a la permanencia escolar mediante traslados seguros y sin costo. Mac\u00edas visit\u00f3 [&hellip;]","og_url":"https:\/\/nativoqueretaro.mx\/index.php\/2026\/09\/02\/arranco-convocatoria-para-transporte-escolar-y-universitario-del-municipio-de-queretaro\/","og_site_name":"Nativo Quer\u00e9taro","article_published_time":"2026-09-02T17:05:18+00:00","og_image":[{"width":768,"height":576,"url":"https:\/\/nativoqueretaro.mx\/wp-content\/uploads\/2026\/09\/Arranca-convocatoria-transporte-gratuito.webp","type":"image\/webp"}],"author":"NativoQro","twitter_card":"summary_large_image","twitter_misc":{"Escrito por":"NativoQro","Tiempo de lectura":"3 minutos"},"schema":{"@context":"https:\/\/schema.org","@graph":[{"@type":"Article","@id":"https:\/\/nativoqueretaro.mx\/index.php\/2026\/09\/02\/arranco-convocatoria-para-transporte-escolar-y-universitario-del-municipio-de-queretaro\/#article","isPartOf":{"@id":"https:\/\/nativoqueretaro.mx\/index.php\/2026\/09\/02\/arranco-convocatoria-para-transporte-escolar-y-universitario-del-municipio-de-queretaro\/"},"author":{"name":"NativoQro","@id":"https:\/\/nativoqueretaro.mx\/#\/schema\/person\/9cb2d9bff62be7a0a4a39066c9eac822"},"headline":"Arranc\u00f3 convocatoria para Transporte Escolar y Universitario del municipio de Quer\u00e9taro","datePublished":"2026-09-02T17:05:18+00:00","mainEntityOfPage":{"@id":"https:\/\/nativoqueretaro.mx\/index.php\/2026\/09\/02\/arranco-convocatoria-para-transporte-escolar-y-universitario-del-municipio-de-queretaro\/"},"wordCount":492,"commentCount":0,"publisher":{"@id":"https:\/\/nativoqueretaro.mx\/#organization"},"image":{"@id":"https:\/\/nativoqueretaro.mx\/index.php\/2026\/09\/02\/arranco-convocatoria-para-transporte-escolar-y-universitario-del-municipio-de-queretaro\/#primaryimage"},"thumbnailUrl":"https:\/\/nativoqueretaro.mx\/wp-content\/uploads\/2026\/09\/Arranca-convocatoria-transporte-gratuito.webp","articleSection":["Quer\u00e9taro Capital e Industria"],"inLanguage":"es","potentialAction":[{"@type":"CommentAction","name":"Comment","target":["https:\/\/nativoqueretaro.mx\/index.php\/2026\/09\/02\/arranco-convocatoria-para-transporte-escolar-y-universitario-del-municipio-de-queretaro\/#respond"]}]},{"@type":"WebPage","@id":"https:\/\/nativoqueretaro.mx\/index.php\/2026\/09\/02\/arranco-convocatoria-para-transporte-escolar-y-universitario-del-municipio-de-queretaro\/","url":"https:\/\/nativoqueretaro.mx\/index.php\/2026\/09\/02\/arranco-convocatoria-para-transporte-escolar-y-universitario-del-municipio-de-queretaro\/","name":"Arranc\u00f3 convocatoria para Transporte Escolar y Universitario del municipio de Quer\u00e9taro - Nativo Quer\u00e9taro","isPartOf":{"@id":"https:\/\/nativoqueretaro.mx\/#website"},"primaryImageOfPage":{"@id":"https:\/\/nativoqueretaro.mx\/index.php\/2026\/09\/02\/arranco-convocatoria-para-transporte-escolar-y-universitario-del-municipio-de-queretaro\/#primaryimage"},"image":{"@id":"https:\/\/nativoqueretaro.mx\/index.php\/2026\/09\/02\/arranco-convocatoria-para-transporte-escolar-y-universitario-del-municipio-de-queretaro\/#primaryimage"},"thumbnailUrl":"https:\/\/nativoqueretaro.mx\/wp-content\/uploads\/2026\/09\/Arranca-convocatoria-transporte-gratuito.webp","datePublished":"2026-09-02T17:05:18+00:00","breadcrumb":{"@id":"https:\/\/nativoqueretaro.mx\/index.php\/2026\/09\/02\/arranco-convocatoria-para-transporte-escolar-y-universitario-del-municipio-de-queretaro\/#breadcrumb"},"inLanguage":"es","potentialAction":[{"@type":"ReadAction","target":["https:\/\/nativoqueretaro.mx\/index.php\/2026\/09\/02\/arranco-convocatoria-para-transporte-escolar-y-universitario-del-municipio-de-queretaro\/"]}]},{"@type":"ImageObject","inLanguage":"es","@id":"https:\/\/nativoqueretaro.mx\/index.php\/2026\/09\/02\/arranco-convocatoria-para-transporte-escolar-y-universitario-del-municipio-de-queretaro\/#primaryimage","url":"https:\/\/nativoqueretaro.mx\/wp-content\/uploads\/2026\/09\/Arranca-convocatoria-transporte-gratuito.webp","contentUrl":"https:\/\/nativoqueretaro.mx\/wp-content\/uploads\/2026\/09\/Arranca-convocatoria-transporte-gratuito.webp","width":768,"height":576},{"@type":"BreadcrumbList","@id":"https:\/\/nativoqueretaro.mx\/index.php\/2026\/09\/02\/arranco-convocatoria-para-transporte-escolar-y-universitario-del-municipio-de-queretaro\/#breadcrumb","itemListElement":[{"@type":"ListItem","position":1,"name":"Home","item":"https:\/\/nativoqueretaro.mx\/"},{"@type":"ListItem","position":2,"name":"Arranc\u00f3 convocatoria para Transporte Escolar y Universitario del municipio de Quer\u00e9taro"}]},{"@type":"WebSite","@id":"https:\/\/nativoqueretaro.mx\/#website","url":"https:\/\/nativoqueretaro.mx\/","name":"Nativo Quer\u00e9taro","description":"","publisher":{"@id":"https:\/\/nativoqueretaro.mx\/#organization"},"potentialAction":[{"@type":"SearchAction","target":{"@type":"EntryPoint","urlTemplate":"https:\/\/nativoqueretaro.mx\/?s={search_term_string}"},"query-input":{"@type":"PropertyValueSpecification","valueRequired":true,"valueName":"search_term_string"}}],"inLanguage":"es"},{"@type":"Organization","@id":"https:\/\/nativoqueretaro.mx\/#organization","name":"Nativo Quer\u00e9taro","url":"https:\/\/nativoqueretaro.mx\/","logo":{"@type":"ImageObject","inLanguage":"es","@id":"https:\/\/nativoqueretaro.mx\/#\/schema\/logo\/image\/","url":"https:\/\/nativoqueretaro.mx\/wp-content\/uploads\/2025\/01\/NATIVO_QRO_white.svg","contentUrl":"https:\/\/nativoqueretaro.mx\/wp-content\/uploads\/2025\/01\/NATIVO_QRO_white.svg","caption":"Nativo Quer\u00e9taro"},"image":{"@id":"https:\/\/nativoqueretaro.mx\/#\/schema\/logo\/image\/"}},{"@type":"Person","@id":"https:\/\/nativoqueretaro.mx\/#\/schema\/person\/9cb2d9bff62be7a0a4a39066c9eac822","name":"NativoQro","image":{"@type":"ImageObject","inLanguage":"es","@id":"https:\/\/nativoqueretaro.mx\/#\/schema\/person\/image\/","url":"https:\/\/secure.gravatar.com\/avatar\/0574151f0584a2a8056a6d87f37cd6abc6c709a951c8e822eb1ab470a5022bc5?s=96&d=mm&r=g","contentUrl":"https:\/\/secure.gravatar.com\/avatar\/0574151f0584a2a8056a6d87f37cd6abc6c709a951c8e822eb1ab470a5022bc5?s=96&d=mm&r=g","caption":"NativoQro"},"url":"https:\/\/nativoqueretaro.mx\/index.php\/author\/nativoadmin\/"}]}},"_links":{"self":[{"href":"https:\/\/nativoqueretaro.mx\/index.php\/wp-json\/wp\/v2\/posts\/43440","targetHints":{"allow":["GET"]}}],"collection":[{"href":"https:\/\/nativoqueretaro.mx\/index.php\/wp-json\/wp\/v2\/posts"}],"about":[{"href":"https:\/\/nativoqueretaro.mx\/index.php\/wp-json\/wp\/v2\/types\/post"}],"author":[{"embeddable":true,"href":"https:\/\/nativoqueretaro.mx\/index.php\/wp-json\/wp\/v2\/users\/1"}],"replies":[{"embeddable":true,"href":"https:\/\/nativoqueretaro.mx\/index.php\/wp-json\/wp\/v2\/comments?post=43440"}],"version-history":[{"count":1,"href":"https:\/\/nativoqueretaro.mx\/index.php\/wp-json\/wp\/v2\/posts\/43440\/revisions"}],"predecessor-version":[{"id":43442,"href":"https:\/\/nativoqueretaro.mx\/index.php\/wp-json\/wp\/v2\/posts\/43440\/revisions\/43442"}],"wp:featuredmedia":[{"embeddable":true,"href":"https:\/\/nativoqueretaro.mx\/index.php\/wp-json\/wp\/v2\/media\/43441"}],"wp:attachment":[{"href":"https:\/\/nativoqueretaro.mx\/index.php\/wp-json\/wp\/v2\/media?parent=43440"}],"wp:term":[{"taxonomy":"category","embeddable":true,"href":"https:\/\/nativoqueretaro.mx\/index.php\/wp-json\/wp\/v2\/categories?post=43440"},{"taxonomy":"post_tag","embeddable":true,"href":"https:\/\/nativoqueretaro.mx\/index.php\/wp-json\/wp\/v2\/tags?post=43440"}],"curies":[{"name":"wp","href":"https:\/\/api.w.org\/{rel}","templated":true}]}}