{"id":43437,"date":"2026-09-02T16:57:50","date_gmt":"2026-09-02T16:57:50","guid":{"rendered":"https:\/\/nativoqueretaro.mx\/?p=43437"},"modified":"2026-09-02T16:57:50","modified_gmt":"2026-09-02T16:57:50","slug":"formalizan-escrituras-de-clinica-del-imss-en-pedro-escobedo","status":"publish","type":"post","link":"https:\/\/nativoqueretaro.mx\/index.php\/2026\/09\/02\/formalizan-escrituras-de-clinica-del-imss-en-pedro-escobedo\/","title":{"rendered":"Formalizan escrituras de cl\u00ednica del IMSS en Pedro Escobedo"},"content":{"rendered":"<p class=\"wp-block-paragraph\">Quer\u00e9taro, Qro., 2 de septiembre de 2026.- La titular del Instituto Mexicano del Seguro Social (IMSS) en Quer\u00e9taro, Martha Elo\u00edsa S\u00e1nchez V\u00e1zquez, y la Oficial\u00eda Mayor de gobierno del estado, encabezada por Linda Luz Luna Rangel, formalizaron la escritura del terreno donde se construy\u00f3 la Unidad de Medicina Familiar (UMF) N\u00famero 5, en el municipio de Pedro Escobedo, en 2019.<\/p>\n<p class=\"wp-block-paragraph\">Con la regularizaci\u00f3n del terreno, de 15 mil metros cuadrados, el IMSS podr\u00e1 aprovechar la superficie de reserva ubicada a un costado de la UMF 5 para construir un Centro de Educaci\u00f3n y Cuidado Infantil (CECI), con capacidad para atender a 150 ni\u00f1as y ni\u00f1os queretanos.<\/p>\n<p class=\"wp-block-paragraph\">Con la construcci\u00f3n del CECI se consolidan espacios seguros, dignos y adecuados para el desarrollo infantil, lo que fortalece la vocaci\u00f3n social del Instituto y su compromiso con la atenci\u00f3n a la poblaci\u00f3n derechohabiente.<\/p>\n<p>&nbsp;<\/p>\n","protected":false},"excerpt":{"rendered":"<p>Quer\u00e9taro, Qro., 2 de septiembre de 2026.- La titular del Instituto Mexicano del Seguro Social (IMSS) en Quer\u00e9taro, Martha Elo\u00edsa S\u00e1nchez V\u00e1zquez, y la Oficial\u00eda Mayor de gobierno del estado, encabezada por Linda Luz Luna Rangel, formalizaron la escritura del terreno donde se construy\u00f3 la Unidad de Medicina Familiar (UMF) N\u00famero 5, en el municipio [&hellip;]<\/p>\n","protected":false},"author":1,"featured_media":43438,"comment_status":"open","ping_status":"open","sticky":false,"template":"","format":"standard","meta":{"_acf_changed":false,"ocean_post_layout":"","ocean_both_sidebars_style":"","ocean_both_sidebars_content_width":0,"ocean_both_sidebars_sidebars_width":0,"ocean_sidebar":"0","ocean_second_sidebar":"0","ocean_disable_margins":"enable","ocean_add_body_class":"","ocean_shortcode_before_top_bar":"","ocean_shortcode_after_top_bar":"","ocean_shortcode_before_header":"","ocean_shortcode_after_header":"","ocean_has_shortcode":"","ocean_shortcode_after_title":"","ocean_shortcode_before_footer_widgets":"","ocean_shortcode_after_footer_widgets":"","ocean_shortcode_before_footer_bottom":"","ocean_shortcode_after_footer_bottom":"","ocean_display_top_bar":"default","ocean_display_header":"default","ocean_header_style":"","ocean_center_header_left_menu":"0","ocean_custom_header_template":"0","ocean_custom_logo":0,"ocean_custom_retina_logo":0,"ocean_custom_logo_max_width":0,"ocean_custom_logo_tablet_max_width":0,"ocean_custom_logo_mobile_max_width":0,"ocean_custom_logo_max_height":0,"ocean_custom_logo_tablet_max_height":0,"ocean_custom_logo_mobile_max_height":0,"ocean_header_custom_menu":"0","ocean_menu_typo_font_family":"0","ocean_menu_typo_font_subset":"","ocean_menu_typo_font_size":0,"ocean_menu_typo_font_size_tablet":0,"ocean_menu_typo_font_size_mobile":0,"ocean_menu_typo_font_size_unit":"px","ocean_menu_typo_font_weight":"","ocean_menu_typo_font_weight_tablet":"","ocean_menu_typo_font_weight_mobile":"","ocean_menu_typo_transform":"","ocean_menu_typo_transform_tablet":"","ocean_menu_typo_transform_mobile":"","ocean_menu_typo_line_height":0,"ocean_menu_typo_line_height_tablet":0,"ocean_menu_typo_line_height_mobile":0,"ocean_menu_typo_line_height_unit":"","ocean_menu_typo_spacing":0,"ocean_menu_typo_spacing_tablet":0,"ocean_menu_typo_spacing_mobile":0,"ocean_menu_typo_spacing_unit":"","ocean_menu_link_color":"","ocean_menu_link_color_hover":"","ocean_menu_link_color_active":"","ocean_menu_link_background":"","ocean_menu_link_hover_background":"","ocean_menu_link_active_background":"","ocean_menu_social_links_bg":"","ocean_menu_social_hover_links_bg":"","ocean_menu_social_links_color":"","ocean_menu_social_hover_links_color":"","ocean_disable_title":"default","ocean_disable_heading":"default","ocean_post_title":"","ocean_post_subheading":"","ocean_post_title_style":"","ocean_post_title_background_color":"","ocean_post_title_background":0,"ocean_post_title_bg_image_position":"","ocean_post_title_bg_image_attachment":"","ocean_post_title_bg_image_repeat":"","ocean_post_title_bg_image_size":"","ocean_post_title_height":0,"ocean_post_title_bg_overlay":0.5,"ocean_post_title_bg_overlay_color":"","ocean_disable_breadcrumbs":"default","ocean_breadcrumbs_color":"","ocean_breadcrumbs_separator_color":"","ocean_breadcrumbs_links_color":"","ocean_breadcrumbs_links_hover_color":"","ocean_display_footer_widgets":"default","ocean_display_footer_bottom":"default","ocean_custom_footer_template":"0","ocean_post_oembed":"","ocean_post_self_hosted_media":"","ocean_post_video_embed":"","ocean_link_format":"","ocean_link_format_target":"self","ocean_quote_format":"","ocean_quote_format_link":"post","ocean_gallery_link_images":"on","ocean_gallery_id":[],"footnotes":""},"categories":[89],"tags":[],"class_list":["post-43437","post","type-post","status-publish","format-standard","has-post-thumbnail","hentry","category-estado","entry","has-media"],"acf":[],"yoast_head":"<!-- This site is optimized with the Yoast SEO plugin v24.7 - https:\/\/yoast.com\/wordpress\/plugins\/seo\/ -->\n<title>Formalizan escrituras de cl\u00ednica del IMSS en Pedro Escobedo - Nativo Quer\u00e9taro<\/title>\n<meta name=\"robots\" content=\"index, follow, max-snippet:-1, max-image-preview:large, max-video-preview:-1\" \/>\n<link rel=\"canonical\" href=\"https:\/\/nativoqueretaro.mx\/index.php\/2026\/09\/02\/formalizan-escrituras-de-clinica-del-imss-en-pedro-escobedo\/\" \/>\n<meta property=\"og:locale\" content=\"es_MX\" \/>\n<meta property=\"og:type\" content=\"article\" \/>\n<meta property=\"og:title\" content=\"Formalizan escrituras de cl\u00ednica del IMSS en Pedro Escobedo - Nativo Quer\u00e9taro\" \/>\n<meta property=\"og:description\" content=\"Quer\u00e9taro, Qro., 2 de septiembre de 2026.- La titular del Instituto Mexicano del Seguro Social (IMSS) en Quer\u00e9taro, Martha Elo\u00edsa S\u00e1nchez V\u00e1zquez, y la Oficial\u00eda Mayor de gobierno del estado, encabezada por Linda Luz Luna Rangel, formalizaron la escritura del terreno donde se construy\u00f3 la Unidad de Medicina Familiar (UMF) N\u00famero 5, en el municipio [&hellip;]\" \/>\n<meta property=\"og:url\" content=\"https:\/\/nativoqueretaro.mx\/index.php\/2026\/09\/02\/formalizan-escrituras-de-clinica-del-imss-en-pedro-escobedo\/\" \/>\n<meta property=\"og:site_name\" content=\"Nativo Quer\u00e9taro\" \/>\n<meta property=\"article:published_time\" content=\"2026-09-02T16:57:50+00:00\" \/>\n<meta property=\"og:image\" content=\"https:\/\/nativoqueretaro.mx\/wp-content\/uploads\/2026\/09\/Clinica-IMSS-Pedro-Escobedo.webp\" \/>\n\t<meta property=\"og:image:width\" content=\"852\" \/>\n\t<meta property=\"og:image:height\" content=\"500\" \/>\n\t<meta property=\"og:image:type\" content=\"image\/webp\" \/>\n<meta name=\"author\" content=\"NativoQro\" \/>\n<meta name=\"twitter:card\" content=\"summary_large_image\" \/>\n<meta name=\"twitter:label1\" content=\"Escrito por\" \/>\n\t<meta name=\"twitter:data1\" content=\"NativoQro\" \/>\n\t<meta name=\"twitter:label2\" content=\"Tiempo de lectura\" \/>\n\t<meta name=\"twitter:data2\" content=\"1 minuto\" \/>\n<script type=\"application\/ld+json\" class=\"yoast-schema-graph\">{\"@context\":\"https:\/\/schema.org\",\"@graph\":[{\"@type\":\"Article\",\"@id\":\"https:\/\/nativoqueretaro.mx\/index.php\/2026\/09\/02\/formalizan-escrituras-de-clinica-del-imss-en-pedro-escobedo\/#article\",\"isPartOf\":{\"@id\":\"https:\/\/nativoqueretaro.mx\/index.php\/2026\/09\/02\/formalizan-escrituras-de-clinica-del-imss-en-pedro-escobedo\/\"},\"author\":{\"name\":\"NativoQro\",\"@id\":\"https:\/\/nativoqueretaro.mx\/#\/schema\/person\/9cb2d9bff62be7a0a4a39066c9eac822\"},\"headline\":\"Formalizan escrituras de cl\u00ednica del IMSS en Pedro Escobedo\",\"datePublished\":\"2026-09-02T16:57:50+00:00\",\"mainEntityOfPage\":{\"@id\":\"https:\/\/nativoqueretaro.mx\/index.php\/2026\/09\/02\/formalizan-escrituras-de-clinica-del-imss-en-pedro-escobedo\/\"},\"wordCount\":160,\"commentCount\":0,\"publisher\":{\"@id\":\"https:\/\/nativoqueretaro.mx\/#organization\"},\"image\":{\"@id\":\"https:\/\/nativoqueretaro.mx\/index.php\/2026\/09\/02\/formalizan-escrituras-de-clinica-del-imss-en-pedro-escobedo\/#primaryimage\"},\"thumbnailUrl\":\"https:\/\/nativoqueretaro.mx\/wp-content\/uploads\/2026\/09\/Clinica-IMSS-Pedro-Escobedo.webp\",\"articleSection\":[\"Estado\"],\"inLanguage\":\"es\",\"potentialAction\":[{\"@type\":\"CommentAction\",\"name\":\"Comment\",\"target\":[\"https:\/\/nativoqueretaro.mx\/index.php\/2026\/09\/02\/formalizan-escrituras-de-clinica-del-imss-en-pedro-escobedo\/#respond\"]}]},{\"@type\":\"WebPage\",\"@id\":\"https:\/\/nativoqueretaro.mx\/index.php\/2026\/09\/02\/formalizan-escrituras-de-clinica-del-imss-en-pedro-escobedo\/\",\"url\":\"https:\/\/nativoqueretaro.mx\/index.php\/2026\/09\/02\/formalizan-escrituras-de-clinica-del-imss-en-pedro-escobedo\/\",\"name\":\"Formalizan escrituras de cl\u00ednica del IMSS en Pedro Escobedo - Nativo Quer\u00e9taro\",\"isPartOf\":{\"@id\":\"https:\/\/nativoqueretaro.mx\/#website\"},\"primaryImageOfPage\":{\"@id\":\"https:\/\/nativoqueretaro.mx\/index.php\/2026\/09\/02\/formalizan-escrituras-de-clinica-del-imss-en-pedro-escobedo\/#primaryimage\"},\"image\":{\"@id\":\"https:\/\/nativoqueretaro.mx\/index.php\/2026\/09\/02\/formalizan-escrituras-de-clinica-del-imss-en-pedro-escobedo\/#primaryimage\"},\"thumbnailUrl\":\"https:\/\/nativoqueretaro.mx\/wp-content\/uploads\/2026\/09\/Clinica-IMSS-Pedro-Escobedo.webp\",\"datePublished\":\"2026-09-02T16:57:50+00:00\",\"breadcrumb\":{\"@id\":\"https:\/\/nativoqueretaro.mx\/index.php\/2026\/09\/02\/formalizan-escrituras-de-clinica-del-imss-en-pedro-escobedo\/#breadcrumb\"},\"inLanguage\":\"es\",\"potentialAction\":[{\"@type\":\"ReadAction\",\"target\":[\"https:\/\/nativoqueretaro.mx\/index.php\/2026\/09\/02\/formalizan-escrituras-de-clinica-del-imss-en-pedro-escobedo\/\"]}]},{\"@type\":\"ImageObject\",\"inLanguage\":\"es\",\"@id\":\"https:\/\/nativoqueretaro.mx\/index.php\/2026\/09\/02\/formalizan-escrituras-de-clinica-del-imss-en-pedro-escobedo\/#primaryimage\",\"url\":\"https:\/\/nativoqueretaro.mx\/wp-content\/uploads\/2026\/09\/Clinica-IMSS-Pedro-Escobedo.webp\",\"contentUrl\":\"https:\/\/nativoqueretaro.mx\/wp-content\/uploads\/2026\/09\/Clinica-IMSS-Pedro-Escobedo.webp\",\"width\":852,\"height\":500},{\"@type\":\"BreadcrumbList\",\"@id\":\"https:\/\/nativoqueretaro.mx\/index.php\/2026\/09\/02\/formalizan-escrituras-de-clinica-del-imss-en-pedro-escobedo\/#breadcrumb\",\"itemListElement\":[{\"@type\":\"ListItem\",\"position\":1,\"name\":\"Home\",\"item\":\"https:\/\/nativoqueretaro.mx\/\"},{\"@type\":\"ListItem\",\"position\":2,\"name\":\"Formalizan escrituras de cl\u00ednica del IMSS en Pedro Escobedo\"}]},{\"@type\":\"WebSite\",\"@id\":\"https:\/\/nativoqueretaro.mx\/#website\",\"url\":\"https:\/\/nativoqueretaro.mx\/\",\"name\":\"Nativo Quer\u00e9taro\",\"description\":\"\",\"publisher\":{\"@id\":\"https:\/\/nativoqueretaro.mx\/#organization\"},\"potentialAction\":[{\"@type\":\"SearchAction\",\"target\":{\"@type\":\"EntryPoint\",\"urlTemplate\":\"https:\/\/nativoqueretaro.mx\/?s={search_term_string}\"},\"query-input\":{\"@type\":\"PropertyValueSpecification\",\"valueRequired\":true,\"valueName\":\"search_term_string\"}}],\"inLanguage\":\"es\"},{\"@type\":\"Organization\",\"@id\":\"https:\/\/nativoqueretaro.mx\/#organization\",\"name\":\"Nativo Quer\u00e9taro\",\"url\":\"https:\/\/nativoqueretaro.mx\/\",\"logo\":{\"@type\":\"ImageObject\",\"inLanguage\":\"es\",\"@id\":\"https:\/\/nativoqueretaro.mx\/#\/schema\/logo\/image\/\",\"url\":\"https:\/\/nativoqueretaro.mx\/wp-content\/uploads\/2025\/01\/NATIVO_QRO_white.svg\",\"contentUrl\":\"https:\/\/nativoqueretaro.mx\/wp-content\/uploads\/2025\/01\/NATIVO_QRO_white.svg\",\"caption\":\"Nativo Quer\u00e9taro\"},\"image\":{\"@id\":\"https:\/\/nativoqueretaro.mx\/#\/schema\/logo\/image\/\"}},{\"@type\":\"Person\",\"@id\":\"https:\/\/nativoqueretaro.mx\/#\/schema\/person\/9cb2d9bff62be7a0a4a39066c9eac822\",\"name\":\"NativoQro\",\"image\":{\"@type\":\"ImageObject\",\"inLanguage\":\"es\",\"@id\":\"https:\/\/nativoqueretaro.mx\/#\/schema\/person\/image\/\",\"url\":\"https:\/\/secure.gravatar.com\/avatar\/0574151f0584a2a8056a6d87f37cd6abc6c709a951c8e822eb1ab470a5022bc5?s=96&d=mm&r=g\",\"contentUrl\":\"https:\/\/secure.gravatar.com\/avatar\/0574151f0584a2a8056a6d87f37cd6abc6c709a951c8e822eb1ab470a5022bc5?s=96&d=mm&r=g\",\"caption\":\"NativoQro\"},\"url\":\"https:\/\/nativoqueretaro.mx\/index.php\/author\/nativoadmin\/\"}]}<\/script>\n<!-- \/ Yoast SEO plugin. -->","yoast_head_json":{"title":"Formalizan escrituras de cl\u00ednica del IMSS en Pedro Escobedo - Nativo Quer\u00e9taro","robots":{"index":"index","follow":"follow","max-snippet":"max-snippet:-1","max-image-preview":"max-image-preview:large","max-video-preview":"max-video-preview:-1"},"canonical":"https:\/\/nativoqueretaro.mx\/index.php\/2026\/09\/02\/formalizan-escrituras-de-clinica-del-imss-en-pedro-escobedo\/","og_locale":"es_MX","og_type":"article","og_title":"Formalizan escrituras de cl\u00ednica del IMSS en Pedro Escobedo - Nativo Quer\u00e9taro","og_description":"Quer\u00e9taro, Qro., 2 de septiembre de 2026.- La titular del Instituto Mexicano del Seguro Social (IMSS) en Quer\u00e9taro, Martha Elo\u00edsa S\u00e1nchez V\u00e1zquez, y la Oficial\u00eda Mayor de gobierno del estado, encabezada por Linda Luz Luna Rangel, formalizaron la escritura del terreno donde se construy\u00f3 la Unidad de Medicina Familiar (UMF) N\u00famero 5, en el municipio [&hellip;]","og_url":"https:\/\/nativoqueretaro.mx\/index.php\/2026\/09\/02\/formalizan-escrituras-de-clinica-del-imss-en-pedro-escobedo\/","og_site_name":"Nativo Quer\u00e9taro","article_published_time":"2026-09-02T16:57:50+00:00","og_image":[{"width":852,"height":500,"url":"https:\/\/nativoqueretaro.mx\/wp-content\/uploads\/2026\/09\/Clinica-IMSS-Pedro-Escobedo.webp","type":"image\/webp"}],"author":"NativoQro","twitter_card":"summary_large_image","twitter_misc":{"Escrito por":"NativoQro","Tiempo de lectura":"1 minuto"},"schema":{"@context":"https:\/\/schema.org","@graph":[{"@type":"Article","@id":"https:\/\/nativoqueretaro.mx\/index.php\/2026\/09\/02\/formalizan-escrituras-de-clinica-del-imss-en-pedro-escobedo\/#article","isPartOf":{"@id":"https:\/\/nativoqueretaro.mx\/index.php\/2026\/09\/02\/formalizan-escrituras-de-clinica-del-imss-en-pedro-escobedo\/"},"author":{"name":"NativoQro","@id":"https:\/\/nativoqueretaro.mx\/#\/schema\/person\/9cb2d9bff62be7a0a4a39066c9eac822"},"headline":"Formalizan escrituras de cl\u00ednica del IMSS en Pedro Escobedo","datePublished":"2026-09-02T16:57:50+00:00","mainEntityOfPage":{"@id":"https:\/\/nativoqueretaro.mx\/index.php\/2026\/09\/02\/formalizan-escrituras-de-clinica-del-imss-en-pedro-escobedo\/"},"wordCount":160,"commentCount":0,"publisher":{"@id":"https:\/\/nativoqueretaro.mx\/#organization"},"image":{"@id":"https:\/\/nativoqueretaro.mx\/index.php\/2026\/09\/02\/formalizan-escrituras-de-clinica-del-imss-en-pedro-escobedo\/#primaryimage"},"thumbnailUrl":"https:\/\/nativoqueretaro.mx\/wp-content\/uploads\/2026\/09\/Clinica-IMSS-Pedro-Escobedo.webp","articleSection":["Estado"],"inLanguage":"es","potentialAction":[{"@type":"CommentAction","name":"Comment","target":["https:\/\/nativoqueretaro.mx\/index.php\/2026\/09\/02\/formalizan-escrituras-de-clinica-del-imss-en-pedro-escobedo\/#respond"]}]},{"@type":"WebPage","@id":"https:\/\/nativoqueretaro.mx\/index.php\/2026\/09\/02\/formalizan-escrituras-de-clinica-del-imss-en-pedro-escobedo\/","url":"https:\/\/nativoqueretaro.mx\/index.php\/2026\/09\/02\/formalizan-escrituras-de-clinica-del-imss-en-pedro-escobedo\/","name":"Formalizan escrituras de cl\u00ednica del IMSS en Pedro Escobedo - Nativo Quer\u00e9taro","isPartOf":{"@id":"https:\/\/nativoqueretaro.mx\/#website"},"primaryImageOfPage":{"@id":"https:\/\/nativoqueretaro.mx\/index.php\/2026\/09\/02\/formalizan-escrituras-de-clinica-del-imss-en-pedro-escobedo\/#primaryimage"},"image":{"@id":"https:\/\/nativoqueretaro.mx\/index.php\/2026\/09\/02\/formalizan-escrituras-de-clinica-del-imss-en-pedro-escobedo\/#primaryimage"},"thumbnailUrl":"https:\/\/nativoqueretaro.mx\/wp-content\/uploads\/2026\/09\/Clinica-IMSS-Pedro-Escobedo.webp","datePublished":"2026-09-02T16:57:50+00:00","breadcrumb":{"@id":"https:\/\/nativoqueretaro.mx\/index.php\/2026\/09\/02\/formalizan-escrituras-de-clinica-del-imss-en-pedro-escobedo\/#breadcrumb"},"inLanguage":"es","potentialAction":[{"@type":"ReadAction","target":["https:\/\/nativoqueretaro.mx\/index.php\/2026\/09\/02\/formalizan-escrituras-de-clinica-del-imss-en-pedro-escobedo\/"]}]},{"@type":"ImageObject","inLanguage":"es","@id":"https:\/\/nativoqueretaro.mx\/index.php\/2026\/09\/02\/formalizan-escrituras-de-clinica-del-imss-en-pedro-escobedo\/#primaryimage","url":"https:\/\/nativoqueretaro.mx\/wp-content\/uploads\/2026\/09\/Clinica-IMSS-Pedro-Escobedo.webp","contentUrl":"https:\/\/nativoqueretaro.mx\/wp-content\/uploads\/2026\/09\/Clinica-IMSS-Pedro-Escobedo.webp","width":852,"height":500},{"@type":"BreadcrumbList","@id":"https:\/\/nativoqueretaro.mx\/index.php\/2026\/09\/02\/formalizan-escrituras-de-clinica-del-imss-en-pedro-escobedo\/#breadcrumb","itemListElement":[{"@type":"ListItem","position":1,"name":"Home","item":"https:\/\/nativoqueretaro.mx\/"},{"@type":"ListItem","position":2,"name":"Formalizan escrituras de cl\u00ednica del IMSS en Pedro Escobedo"}]},{"@type":"WebSite","@id":"https:\/\/nativoqueretaro.mx\/#website","url":"https:\/\/nativoqueretaro.mx\/","name":"Nativo Quer\u00e9taro","description":"","publisher":{"@id":"https:\/\/nativoqueretaro.mx\/#organization"},"potentialAction":[{"@type":"SearchAction","target":{"@type":"EntryPoint","urlTemplate":"https:\/\/nativoqueretaro.mx\/?s={search_term_string}"},"query-input":{"@type":"PropertyValueSpecification","valueRequired":true,"valueName":"search_term_string"}}],"inLanguage":"es"},{"@type":"Organization","@id":"https:\/\/nativoqueretaro.mx\/#organization","name":"Nativo Quer\u00e9taro","url":"https:\/\/nativoqueretaro.mx\/","logo":{"@type":"ImageObject","inLanguage":"es","@id":"https:\/\/nativoqueretaro.mx\/#\/schema\/logo\/image\/","url":"https:\/\/nativoqueretaro.mx\/wp-content\/uploads\/2025\/01\/NATIVO_QRO_white.svg","contentUrl":"https:\/\/nativoqueretaro.mx\/wp-content\/uploads\/2025\/01\/NATIVO_QRO_white.svg","caption":"Nativo Quer\u00e9taro"},"image":{"@id":"https:\/\/nativoqueretaro.mx\/#\/schema\/logo\/image\/"}},{"@type":"Person","@id":"https:\/\/nativoqueretaro.mx\/#\/schema\/person\/9cb2d9bff62be7a0a4a39066c9eac822","name":"NativoQro","image":{"@type":"ImageObject","inLanguage":"es","@id":"https:\/\/nativoqueretaro.mx\/#\/schema\/person\/image\/","url":"https:\/\/secure.gravatar.com\/avatar\/0574151f0584a2a8056a6d87f37cd6abc6c709a951c8e822eb1ab470a5022bc5?s=96&d=mm&r=g","contentUrl":"https:\/\/secure.gravatar.com\/avatar\/0574151f0584a2a8056a6d87f37cd6abc6c709a951c8e822eb1ab470a5022bc5?s=96&d=mm&r=g","caption":"NativoQro"},"url":"https:\/\/nativoqueretaro.mx\/index.php\/author\/nativoadmin\/"}]}},"_links":{"self":[{"href":"https:\/\/nativoqueretaro.mx\/index.php\/wp-json\/wp\/v2\/posts\/43437","targetHints":{"allow":["GET"]}}],"collection":[{"href":"https:\/\/nativoqueretaro.mx\/index.php\/wp-json\/wp\/v2\/posts"}],"about":[{"href":"https:\/\/nativoqueretaro.mx\/index.php\/wp-json\/wp\/v2\/types\/post"}],"author":[{"embeddable":true,"href":"https:\/\/nativoqueretaro.mx\/index.php\/wp-json\/wp\/v2\/users\/1"}],"replies":[{"embeddable":true,"href":"https:\/\/nativoqueretaro.mx\/index.php\/wp-json\/wp\/v2\/comments?post=43437"}],"version-history":[{"count":1,"href":"https:\/\/nativoqueretaro.mx\/index.php\/wp-json\/wp\/v2\/posts\/43437\/revisions"}],"predecessor-version":[{"id":43439,"href":"https:\/\/nativoqueretaro.mx\/index.php\/wp-json\/wp\/v2\/posts\/43437\/revisions\/43439"}],"wp:featuredmedia":[{"embeddable":true,"href":"https:\/\/nativoqueretaro.mx\/index.php\/wp-json\/wp\/v2\/media\/43438"}],"wp:attachment":[{"href":"https:\/\/nativoqueretaro.mx\/index.php\/wp-json\/wp\/v2\/media?parent=43437"}],"wp:term":[{"taxonomy":"category","embeddable":true,"href":"https:\/\/nativoqueretaro.mx\/index.php\/wp-json\/wp\/v2\/categories?post=43437"},{"taxonomy":"post_tag","embeddable":true,"href":"https:\/\/nativoqueretaro.mx\/index.php\/wp-json\/wp\/v2\/tags?post=43437"}],"curies":[{"name":"wp","href":"https:\/\/api.w.org\/{rel}","templated":true}]}}