{"id":43428,"date":"2026-09-01T17:23:03","date_gmt":"2026-09-01T17:23:03","guid":{"rendered":"https:\/\/nativoqueretaro.mx\/?p=43428"},"modified":"2026-09-01T17:23:03","modified_gmt":"2026-09-01T17:23:03","slug":"inicia-operaciones-transporte-escolar-gratuito-para-ciclo-escolar-2026-2027-en-municipio-de-queretaro","status":"publish","type":"post","link":"https:\/\/nativoqueretaro.mx\/index.php\/2026\/09\/01\/inicia-operaciones-transporte-escolar-gratuito-para-ciclo-escolar-2026-2027-en-municipio-de-queretaro\/","title":{"rendered":"Inicia operaciones Transporte Escolar Gratuito para ciclo escolar 2026-2027 en municipio de Quer\u00e9taro"},"content":{"rendered":"<p class=\"wp-block-paragraph\">Quer\u00e9taro, Qro., 1 de septiembre de 2026.- Con motivo del regreso a clases para el ciclo escolar 2026-2027 de educaci\u00f3n b\u00e1sica, el municipio de Quer\u00e9taro, a trav\u00e9s de la Secretar\u00eda de Movilidad, puso en marcha el Transporte Escolar Gratuito, programa que brinda a las y los estudiantes una alternativa segura, accesible y sin costo para trasladarse de sus hogares a sus instituciones educativas y de regreso a casa.<\/p>\n<p class=\"wp-block-paragraph\">Durante este ciclo escolar, el servicio atender\u00e1 a estudiantes de 67 escuelas: 45 primarias y 22 secundarias; a trav\u00e9s de 43 rutas dise\u00f1adas para facilitar sus traslados y contribuir a la econom\u00eda de las familias queretanas.<\/p>\n<p class=\"wp-block-paragraph\">El Transporte Escolar Gratuito est\u00e1 dirigido a estudiantes de 4\u00b0, 5\u00b0 y 6\u00b0 de primaria, as\u00ed como de 1\u00b0, 2\u00b0 y 3\u00b0 de secundaria, quienes pueden utilizar el servicio para realizar sus recorridos de ida y vuelta entre su domicilio y su escuela, sin generar un gasto para sus familias.<\/p>\n<p class=\"wp-block-paragraph\">Adem\u00e1s, las y los beneficiarios cuentan con acceso gratuito al resto de las modalidades que integran el Sistema Integral de Transporte del Municipio de Quer\u00e9taro, as\u00ed como con transbordos gratuitos en Qrobus, con lo que se ampl\u00edan las alternativas de movilidad disponibles para llegar a sus destinos.<\/p>\n<p class=\"wp-block-paragraph\">El programa representa un apoyo directo para las familias y una herramienta que contribuye a que las y los estudiantes cuenten con mejores condiciones para acudir diariamente a sus centros educativos.<\/p>\n<p class=\"wp-block-paragraph\">Durante el ciclo escolar 2025-2026, el Transporte Escolar Gratuito cerr\u00f3 con dos mil 100 estudiantes inscritos. En ese periodo se contabilizaron m\u00e1s de 990 mil traslados, lo que represent\u00f3 un ahorro superior a 10 millones 900 mil pesos en la econom\u00eda familiar.<\/p>\n<p class=\"wp-block-paragraph\">El Transporte Escolar Gratuito forma parte de las acciones del municipio para construir un sistema de movilidad con mayores oportunidades para todas y todos.<\/p>\n","protected":false},"excerpt":{"rendered":"<p>Quer\u00e9taro, Qro., 1 de septiembre de 2026.- Con motivo del regreso a clases para el ciclo escolar 2026-2027 de educaci\u00f3n b\u00e1sica, el municipio de Quer\u00e9taro, a trav\u00e9s de la Secretar\u00eda de Movilidad, puso en marcha el Transporte Escolar Gratuito, programa que brinda a las y los estudiantes una alternativa segura, accesible y sin costo para [&hellip;]<\/p>\n","protected":false},"author":1,"featured_media":43429,"comment_status":"open","ping_status":"open","sticky":false,"template":"","format":"standard","meta":{"_acf_changed":false,"ocean_post_layout":"","ocean_both_sidebars_style":"","ocean_both_sidebars_content_width":0,"ocean_both_sidebars_sidebars_width":0,"ocean_sidebar":"0","ocean_second_sidebar":"0","ocean_disable_margins":"enable","ocean_add_body_class":"","ocean_shortcode_before_top_bar":"","ocean_shortcode_after_top_bar":"","ocean_shortcode_before_header":"","ocean_shortcode_after_header":"","ocean_has_shortcode":"","ocean_shortcode_after_title":"","ocean_shortcode_before_footer_widgets":"","ocean_shortcode_after_footer_widgets":"","ocean_shortcode_before_footer_bottom":"","ocean_shortcode_after_footer_bottom":"","ocean_display_top_bar":"default","ocean_display_header":"default","ocean_header_style":"","ocean_center_header_left_menu":"0","ocean_custom_header_template":"0","ocean_custom_logo":0,"ocean_custom_retina_logo":0,"ocean_custom_logo_max_width":0,"ocean_custom_logo_tablet_max_width":0,"ocean_custom_logo_mobile_max_width":0,"ocean_custom_logo_max_height":0,"ocean_custom_logo_tablet_max_height":0,"ocean_custom_logo_mobile_max_height":0,"ocean_header_custom_menu":"0","ocean_menu_typo_font_family":"0","ocean_menu_typo_font_subset":"","ocean_menu_typo_font_size":0,"ocean_menu_typo_font_size_tablet":0,"ocean_menu_typo_font_size_mobile":0,"ocean_menu_typo_font_size_unit":"px","ocean_menu_typo_font_weight":"","ocean_menu_typo_font_weight_tablet":"","ocean_menu_typo_font_weight_mobile":"","ocean_menu_typo_transform":"","ocean_menu_typo_transform_tablet":"","ocean_menu_typo_transform_mobile":"","ocean_menu_typo_line_height":0,"ocean_menu_typo_line_height_tablet":0,"ocean_menu_typo_line_height_mobile":0,"ocean_menu_typo_line_height_unit":"","ocean_menu_typo_spacing":0,"ocean_menu_typo_spacing_tablet":0,"ocean_menu_typo_spacing_mobile":0,"ocean_menu_typo_spacing_unit":"","ocean_menu_link_color":"","ocean_menu_link_color_hover":"","ocean_menu_link_color_active":"","ocean_menu_link_background":"","ocean_menu_link_hover_background":"","ocean_menu_link_active_background":"","ocean_menu_social_links_bg":"","ocean_menu_social_hover_links_bg":"","ocean_menu_social_links_color":"","ocean_menu_social_hover_links_color":"","ocean_disable_title":"default","ocean_disable_heading":"default","ocean_post_title":"","ocean_post_subheading":"","ocean_post_title_style":"","ocean_post_title_background_color":"","ocean_post_title_background":0,"ocean_post_title_bg_image_position":"","ocean_post_title_bg_image_attachment":"","ocean_post_title_bg_image_repeat":"","ocean_post_title_bg_image_size":"","ocean_post_title_height":0,"ocean_post_title_bg_overlay":0.5,"ocean_post_title_bg_overlay_color":"","ocean_disable_breadcrumbs":"default","ocean_breadcrumbs_color":"","ocean_breadcrumbs_separator_color":"","ocean_breadcrumbs_links_color":"","ocean_breadcrumbs_links_hover_color":"","ocean_display_footer_widgets":"default","ocean_display_footer_bottom":"default","ocean_custom_footer_template":"0","ocean_post_oembed":"","ocean_post_self_hosted_media":"","ocean_post_video_embed":"","ocean_link_format":"","ocean_link_format_target":"self","ocean_quote_format":"","ocean_quote_format_link":"post","ocean_gallery_link_images":"on","ocean_gallery_id":[],"footnotes":""},"categories":[6],"tags":[],"class_list":["post-43428","post","type-post","status-publish","format-standard","has-post-thumbnail","hentry","category-queretaro-capital-e-industria","entry","has-media"],"acf":[],"yoast_head":"<!-- This site is optimized with the Yoast SEO plugin v24.7 - https:\/\/yoast.com\/wordpress\/plugins\/seo\/ -->\n<title>Inicia operaciones Transporte Escolar Gratuito para ciclo escolar 2026-2027 en municipio de Quer\u00e9taro - Nativo Quer\u00e9taro<\/title>\n<meta name=\"robots\" content=\"index, follow, max-snippet:-1, max-image-preview:large, max-video-preview:-1\" \/>\n<link rel=\"canonical\" href=\"https:\/\/nativoqueretaro.mx\/index.php\/2026\/09\/01\/inicia-operaciones-transporte-escolar-gratuito-para-ciclo-escolar-2026-2027-en-municipio-de-queretaro\/\" \/>\n<meta property=\"og:locale\" content=\"es_MX\" \/>\n<meta property=\"og:type\" content=\"article\" \/>\n<meta property=\"og:title\" content=\"Inicia operaciones Transporte Escolar Gratuito para ciclo escolar 2026-2027 en municipio de Quer\u00e9taro - Nativo Quer\u00e9taro\" \/>\n<meta property=\"og:description\" content=\"Quer\u00e9taro, Qro., 1 de septiembre de 2026.- Con motivo del regreso a clases para el ciclo escolar 2026-2027 de educaci\u00f3n b\u00e1sica, el municipio de Quer\u00e9taro, a trav\u00e9s de la Secretar\u00eda de Movilidad, puso en marcha el Transporte Escolar Gratuito, programa que brinda a las y los estudiantes una alternativa segura, accesible y sin costo para [&hellip;]\" \/>\n<meta property=\"og:url\" content=\"https:\/\/nativoqueretaro.mx\/index.php\/2026\/09\/01\/inicia-operaciones-transporte-escolar-gratuito-para-ciclo-escolar-2026-2027-en-municipio-de-queretaro\/\" \/>\n<meta property=\"og:site_name\" content=\"Nativo Quer\u00e9taro\" \/>\n<meta property=\"article:published_time\" content=\"2026-09-01T17:23:03+00:00\" \/>\n<meta property=\"og:image\" content=\"https:\/\/nativoqueretaro.mx\/wp-content\/uploads\/2026\/09\/Transporte-escolar-gratuito.webp\" \/>\n\t<meta property=\"og:image:width\" content=\"852\" \/>\n\t<meta property=\"og:image:height\" content=\"500\" \/>\n\t<meta property=\"og:image:type\" content=\"image\/webp\" \/>\n<meta name=\"author\" content=\"NativoQro\" \/>\n<meta name=\"twitter:card\" content=\"summary_large_image\" \/>\n<meta name=\"twitter:label1\" content=\"Escrito por\" \/>\n\t<meta name=\"twitter:data1\" content=\"NativoQro\" \/>\n\t<meta name=\"twitter:label2\" content=\"Tiempo de lectura\" \/>\n\t<meta name=\"twitter:data2\" content=\"2 minutos\" \/>\n<script type=\"application\/ld+json\" class=\"yoast-schema-graph\">{\"@context\":\"https:\/\/schema.org\",\"@graph\":[{\"@type\":\"Article\",\"@id\":\"https:\/\/nativoqueretaro.mx\/index.php\/2026\/09\/01\/inicia-operaciones-transporte-escolar-gratuito-para-ciclo-escolar-2026-2027-en-municipio-de-queretaro\/#article\",\"isPartOf\":{\"@id\":\"https:\/\/nativoqueretaro.mx\/index.php\/2026\/09\/01\/inicia-operaciones-transporte-escolar-gratuito-para-ciclo-escolar-2026-2027-en-municipio-de-queretaro\/\"},\"author\":{\"name\":\"NativoQro\",\"@id\":\"https:\/\/nativoqueretaro.mx\/#\/schema\/person\/9cb2d9bff62be7a0a4a39066c9eac822\"},\"headline\":\"Inicia operaciones Transporte Escolar Gratuito para ciclo escolar 2026-2027 en municipio de Quer\u00e9taro\",\"datePublished\":\"2026-09-01T17:23:03+00:00\",\"mainEntityOfPage\":{\"@id\":\"https:\/\/nativoqueretaro.mx\/index.php\/2026\/09\/01\/inicia-operaciones-transporte-escolar-gratuito-para-ciclo-escolar-2026-2027-en-municipio-de-queretaro\/\"},\"wordCount\":311,\"commentCount\":0,\"publisher\":{\"@id\":\"https:\/\/nativoqueretaro.mx\/#organization\"},\"image\":{\"@id\":\"https:\/\/nativoqueretaro.mx\/index.php\/2026\/09\/01\/inicia-operaciones-transporte-escolar-gratuito-para-ciclo-escolar-2026-2027-en-municipio-de-queretaro\/#primaryimage\"},\"thumbnailUrl\":\"https:\/\/nativoqueretaro.mx\/wp-content\/uploads\/2026\/09\/Transporte-escolar-gratuito.webp\",\"articleSection\":[\"Quer\u00e9taro Capital e Industria\"],\"inLanguage\":\"es\",\"potentialAction\":[{\"@type\":\"CommentAction\",\"name\":\"Comment\",\"target\":[\"https:\/\/nativoqueretaro.mx\/index.php\/2026\/09\/01\/inicia-operaciones-transporte-escolar-gratuito-para-ciclo-escolar-2026-2027-en-municipio-de-queretaro\/#respond\"]}]},{\"@type\":\"WebPage\",\"@id\":\"https:\/\/nativoqueretaro.mx\/index.php\/2026\/09\/01\/inicia-operaciones-transporte-escolar-gratuito-para-ciclo-escolar-2026-2027-en-municipio-de-queretaro\/\",\"url\":\"https:\/\/nativoqueretaro.mx\/index.php\/2026\/09\/01\/inicia-operaciones-transporte-escolar-gratuito-para-ciclo-escolar-2026-2027-en-municipio-de-queretaro\/\",\"name\":\"Inicia operaciones Transporte Escolar Gratuito para ciclo escolar 2026-2027 en municipio de Quer\u00e9taro - Nativo Quer\u00e9taro\",\"isPartOf\":{\"@id\":\"https:\/\/nativoqueretaro.mx\/#website\"},\"primaryImageOfPage\":{\"@id\":\"https:\/\/nativoqueretaro.mx\/index.php\/2026\/09\/01\/inicia-operaciones-transporte-escolar-gratuito-para-ciclo-escolar-2026-2027-en-municipio-de-queretaro\/#primaryimage\"},\"image\":{\"@id\":\"https:\/\/nativoqueretaro.mx\/index.php\/2026\/09\/01\/inicia-operaciones-transporte-escolar-gratuito-para-ciclo-escolar-2026-2027-en-municipio-de-queretaro\/#primaryimage\"},\"thumbnailUrl\":\"https:\/\/nativoqueretaro.mx\/wp-content\/uploads\/2026\/09\/Transporte-escolar-gratuito.webp\",\"datePublished\":\"2026-09-01T17:23:03+00:00\",\"breadcrumb\":{\"@id\":\"https:\/\/nativoqueretaro.mx\/index.php\/2026\/09\/01\/inicia-operaciones-transporte-escolar-gratuito-para-ciclo-escolar-2026-2027-en-municipio-de-queretaro\/#breadcrumb\"},\"inLanguage\":\"es\",\"potentialAction\":[{\"@type\":\"ReadAction\",\"target\":[\"https:\/\/nativoqueretaro.mx\/index.php\/2026\/09\/01\/inicia-operaciones-transporte-escolar-gratuito-para-ciclo-escolar-2026-2027-en-municipio-de-queretaro\/\"]}]},{\"@type\":\"ImageObject\",\"inLanguage\":\"es\",\"@id\":\"https:\/\/nativoqueretaro.mx\/index.php\/2026\/09\/01\/inicia-operaciones-transporte-escolar-gratuito-para-ciclo-escolar-2026-2027-en-municipio-de-queretaro\/#primaryimage\",\"url\":\"https:\/\/nativoqueretaro.mx\/wp-content\/uploads\/2026\/09\/Transporte-escolar-gratuito.webp\",\"contentUrl\":\"https:\/\/nativoqueretaro.mx\/wp-content\/uploads\/2026\/09\/Transporte-escolar-gratuito.webp\",\"width\":852,\"height\":500},{\"@type\":\"BreadcrumbList\",\"@id\":\"https:\/\/nativoqueretaro.mx\/index.php\/2026\/09\/01\/inicia-operaciones-transporte-escolar-gratuito-para-ciclo-escolar-2026-2027-en-municipio-de-queretaro\/#breadcrumb\",\"itemListElement\":[{\"@type\":\"ListItem\",\"position\":1,\"name\":\"Home\",\"item\":\"https:\/\/nativoqueretaro.mx\/\"},{\"@type\":\"ListItem\",\"position\":2,\"name\":\"Inicia operaciones Transporte Escolar Gratuito para ciclo escolar 2026-2027 en municipio de Quer\u00e9taro\"}]},{\"@type\":\"WebSite\",\"@id\":\"https:\/\/nativoqueretaro.mx\/#website\",\"url\":\"https:\/\/nativoqueretaro.mx\/\",\"name\":\"Nativo Quer\u00e9taro\",\"description\":\"\",\"publisher\":{\"@id\":\"https:\/\/nativoqueretaro.mx\/#organization\"},\"potentialAction\":[{\"@type\":\"SearchAction\",\"target\":{\"@type\":\"EntryPoint\",\"urlTemplate\":\"https:\/\/nativoqueretaro.mx\/?s={search_term_string}\"},\"query-input\":{\"@type\":\"PropertyValueSpecification\",\"valueRequired\":true,\"valueName\":\"search_term_string\"}}],\"inLanguage\":\"es\"},{\"@type\":\"Organization\",\"@id\":\"https:\/\/nativoqueretaro.mx\/#organization\",\"name\":\"Nativo Quer\u00e9taro\",\"url\":\"https:\/\/nativoqueretaro.mx\/\",\"logo\":{\"@type\":\"ImageObject\",\"inLanguage\":\"es\",\"@id\":\"https:\/\/nativoqueretaro.mx\/#\/schema\/logo\/image\/\",\"url\":\"https:\/\/nativoqueretaro.mx\/wp-content\/uploads\/2025\/01\/NATIVO_QRO_white.svg\",\"contentUrl\":\"https:\/\/nativoqueretaro.mx\/wp-content\/uploads\/2025\/01\/NATIVO_QRO_white.svg\",\"caption\":\"Nativo Quer\u00e9taro\"},\"image\":{\"@id\":\"https:\/\/nativoqueretaro.mx\/#\/schema\/logo\/image\/\"}},{\"@type\":\"Person\",\"@id\":\"https:\/\/nativoqueretaro.mx\/#\/schema\/person\/9cb2d9bff62be7a0a4a39066c9eac822\",\"name\":\"NativoQro\",\"image\":{\"@type\":\"ImageObject\",\"inLanguage\":\"es\",\"@id\":\"https:\/\/nativoqueretaro.mx\/#\/schema\/person\/image\/\",\"url\":\"https:\/\/secure.gravatar.com\/avatar\/0574151f0584a2a8056a6d87f37cd6abc6c709a951c8e822eb1ab470a5022bc5?s=96&d=mm&r=g\",\"contentUrl\":\"https:\/\/secure.gravatar.com\/avatar\/0574151f0584a2a8056a6d87f37cd6abc6c709a951c8e822eb1ab470a5022bc5?s=96&d=mm&r=g\",\"caption\":\"NativoQro\"},\"url\":\"https:\/\/nativoqueretaro.mx\/index.php\/author\/nativoadmin\/\"}]}<\/script>\n<!-- \/ Yoast SEO plugin. -->","yoast_head_json":{"title":"Inicia operaciones Transporte Escolar Gratuito para ciclo escolar 2026-2027 en municipio de Quer\u00e9taro - Nativo Quer\u00e9taro","robots":{"index":"index","follow":"follow","max-snippet":"max-snippet:-1","max-image-preview":"max-image-preview:large","max-video-preview":"max-video-preview:-1"},"canonical":"https:\/\/nativoqueretaro.mx\/index.php\/2026\/09\/01\/inicia-operaciones-transporte-escolar-gratuito-para-ciclo-escolar-2026-2027-en-municipio-de-queretaro\/","og_locale":"es_MX","og_type":"article","og_title":"Inicia operaciones Transporte Escolar Gratuito para ciclo escolar 2026-2027 en municipio de Quer\u00e9taro - Nativo Quer\u00e9taro","og_description":"Quer\u00e9taro, Qro., 1 de septiembre de 2026.- Con motivo del regreso a clases para el ciclo escolar 2026-2027 de educaci\u00f3n b\u00e1sica, el municipio de Quer\u00e9taro, a trav\u00e9s de la Secretar\u00eda de Movilidad, puso en marcha el Transporte Escolar Gratuito, programa que brinda a las y los estudiantes una alternativa segura, accesible y sin costo para [&hellip;]","og_url":"https:\/\/nativoqueretaro.mx\/index.php\/2026\/09\/01\/inicia-operaciones-transporte-escolar-gratuito-para-ciclo-escolar-2026-2027-en-municipio-de-queretaro\/","og_site_name":"Nativo Quer\u00e9taro","article_published_time":"2026-09-01T17:23:03+00:00","og_image":[{"width":852,"height":500,"url":"https:\/\/nativoqueretaro.mx\/wp-content\/uploads\/2026\/09\/Transporte-escolar-gratuito.webp","type":"image\/webp"}],"author":"NativoQro","twitter_card":"summary_large_image","twitter_misc":{"Escrito por":"NativoQro","Tiempo de lectura":"2 minutos"},"schema":{"@context":"https:\/\/schema.org","@graph":[{"@type":"Article","@id":"https:\/\/nativoqueretaro.mx\/index.php\/2026\/09\/01\/inicia-operaciones-transporte-escolar-gratuito-para-ciclo-escolar-2026-2027-en-municipio-de-queretaro\/#article","isPartOf":{"@id":"https:\/\/nativoqueretaro.mx\/index.php\/2026\/09\/01\/inicia-operaciones-transporte-escolar-gratuito-para-ciclo-escolar-2026-2027-en-municipio-de-queretaro\/"},"author":{"name":"NativoQro","@id":"https:\/\/nativoqueretaro.mx\/#\/schema\/person\/9cb2d9bff62be7a0a4a39066c9eac822"},"headline":"Inicia operaciones Transporte Escolar Gratuito para ciclo escolar 2026-2027 en municipio de Quer\u00e9taro","datePublished":"2026-09-01T17:23:03+00:00","mainEntityOfPage":{"@id":"https:\/\/nativoqueretaro.mx\/index.php\/2026\/09\/01\/inicia-operaciones-transporte-escolar-gratuito-para-ciclo-escolar-2026-2027-en-municipio-de-queretaro\/"},"wordCount":311,"commentCount":0,"publisher":{"@id":"https:\/\/nativoqueretaro.mx\/#organization"},"image":{"@id":"https:\/\/nativoqueretaro.mx\/index.php\/2026\/09\/01\/inicia-operaciones-transporte-escolar-gratuito-para-ciclo-escolar-2026-2027-en-municipio-de-queretaro\/#primaryimage"},"thumbnailUrl":"https:\/\/nativoqueretaro.mx\/wp-content\/uploads\/2026\/09\/Transporte-escolar-gratuito.webp","articleSection":["Quer\u00e9taro Capital e Industria"],"inLanguage":"es","potentialAction":[{"@type":"CommentAction","name":"Comment","target":["https:\/\/nativoqueretaro.mx\/index.php\/2026\/09\/01\/inicia-operaciones-transporte-escolar-gratuito-para-ciclo-escolar-2026-2027-en-municipio-de-queretaro\/#respond"]}]},{"@type":"WebPage","@id":"https:\/\/nativoqueretaro.mx\/index.php\/2026\/09\/01\/inicia-operaciones-transporte-escolar-gratuito-para-ciclo-escolar-2026-2027-en-municipio-de-queretaro\/","url":"https:\/\/nativoqueretaro.mx\/index.php\/2026\/09\/01\/inicia-operaciones-transporte-escolar-gratuito-para-ciclo-escolar-2026-2027-en-municipio-de-queretaro\/","name":"Inicia operaciones Transporte Escolar Gratuito para ciclo escolar 2026-2027 en municipio de Quer\u00e9taro - Nativo Quer\u00e9taro","isPartOf":{"@id":"https:\/\/nativoqueretaro.mx\/#website"},"primaryImageOfPage":{"@id":"https:\/\/nativoqueretaro.mx\/index.php\/2026\/09\/01\/inicia-operaciones-transporte-escolar-gratuito-para-ciclo-escolar-2026-2027-en-municipio-de-queretaro\/#primaryimage"},"image":{"@id":"https:\/\/nativoqueretaro.mx\/index.php\/2026\/09\/01\/inicia-operaciones-transporte-escolar-gratuito-para-ciclo-escolar-2026-2027-en-municipio-de-queretaro\/#primaryimage"},"thumbnailUrl":"https:\/\/nativoqueretaro.mx\/wp-content\/uploads\/2026\/09\/Transporte-escolar-gratuito.webp","datePublished":"2026-09-01T17:23:03+00:00","breadcrumb":{"@id":"https:\/\/nativoqueretaro.mx\/index.php\/2026\/09\/01\/inicia-operaciones-transporte-escolar-gratuito-para-ciclo-escolar-2026-2027-en-municipio-de-queretaro\/#breadcrumb"},"inLanguage":"es","potentialAction":[{"@type":"ReadAction","target":["https:\/\/nativoqueretaro.mx\/index.php\/2026\/09\/01\/inicia-operaciones-transporte-escolar-gratuito-para-ciclo-escolar-2026-2027-en-municipio-de-queretaro\/"]}]},{"@type":"ImageObject","inLanguage":"es","@id":"https:\/\/nativoqueretaro.mx\/index.php\/2026\/09\/01\/inicia-operaciones-transporte-escolar-gratuito-para-ciclo-escolar-2026-2027-en-municipio-de-queretaro\/#primaryimage","url":"https:\/\/nativoqueretaro.mx\/wp-content\/uploads\/2026\/09\/Transporte-escolar-gratuito.webp","contentUrl":"https:\/\/nativoqueretaro.mx\/wp-content\/uploads\/2026\/09\/Transporte-escolar-gratuito.webp","width":852,"height":500},{"@type":"BreadcrumbList","@id":"https:\/\/nativoqueretaro.mx\/index.php\/2026\/09\/01\/inicia-operaciones-transporte-escolar-gratuito-para-ciclo-escolar-2026-2027-en-municipio-de-queretaro\/#breadcrumb","itemListElement":[{"@type":"ListItem","position":1,"name":"Home","item":"https:\/\/nativoqueretaro.mx\/"},{"@type":"ListItem","position":2,"name":"Inicia operaciones Transporte Escolar Gratuito para ciclo escolar 2026-2027 en municipio de Quer\u00e9taro"}]},{"@type":"WebSite","@id":"https:\/\/nativoqueretaro.mx\/#website","url":"https:\/\/nativoqueretaro.mx\/","name":"Nativo Quer\u00e9taro","description":"","publisher":{"@id":"https:\/\/nativoqueretaro.mx\/#organization"},"potentialAction":[{"@type":"SearchAction","target":{"@type":"EntryPoint","urlTemplate":"https:\/\/nativoqueretaro.mx\/?s={search_term_string}"},"query-input":{"@type":"PropertyValueSpecification","valueRequired":true,"valueName":"search_term_string"}}],"inLanguage":"es"},{"@type":"Organization","@id":"https:\/\/nativoqueretaro.mx\/#organization","name":"Nativo Quer\u00e9taro","url":"https:\/\/nativoqueretaro.mx\/","logo":{"@type":"ImageObject","inLanguage":"es","@id":"https:\/\/nativoqueretaro.mx\/#\/schema\/logo\/image\/","url":"https:\/\/nativoqueretaro.mx\/wp-content\/uploads\/2025\/01\/NATIVO_QRO_white.svg","contentUrl":"https:\/\/nativoqueretaro.mx\/wp-content\/uploads\/2025\/01\/NATIVO_QRO_white.svg","caption":"Nativo Quer\u00e9taro"},"image":{"@id":"https:\/\/nativoqueretaro.mx\/#\/schema\/logo\/image\/"}},{"@type":"Person","@id":"https:\/\/nativoqueretaro.mx\/#\/schema\/person\/9cb2d9bff62be7a0a4a39066c9eac822","name":"NativoQro","image":{"@type":"ImageObject","inLanguage":"es","@id":"https:\/\/nativoqueretaro.mx\/#\/schema\/person\/image\/","url":"https:\/\/secure.gravatar.com\/avatar\/0574151f0584a2a8056a6d87f37cd6abc6c709a951c8e822eb1ab470a5022bc5?s=96&d=mm&r=g","contentUrl":"https:\/\/secure.gravatar.com\/avatar\/0574151f0584a2a8056a6d87f37cd6abc6c709a951c8e822eb1ab470a5022bc5?s=96&d=mm&r=g","caption":"NativoQro"},"url":"https:\/\/nativoqueretaro.mx\/index.php\/author\/nativoadmin\/"}]}},"_links":{"self":[{"href":"https:\/\/nativoqueretaro.mx\/index.php\/wp-json\/wp\/v2\/posts\/43428","targetHints":{"allow":["GET"]}}],"collection":[{"href":"https:\/\/nativoqueretaro.mx\/index.php\/wp-json\/wp\/v2\/posts"}],"about":[{"href":"https:\/\/nativoqueretaro.mx\/index.php\/wp-json\/wp\/v2\/types\/post"}],"author":[{"embeddable":true,"href":"https:\/\/nativoqueretaro.mx\/index.php\/wp-json\/wp\/v2\/users\/1"}],"replies":[{"embeddable":true,"href":"https:\/\/nativoqueretaro.mx\/index.php\/wp-json\/wp\/v2\/comments?post=43428"}],"version-history":[{"count":1,"href":"https:\/\/nativoqueretaro.mx\/index.php\/wp-json\/wp\/v2\/posts\/43428\/revisions"}],"predecessor-version":[{"id":43430,"href":"https:\/\/nativoqueretaro.mx\/index.php\/wp-json\/wp\/v2\/posts\/43428\/revisions\/43430"}],"wp:featuredmedia":[{"embeddable":true,"href":"https:\/\/nativoqueretaro.mx\/index.php\/wp-json\/wp\/v2\/media\/43429"}],"wp:attachment":[{"href":"https:\/\/nativoqueretaro.mx\/index.php\/wp-json\/wp\/v2\/media?parent=43428"}],"wp:term":[{"taxonomy":"category","embeddable":true,"href":"https:\/\/nativoqueretaro.mx\/index.php\/wp-json\/wp\/v2\/categories?post=43428"},{"taxonomy":"post_tag","embeddable":true,"href":"https:\/\/nativoqueretaro.mx\/index.php\/wp-json\/wp\/v2\/tags?post=43428"}],"curies":[{"name":"wp","href":"https:\/\/api.w.org\/{rel}","templated":true}]}}