{"id":43412,"date":"2026-08-31T17:12:33","date_gmt":"2026-08-31T17:12:33","guid":{"rendered":"https:\/\/nativoqueretaro.mx\/?p=43412"},"modified":"2026-08-31T17:12:33","modified_gmt":"2026-08-31T17:12:33","slug":"reconocen-estrategia-de-movilidad-del-municipio-de-queretaro-entre-mejores-practicas-locales","status":"publish","type":"post","link":"https:\/\/nativoqueretaro.mx\/index.php\/2026\/08\/31\/reconocen-estrategia-de-movilidad-del-municipio-de-queretaro-entre-mejores-practicas-locales\/","title":{"rendered":"Reconocen estrategia de movilidad del municipio de Quer\u00e9taro entre mejores pr\u00e1cticas locales"},"content":{"rendered":"<p>Quer\u00e9taro, Qro., 31 de agosto de 2026.- La estrategia de movilidad del municipio de Quer\u00e9taro en la administraci\u00f3n de Felifer Mac\u00edas fue reconocida con el Premio a las Mejores Pr\u00e1cticas de Gobiernos Locales 2026, otorgado por Alcaldes de M\u00e9xico, en la categor\u00eda de Movilidad Urbana, por modernizar el sistema de transporte p\u00fablico municipal y avanzar hacia un modelo de movilidad integral y multimodal.<\/p>\n<p>El reconocimiento se enmarca en los 17 a\u00f1os de trayectoria de Alcaldes de M\u00e9xico, que distingue las acciones m\u00e1s destacadas de gobiernos municipales y estatales a trav\u00e9s del Premio a las Mejores Pr\u00e1cticas de Gobiernos Locales, que en 2026 celebra su d\u00e9cima sexta edici\u00f3n.<\/p>\n<p>Quer\u00e9taro, Qro., 28 de agosto de 2026.- La estrategia de movilidad del municipio de Quer\u00e9taro en la administraci\u00f3n de Felifer Mac\u00edas fue reconocida con el Premio a las Mejores Pr\u00e1cticas de Gobiernos Locales 2026, otorgado por Alcaldes de M\u00e9xico, en la categor\u00eda de Movilidad Urbana, por modernizar el sistema de transporte p\u00fablico municipal y avanzar hacia un modelo de movilidad integral y multimodal.<\/p>\n<p>El reconocimiento se enmarca en los 17 a\u00f1os de trayectoria de Alcaldes de M\u00e9xico, que distingue las acciones m\u00e1s destacadas de gobiernos municipales y estatales a trav\u00e9s del Premio a las Mejores Pr\u00e1cticas de Gobiernos Locales, que en 2026 celebra su d\u00e9cima sexta edici\u00f3n.<\/p>\n<p>En lo que va de la presente administraci\u00f3n municipal, se han registrado m\u00e1s de 5 millones 513 mil ascensos al Sistema de Transporte Integral del Municipio de Quer\u00e9taro, lo que implica un ahorro de m\u00e1s de 167 millones de pesos para la econom\u00eda de las familias.<\/p>\n<p>Actualmente, el 100 por ciento de las unidades cuenta con cuatro c\u00e1maras internas y dos externas, conectadas a una plataforma de monitoreo. Asimismo, incorporan validadores en todas las unidades, y la integraci\u00f3n con Qrob\u00fas permiten realizar transbordos gratuitos y consultar informaci\u00f3n de rutas, ubicaci\u00f3n en tiempo real y sugerencias de viaje mediante la aplicaci\u00f3n de Qrob\u00fas.<\/p>\n<p>&nbsp;<\/p>\n","protected":false},"excerpt":{"rendered":"<p>Quer\u00e9taro, Qro., 31 de agosto de 2026.- La estrategia de movilidad del municipio de Quer\u00e9taro en la administraci\u00f3n de Felifer Mac\u00edas fue reconocida con el Premio a las Mejores Pr\u00e1cticas de Gobiernos Locales 2026, otorgado por Alcaldes de M\u00e9xico, en la categor\u00eda de Movilidad Urbana, por modernizar el sistema de transporte p\u00fablico municipal y avanzar [&hellip;]<\/p>\n","protected":false},"author":1,"featured_media":43413,"comment_status":"open","ping_status":"open","sticky":false,"template":"","format":"standard","meta":{"_acf_changed":false,"ocean_post_layout":"","ocean_both_sidebars_style":"","ocean_both_sidebars_content_width":0,"ocean_both_sidebars_sidebars_width":0,"ocean_sidebar":"0","ocean_second_sidebar":"0","ocean_disable_margins":"enable","ocean_add_body_class":"","ocean_shortcode_before_top_bar":"","ocean_shortcode_after_top_bar":"","ocean_shortcode_before_header":"","ocean_shortcode_after_header":"","ocean_has_shortcode":"","ocean_shortcode_after_title":"","ocean_shortcode_before_footer_widgets":"","ocean_shortcode_after_footer_widgets":"","ocean_shortcode_before_footer_bottom":"","ocean_shortcode_after_footer_bottom":"","ocean_display_top_bar":"default","ocean_display_header":"default","ocean_header_style":"","ocean_center_header_left_menu":"0","ocean_custom_header_template":"0","ocean_custom_logo":0,"ocean_custom_retina_logo":0,"ocean_custom_logo_max_width":0,"ocean_custom_logo_tablet_max_width":0,"ocean_custom_logo_mobile_max_width":0,"ocean_custom_logo_max_height":0,"ocean_custom_logo_tablet_max_height":0,"ocean_custom_logo_mobile_max_height":0,"ocean_header_custom_menu":"0","ocean_menu_typo_font_family":"0","ocean_menu_typo_font_subset":"","ocean_menu_typo_font_size":0,"ocean_menu_typo_font_size_tablet":0,"ocean_menu_typo_font_size_mobile":0,"ocean_menu_typo_font_size_unit":"px","ocean_menu_typo_font_weight":"","ocean_menu_typo_font_weight_tablet":"","ocean_menu_typo_font_weight_mobile":"","ocean_menu_typo_transform":"","ocean_menu_typo_transform_tablet":"","ocean_menu_typo_transform_mobile":"","ocean_menu_typo_line_height":0,"ocean_menu_typo_line_height_tablet":0,"ocean_menu_typo_line_height_mobile":0,"ocean_menu_typo_line_height_unit":"","ocean_menu_typo_spacing":0,"ocean_menu_typo_spacing_tablet":0,"ocean_menu_typo_spacing_mobile":0,"ocean_menu_typo_spacing_unit":"","ocean_menu_link_color":"","ocean_menu_link_color_hover":"","ocean_menu_link_color_active":"","ocean_menu_link_background":"","ocean_menu_link_hover_background":"","ocean_menu_link_active_background":"","ocean_menu_social_links_bg":"","ocean_menu_social_hover_links_bg":"","ocean_menu_social_links_color":"","ocean_menu_social_hover_links_color":"","ocean_disable_title":"default","ocean_disable_heading":"default","ocean_post_title":"","ocean_post_subheading":"","ocean_post_title_style":"","ocean_post_title_background_color":"","ocean_post_title_background":0,"ocean_post_title_bg_image_position":"","ocean_post_title_bg_image_attachment":"","ocean_post_title_bg_image_repeat":"","ocean_post_title_bg_image_size":"","ocean_post_title_height":0,"ocean_post_title_bg_overlay":0.5,"ocean_post_title_bg_overlay_color":"","ocean_disable_breadcrumbs":"default","ocean_breadcrumbs_color":"","ocean_breadcrumbs_separator_color":"","ocean_breadcrumbs_links_color":"","ocean_breadcrumbs_links_hover_color":"","ocean_display_footer_widgets":"default","ocean_display_footer_bottom":"default","ocean_custom_footer_template":"0","ocean_post_oembed":"","ocean_post_self_hosted_media":"","ocean_post_video_embed":"","ocean_link_format":"","ocean_link_format_target":"self","ocean_quote_format":"","ocean_quote_format_link":"post","ocean_gallery_link_images":"on","ocean_gallery_id":[],"footnotes":""},"categories":[6],"tags":[],"class_list":["post-43412","post","type-post","status-publish","format-standard","has-post-thumbnail","hentry","category-queretaro-capital-e-industria","entry","has-media"],"acf":[],"yoast_head":"<!-- This site is optimized with the Yoast SEO plugin v24.7 - https:\/\/yoast.com\/wordpress\/plugins\/seo\/ -->\n<title>Reconocen estrategia de movilidad del municipio de Quer\u00e9taro entre mejores pr\u00e1cticas locales - Nativo Quer\u00e9taro<\/title>\n<meta name=\"robots\" content=\"index, follow, max-snippet:-1, max-image-preview:large, max-video-preview:-1\" \/>\n<link rel=\"canonical\" href=\"https:\/\/nativoqueretaro.mx\/index.php\/2026\/08\/31\/reconocen-estrategia-de-movilidad-del-municipio-de-queretaro-entre-mejores-practicas-locales\/\" \/>\n<meta property=\"og:locale\" content=\"es_MX\" \/>\n<meta property=\"og:type\" content=\"article\" \/>\n<meta property=\"og:title\" content=\"Reconocen estrategia de movilidad del municipio de Quer\u00e9taro entre mejores pr\u00e1cticas locales - Nativo Quer\u00e9taro\" \/>\n<meta property=\"og:description\" content=\"Quer\u00e9taro, Qro., 31 de agosto de 2026.- La estrategia de movilidad del municipio de Quer\u00e9taro en la administraci\u00f3n de Felifer Mac\u00edas fue reconocida con el Premio a las Mejores Pr\u00e1cticas de Gobiernos Locales 2026, otorgado por Alcaldes de M\u00e9xico, en la categor\u00eda de Movilidad Urbana, por modernizar el sistema de transporte p\u00fablico municipal y avanzar [&hellip;]\" \/>\n<meta property=\"og:url\" content=\"https:\/\/nativoqueretaro.mx\/index.php\/2026\/08\/31\/reconocen-estrategia-de-movilidad-del-municipio-de-queretaro-entre-mejores-practicas-locales\/\" \/>\n<meta property=\"og:site_name\" content=\"Nativo Quer\u00e9taro\" \/>\n<meta property=\"article:published_time\" content=\"2026-08-31T17:12:33+00:00\" \/>\n<meta property=\"og:image\" content=\"https:\/\/nativoqueretaro.mx\/wp-content\/uploads\/2026\/08\/Reconocimiento-movilidad-agosto-2026-qro-municipio2-852x500-1.webp\" \/>\n\t<meta property=\"og:image:width\" content=\"852\" \/>\n\t<meta property=\"og:image:height\" content=\"500\" \/>\n\t<meta property=\"og:image:type\" content=\"image\/webp\" \/>\n<meta name=\"author\" content=\"NativoQro\" \/>\n<meta name=\"twitter:card\" content=\"summary_large_image\" \/>\n<meta name=\"twitter:label1\" content=\"Escrito por\" \/>\n\t<meta name=\"twitter:data1\" content=\"NativoQro\" \/>\n\t<meta name=\"twitter:label2\" content=\"Tiempo de lectura\" \/>\n\t<meta name=\"twitter:data2\" content=\"2 minutos\" \/>\n<script type=\"application\/ld+json\" class=\"yoast-schema-graph\">{\"@context\":\"https:\/\/schema.org\",\"@graph\":[{\"@type\":\"Article\",\"@id\":\"https:\/\/nativoqueretaro.mx\/index.php\/2026\/08\/31\/reconocen-estrategia-de-movilidad-del-municipio-de-queretaro-entre-mejores-practicas-locales\/#article\",\"isPartOf\":{\"@id\":\"https:\/\/nativoqueretaro.mx\/index.php\/2026\/08\/31\/reconocen-estrategia-de-movilidad-del-municipio-de-queretaro-entre-mejores-practicas-locales\/\"},\"author\":{\"name\":\"NativoQro\",\"@id\":\"https:\/\/nativoqueretaro.mx\/#\/schema\/person\/9cb2d9bff62be7a0a4a39066c9eac822\"},\"headline\":\"Reconocen estrategia de movilidad del municipio de Quer\u00e9taro entre mejores pr\u00e1cticas locales\",\"datePublished\":\"2026-08-31T17:12:33+00:00\",\"mainEntityOfPage\":{\"@id\":\"https:\/\/nativoqueretaro.mx\/index.php\/2026\/08\/31\/reconocen-estrategia-de-movilidad-del-municipio-de-queretaro-entre-mejores-practicas-locales\/\"},\"wordCount\":361,\"commentCount\":0,\"publisher\":{\"@id\":\"https:\/\/nativoqueretaro.mx\/#organization\"},\"image\":{\"@id\":\"https:\/\/nativoqueretaro.mx\/index.php\/2026\/08\/31\/reconocen-estrategia-de-movilidad-del-municipio-de-queretaro-entre-mejores-practicas-locales\/#primaryimage\"},\"thumbnailUrl\":\"https:\/\/nativoqueretaro.mx\/wp-content\/uploads\/2026\/08\/Reconocimiento-movilidad-agosto-2026-qro-municipio2-852x500-1.webp\",\"articleSection\":[\"Quer\u00e9taro Capital e Industria\"],\"inLanguage\":\"es\",\"potentialAction\":[{\"@type\":\"CommentAction\",\"name\":\"Comment\",\"target\":[\"https:\/\/nativoqueretaro.mx\/index.php\/2026\/08\/31\/reconocen-estrategia-de-movilidad-del-municipio-de-queretaro-entre-mejores-practicas-locales\/#respond\"]}]},{\"@type\":\"WebPage\",\"@id\":\"https:\/\/nativoqueretaro.mx\/index.php\/2026\/08\/31\/reconocen-estrategia-de-movilidad-del-municipio-de-queretaro-entre-mejores-practicas-locales\/\",\"url\":\"https:\/\/nativoqueretaro.mx\/index.php\/2026\/08\/31\/reconocen-estrategia-de-movilidad-del-municipio-de-queretaro-entre-mejores-practicas-locales\/\",\"name\":\"Reconocen estrategia de movilidad del municipio de Quer\u00e9taro entre mejores pr\u00e1cticas locales - Nativo Quer\u00e9taro\",\"isPartOf\":{\"@id\":\"https:\/\/nativoqueretaro.mx\/#website\"},\"primaryImageOfPage\":{\"@id\":\"https:\/\/nativoqueretaro.mx\/index.php\/2026\/08\/31\/reconocen-estrategia-de-movilidad-del-municipio-de-queretaro-entre-mejores-practicas-locales\/#primaryimage\"},\"image\":{\"@id\":\"https:\/\/nativoqueretaro.mx\/index.php\/2026\/08\/31\/reconocen-estrategia-de-movilidad-del-municipio-de-queretaro-entre-mejores-practicas-locales\/#primaryimage\"},\"thumbnailUrl\":\"https:\/\/nativoqueretaro.mx\/wp-content\/uploads\/2026\/08\/Reconocimiento-movilidad-agosto-2026-qro-municipio2-852x500-1.webp\",\"datePublished\":\"2026-08-31T17:12:33+00:00\",\"breadcrumb\":{\"@id\":\"https:\/\/nativoqueretaro.mx\/index.php\/2026\/08\/31\/reconocen-estrategia-de-movilidad-del-municipio-de-queretaro-entre-mejores-practicas-locales\/#breadcrumb\"},\"inLanguage\":\"es\",\"potentialAction\":[{\"@type\":\"ReadAction\",\"target\":[\"https:\/\/nativoqueretaro.mx\/index.php\/2026\/08\/31\/reconocen-estrategia-de-movilidad-del-municipio-de-queretaro-entre-mejores-practicas-locales\/\"]}]},{\"@type\":\"ImageObject\",\"inLanguage\":\"es\",\"@id\":\"https:\/\/nativoqueretaro.mx\/index.php\/2026\/08\/31\/reconocen-estrategia-de-movilidad-del-municipio-de-queretaro-entre-mejores-practicas-locales\/#primaryimage\",\"url\":\"https:\/\/nativoqueretaro.mx\/wp-content\/uploads\/2026\/08\/Reconocimiento-movilidad-agosto-2026-qro-municipio2-852x500-1.webp\",\"contentUrl\":\"https:\/\/nativoqueretaro.mx\/wp-content\/uploads\/2026\/08\/Reconocimiento-movilidad-agosto-2026-qro-municipio2-852x500-1.webp\",\"width\":852,\"height\":500},{\"@type\":\"BreadcrumbList\",\"@id\":\"https:\/\/nativoqueretaro.mx\/index.php\/2026\/08\/31\/reconocen-estrategia-de-movilidad-del-municipio-de-queretaro-entre-mejores-practicas-locales\/#breadcrumb\",\"itemListElement\":[{\"@type\":\"ListItem\",\"position\":1,\"name\":\"Home\",\"item\":\"https:\/\/nativoqueretaro.mx\/\"},{\"@type\":\"ListItem\",\"position\":2,\"name\":\"Reconocen estrategia de movilidad del municipio de Quer\u00e9taro entre mejores pr\u00e1cticas locales\"}]},{\"@type\":\"WebSite\",\"@id\":\"https:\/\/nativoqueretaro.mx\/#website\",\"url\":\"https:\/\/nativoqueretaro.mx\/\",\"name\":\"Nativo Quer\u00e9taro\",\"description\":\"\",\"publisher\":{\"@id\":\"https:\/\/nativoqueretaro.mx\/#organization\"},\"potentialAction\":[{\"@type\":\"SearchAction\",\"target\":{\"@type\":\"EntryPoint\",\"urlTemplate\":\"https:\/\/nativoqueretaro.mx\/?s={search_term_string}\"},\"query-input\":{\"@type\":\"PropertyValueSpecification\",\"valueRequired\":true,\"valueName\":\"search_term_string\"}}],\"inLanguage\":\"es\"},{\"@type\":\"Organization\",\"@id\":\"https:\/\/nativoqueretaro.mx\/#organization\",\"name\":\"Nativo Quer\u00e9taro\",\"url\":\"https:\/\/nativoqueretaro.mx\/\",\"logo\":{\"@type\":\"ImageObject\",\"inLanguage\":\"es\",\"@id\":\"https:\/\/nativoqueretaro.mx\/#\/schema\/logo\/image\/\",\"url\":\"https:\/\/nativoqueretaro.mx\/wp-content\/uploads\/2025\/01\/NATIVO_QRO_white.svg\",\"contentUrl\":\"https:\/\/nativoqueretaro.mx\/wp-content\/uploads\/2025\/01\/NATIVO_QRO_white.svg\",\"caption\":\"Nativo Quer\u00e9taro\"},\"image\":{\"@id\":\"https:\/\/nativoqueretaro.mx\/#\/schema\/logo\/image\/\"}},{\"@type\":\"Person\",\"@id\":\"https:\/\/nativoqueretaro.mx\/#\/schema\/person\/9cb2d9bff62be7a0a4a39066c9eac822\",\"name\":\"NativoQro\",\"image\":{\"@type\":\"ImageObject\",\"inLanguage\":\"es\",\"@id\":\"https:\/\/nativoqueretaro.mx\/#\/schema\/person\/image\/\",\"url\":\"https:\/\/secure.gravatar.com\/avatar\/0574151f0584a2a8056a6d87f37cd6abc6c709a951c8e822eb1ab470a5022bc5?s=96&d=mm&r=g\",\"contentUrl\":\"https:\/\/secure.gravatar.com\/avatar\/0574151f0584a2a8056a6d87f37cd6abc6c709a951c8e822eb1ab470a5022bc5?s=96&d=mm&r=g\",\"caption\":\"NativoQro\"},\"url\":\"https:\/\/nativoqueretaro.mx\/index.php\/author\/nativoadmin\/\"}]}<\/script>\n<!-- \/ Yoast SEO plugin. -->","yoast_head_json":{"title":"Reconocen estrategia de movilidad del municipio de Quer\u00e9taro entre mejores pr\u00e1cticas locales - Nativo Quer\u00e9taro","robots":{"index":"index","follow":"follow","max-snippet":"max-snippet:-1","max-image-preview":"max-image-preview:large","max-video-preview":"max-video-preview:-1"},"canonical":"https:\/\/nativoqueretaro.mx\/index.php\/2026\/08\/31\/reconocen-estrategia-de-movilidad-del-municipio-de-queretaro-entre-mejores-practicas-locales\/","og_locale":"es_MX","og_type":"article","og_title":"Reconocen estrategia de movilidad del municipio de Quer\u00e9taro entre mejores pr\u00e1cticas locales - Nativo Quer\u00e9taro","og_description":"Quer\u00e9taro, Qro., 31 de agosto de 2026.- La estrategia de movilidad del municipio de Quer\u00e9taro en la administraci\u00f3n de Felifer Mac\u00edas fue reconocida con el Premio a las Mejores Pr\u00e1cticas de Gobiernos Locales 2026, otorgado por Alcaldes de M\u00e9xico, en la categor\u00eda de Movilidad Urbana, por modernizar el sistema de transporte p\u00fablico municipal y avanzar [&hellip;]","og_url":"https:\/\/nativoqueretaro.mx\/index.php\/2026\/08\/31\/reconocen-estrategia-de-movilidad-del-municipio-de-queretaro-entre-mejores-practicas-locales\/","og_site_name":"Nativo Quer\u00e9taro","article_published_time":"2026-08-31T17:12:33+00:00","og_image":[{"width":852,"height":500,"url":"https:\/\/nativoqueretaro.mx\/wp-content\/uploads\/2026\/08\/Reconocimiento-movilidad-agosto-2026-qro-municipio2-852x500-1.webp","type":"image\/webp"}],"author":"NativoQro","twitter_card":"summary_large_image","twitter_misc":{"Escrito por":"NativoQro","Tiempo de lectura":"2 minutos"},"schema":{"@context":"https:\/\/schema.org","@graph":[{"@type":"Article","@id":"https:\/\/nativoqueretaro.mx\/index.php\/2026\/08\/31\/reconocen-estrategia-de-movilidad-del-municipio-de-queretaro-entre-mejores-practicas-locales\/#article","isPartOf":{"@id":"https:\/\/nativoqueretaro.mx\/index.php\/2026\/08\/31\/reconocen-estrategia-de-movilidad-del-municipio-de-queretaro-entre-mejores-practicas-locales\/"},"author":{"name":"NativoQro","@id":"https:\/\/nativoqueretaro.mx\/#\/schema\/person\/9cb2d9bff62be7a0a4a39066c9eac822"},"headline":"Reconocen estrategia de movilidad del municipio de Quer\u00e9taro entre mejores pr\u00e1cticas locales","datePublished":"2026-08-31T17:12:33+00:00","mainEntityOfPage":{"@id":"https:\/\/nativoqueretaro.mx\/index.php\/2026\/08\/31\/reconocen-estrategia-de-movilidad-del-municipio-de-queretaro-entre-mejores-practicas-locales\/"},"wordCount":361,"commentCount":0,"publisher":{"@id":"https:\/\/nativoqueretaro.mx\/#organization"},"image":{"@id":"https:\/\/nativoqueretaro.mx\/index.php\/2026\/08\/31\/reconocen-estrategia-de-movilidad-del-municipio-de-queretaro-entre-mejores-practicas-locales\/#primaryimage"},"thumbnailUrl":"https:\/\/nativoqueretaro.mx\/wp-content\/uploads\/2026\/08\/Reconocimiento-movilidad-agosto-2026-qro-municipio2-852x500-1.webp","articleSection":["Quer\u00e9taro Capital e Industria"],"inLanguage":"es","potentialAction":[{"@type":"CommentAction","name":"Comment","target":["https:\/\/nativoqueretaro.mx\/index.php\/2026\/08\/31\/reconocen-estrategia-de-movilidad-del-municipio-de-queretaro-entre-mejores-practicas-locales\/#respond"]}]},{"@type":"WebPage","@id":"https:\/\/nativoqueretaro.mx\/index.php\/2026\/08\/31\/reconocen-estrategia-de-movilidad-del-municipio-de-queretaro-entre-mejores-practicas-locales\/","url":"https:\/\/nativoqueretaro.mx\/index.php\/2026\/08\/31\/reconocen-estrategia-de-movilidad-del-municipio-de-queretaro-entre-mejores-practicas-locales\/","name":"Reconocen estrategia de movilidad del municipio de Quer\u00e9taro entre mejores pr\u00e1cticas locales - Nativo Quer\u00e9taro","isPartOf":{"@id":"https:\/\/nativoqueretaro.mx\/#website"},"primaryImageOfPage":{"@id":"https:\/\/nativoqueretaro.mx\/index.php\/2026\/08\/31\/reconocen-estrategia-de-movilidad-del-municipio-de-queretaro-entre-mejores-practicas-locales\/#primaryimage"},"image":{"@id":"https:\/\/nativoqueretaro.mx\/index.php\/2026\/08\/31\/reconocen-estrategia-de-movilidad-del-municipio-de-queretaro-entre-mejores-practicas-locales\/#primaryimage"},"thumbnailUrl":"https:\/\/nativoqueretaro.mx\/wp-content\/uploads\/2026\/08\/Reconocimiento-movilidad-agosto-2026-qro-municipio2-852x500-1.webp","datePublished":"2026-08-31T17:12:33+00:00","breadcrumb":{"@id":"https:\/\/nativoqueretaro.mx\/index.php\/2026\/08\/31\/reconocen-estrategia-de-movilidad-del-municipio-de-queretaro-entre-mejores-practicas-locales\/#breadcrumb"},"inLanguage":"es","potentialAction":[{"@type":"ReadAction","target":["https:\/\/nativoqueretaro.mx\/index.php\/2026\/08\/31\/reconocen-estrategia-de-movilidad-del-municipio-de-queretaro-entre-mejores-practicas-locales\/"]}]},{"@type":"ImageObject","inLanguage":"es","@id":"https:\/\/nativoqueretaro.mx\/index.php\/2026\/08\/31\/reconocen-estrategia-de-movilidad-del-municipio-de-queretaro-entre-mejores-practicas-locales\/#primaryimage","url":"https:\/\/nativoqueretaro.mx\/wp-content\/uploads\/2026\/08\/Reconocimiento-movilidad-agosto-2026-qro-municipio2-852x500-1.webp","contentUrl":"https:\/\/nativoqueretaro.mx\/wp-content\/uploads\/2026\/08\/Reconocimiento-movilidad-agosto-2026-qro-municipio2-852x500-1.webp","width":852,"height":500},{"@type":"BreadcrumbList","@id":"https:\/\/nativoqueretaro.mx\/index.php\/2026\/08\/31\/reconocen-estrategia-de-movilidad-del-municipio-de-queretaro-entre-mejores-practicas-locales\/#breadcrumb","itemListElement":[{"@type":"ListItem","position":1,"name":"Home","item":"https:\/\/nativoqueretaro.mx\/"},{"@type":"ListItem","position":2,"name":"Reconocen estrategia de movilidad del municipio de Quer\u00e9taro entre mejores pr\u00e1cticas locales"}]},{"@type":"WebSite","@id":"https:\/\/nativoqueretaro.mx\/#website","url":"https:\/\/nativoqueretaro.mx\/","name":"Nativo Quer\u00e9taro","description":"","publisher":{"@id":"https:\/\/nativoqueretaro.mx\/#organization"},"potentialAction":[{"@type":"SearchAction","target":{"@type":"EntryPoint","urlTemplate":"https:\/\/nativoqueretaro.mx\/?s={search_term_string}"},"query-input":{"@type":"PropertyValueSpecification","valueRequired":true,"valueName":"search_term_string"}}],"inLanguage":"es"},{"@type":"Organization","@id":"https:\/\/nativoqueretaro.mx\/#organization","name":"Nativo Quer\u00e9taro","url":"https:\/\/nativoqueretaro.mx\/","logo":{"@type":"ImageObject","inLanguage":"es","@id":"https:\/\/nativoqueretaro.mx\/#\/schema\/logo\/image\/","url":"https:\/\/nativoqueretaro.mx\/wp-content\/uploads\/2025\/01\/NATIVO_QRO_white.svg","contentUrl":"https:\/\/nativoqueretaro.mx\/wp-content\/uploads\/2025\/01\/NATIVO_QRO_white.svg","caption":"Nativo Quer\u00e9taro"},"image":{"@id":"https:\/\/nativoqueretaro.mx\/#\/schema\/logo\/image\/"}},{"@type":"Person","@id":"https:\/\/nativoqueretaro.mx\/#\/schema\/person\/9cb2d9bff62be7a0a4a39066c9eac822","name":"NativoQro","image":{"@type":"ImageObject","inLanguage":"es","@id":"https:\/\/nativoqueretaro.mx\/#\/schema\/person\/image\/","url":"https:\/\/secure.gravatar.com\/avatar\/0574151f0584a2a8056a6d87f37cd6abc6c709a951c8e822eb1ab470a5022bc5?s=96&d=mm&r=g","contentUrl":"https:\/\/secure.gravatar.com\/avatar\/0574151f0584a2a8056a6d87f37cd6abc6c709a951c8e822eb1ab470a5022bc5?s=96&d=mm&r=g","caption":"NativoQro"},"url":"https:\/\/nativoqueretaro.mx\/index.php\/author\/nativoadmin\/"}]}},"_links":{"self":[{"href":"https:\/\/nativoqueretaro.mx\/index.php\/wp-json\/wp\/v2\/posts\/43412","targetHints":{"allow":["GET"]}}],"collection":[{"href":"https:\/\/nativoqueretaro.mx\/index.php\/wp-json\/wp\/v2\/posts"}],"about":[{"href":"https:\/\/nativoqueretaro.mx\/index.php\/wp-json\/wp\/v2\/types\/post"}],"author":[{"embeddable":true,"href":"https:\/\/nativoqueretaro.mx\/index.php\/wp-json\/wp\/v2\/users\/1"}],"replies":[{"embeddable":true,"href":"https:\/\/nativoqueretaro.mx\/index.php\/wp-json\/wp\/v2\/comments?post=43412"}],"version-history":[{"count":1,"href":"https:\/\/nativoqueretaro.mx\/index.php\/wp-json\/wp\/v2\/posts\/43412\/revisions"}],"predecessor-version":[{"id":43414,"href":"https:\/\/nativoqueretaro.mx\/index.php\/wp-json\/wp\/v2\/posts\/43412\/revisions\/43414"}],"wp:featuredmedia":[{"embeddable":true,"href":"https:\/\/nativoqueretaro.mx\/index.php\/wp-json\/wp\/v2\/media\/43413"}],"wp:attachment":[{"href":"https:\/\/nativoqueretaro.mx\/index.php\/wp-json\/wp\/v2\/media?parent=43412"}],"wp:term":[{"taxonomy":"category","embeddable":true,"href":"https:\/\/nativoqueretaro.mx\/index.php\/wp-json\/wp\/v2\/categories?post=43412"},{"taxonomy":"post_tag","embeddable":true,"href":"https:\/\/nativoqueretaro.mx\/index.php\/wp-json\/wp\/v2\/tags?post=43412"}],"curies":[{"name":"wp","href":"https:\/\/api.w.org\/{rel}","templated":true}]}}