{"id":43401,"date":"2026-08-30T17:13:37","date_gmt":"2026-08-30T17:13:37","guid":{"rendered":"https:\/\/nativoqueretaro.mx\/?p=43401"},"modified":"2026-08-30T17:13:37","modified_gmt":"2026-08-30T17:13:37","slug":"encabezan-car-herrera-y-kuri-el-tradicional-baile-del-adulto-mayor-2026","status":"publish","type":"post","link":"https:\/\/nativoqueretaro.mx\/index.php\/2026\/08\/30\/encabezan-car-herrera-y-kuri-el-tradicional-baile-del-adulto-mayor-2026\/","title":{"rendered":"Encabezan Car Herrera y Kuri el tradicional Baile del Adulto Mayor 2026"},"content":{"rendered":"<p>En el marco del D\u00eda de las Personas Adultas Mayores (PAM), que se celebra este 28 de agosto, la presidenta del Patronato del Sistema Estatal DIF, Car Herrera de Kuri, acompa\u00f1ada del gobernador Mauricio Kuri Gonz\u00e1lez, encabez\u00f3 el Tradicional Baile del Recuerdo 2026, que congreg\u00f3 a cerca de mil 500 personas, quienes disfrutaron el festejo en compa\u00f1\u00eda de sus familiares y amigos.<\/p>\n<p>Kuri Gonz\u00e1lez mencion\u00f3 que todas las personas pueden tener la edad en la medida de sus sue\u00f1os y, en la medida que tengan sue\u00f1os, seguir\u00e1n siendo j\u00f3venes; por ello, sugiri\u00f3 seguir viviendo sin miedo en un Quer\u00e9taro y M\u00e9xico en paz.<\/p>\n<p>Kuri Gonz\u00e1lez mencion\u00f3 que todas las personas pueden tener la edad en la medida de sus sue\u00f1os y, en la medida que tengan sue\u00f1os, seguir\u00e1n siendo j\u00f3venes; por ello, sugiri\u00f3 seguir viviendo sin miedo en un Quer\u00e9taro y M\u00e9xico en paz.<\/p>\n<p>Asimismo, Car Herrera record\u00f3 que con este baile se cierran las actividades del mes dedicado a los adultos mayores, quienes son parte fundamental en la integraci\u00f3n de las familias; por ello, dijo, es de suma importancia escuchar su voz, erradicar la discriminaci\u00f3n por edad, fomentar su autonom\u00eda y evitar prejuicios sociales.<\/p>\n<p>Posteriormente, el director general del SEDIF, \u00d3scar G\u00f3mez Niembro, destac\u00f3 que esta noche se recuerda algo muy importante: que la vida hay que celebrarla, celebrar los a\u00f1os vividos, las historias compartidas, los buenos momentos y todo aquello que se haya tenido que superar, porque detr\u00e1s de ustedes hay una familia, hijos, nietos y amigos que han dejado huella.<\/p>\n<p>La procuradora de Atenci\u00f3n y Protecci\u00f3n Integral a Personas Adultas Mayores, Paola Fern\u00e1ndez Trejo, explic\u00f3 que este evento tiene la finalidad de contribuir a mejorar la calidad de vida de los adultos mayores, desarrollando sus habilidades sociales y mejorando sus condiciones f\u00edsicas y emocionales.<\/p>\n<p>El baile estuvo amenizado por el grupo Acapulco Tropical, la Orquesta 5 Estrellas y un DJ vers\u00e1til; asistieron el presidente municipal de Quer\u00e9taro, Felifer Mac\u00edas; el secretario de Desarrollo Social, Luis Nava; el senador Agust\u00edn Dorantes; la reina estatal de Adultos Mayores 2026, M\u00e1xima Camacho Flores; el Rey de Oro, Efra\u00edn Serv\u00edn Gonz\u00e1lez, as\u00ed como integrantes del gabinete estatal, presidentas y directores de los Sistemas DIF Municipales, instituciones de asistencia social y grupos independientes, entre otros invitados.<\/p>\n","protected":false},"excerpt":{"rendered":"<p>En el marco del D\u00eda de las Personas Adultas Mayores (PAM), que se celebra este 28 de agosto, la presidenta del Patronato del Sistema Estatal DIF, Car Herrera de Kuri, acompa\u00f1ada del gobernador Mauricio Kuri Gonz\u00e1lez, encabez\u00f3 el Tradicional Baile del Recuerdo 2026, que congreg\u00f3 a cerca de mil 500 personas, quienes disfrutaron el festejo [&hellip;]<\/p>\n","protected":false},"author":1,"featured_media":43402,"comment_status":"open","ping_status":"open","sticky":false,"template":"","format":"standard","meta":{"_acf_changed":false,"ocean_post_layout":"","ocean_both_sidebars_style":"","ocean_both_sidebars_content_width":0,"ocean_both_sidebars_sidebars_width":0,"ocean_sidebar":"0","ocean_second_sidebar":"0","ocean_disable_margins":"enable","ocean_add_body_class":"","ocean_shortcode_before_top_bar":"","ocean_shortcode_after_top_bar":"","ocean_shortcode_before_header":"","ocean_shortcode_after_header":"","ocean_has_shortcode":"","ocean_shortcode_after_title":"","ocean_shortcode_before_footer_widgets":"","ocean_shortcode_after_footer_widgets":"","ocean_shortcode_before_footer_bottom":"","ocean_shortcode_after_footer_bottom":"","ocean_display_top_bar":"default","ocean_display_header":"default","ocean_header_style":"","ocean_center_header_left_menu":"0","ocean_custom_header_template":"0","ocean_custom_logo":0,"ocean_custom_retina_logo":0,"ocean_custom_logo_max_width":0,"ocean_custom_logo_tablet_max_width":0,"ocean_custom_logo_mobile_max_width":0,"ocean_custom_logo_max_height":0,"ocean_custom_logo_tablet_max_height":0,"ocean_custom_logo_mobile_max_height":0,"ocean_header_custom_menu":"0","ocean_menu_typo_font_family":"0","ocean_menu_typo_font_subset":"","ocean_menu_typo_font_size":0,"ocean_menu_typo_font_size_tablet":0,"ocean_menu_typo_font_size_mobile":0,"ocean_menu_typo_font_size_unit":"px","ocean_menu_typo_font_weight":"","ocean_menu_typo_font_weight_tablet":"","ocean_menu_typo_font_weight_mobile":"","ocean_menu_typo_transform":"","ocean_menu_typo_transform_tablet":"","ocean_menu_typo_transform_mobile":"","ocean_menu_typo_line_height":0,"ocean_menu_typo_line_height_tablet":0,"ocean_menu_typo_line_height_mobile":0,"ocean_menu_typo_line_height_unit":"","ocean_menu_typo_spacing":0,"ocean_menu_typo_spacing_tablet":0,"ocean_menu_typo_spacing_mobile":0,"ocean_menu_typo_spacing_unit":"","ocean_menu_link_color":"","ocean_menu_link_color_hover":"","ocean_menu_link_color_active":"","ocean_menu_link_background":"","ocean_menu_link_hover_background":"","ocean_menu_link_active_background":"","ocean_menu_social_links_bg":"","ocean_menu_social_hover_links_bg":"","ocean_menu_social_links_color":"","ocean_menu_social_hover_links_color":"","ocean_disable_title":"default","ocean_disable_heading":"default","ocean_post_title":"","ocean_post_subheading":"","ocean_post_title_style":"","ocean_post_title_background_color":"","ocean_post_title_background":0,"ocean_post_title_bg_image_position":"","ocean_post_title_bg_image_attachment":"","ocean_post_title_bg_image_repeat":"","ocean_post_title_bg_image_size":"","ocean_post_title_height":0,"ocean_post_title_bg_overlay":0.5,"ocean_post_title_bg_overlay_color":"","ocean_disable_breadcrumbs":"default","ocean_breadcrumbs_color":"","ocean_breadcrumbs_separator_color":"","ocean_breadcrumbs_links_color":"","ocean_breadcrumbs_links_hover_color":"","ocean_display_footer_widgets":"default","ocean_display_footer_bottom":"default","ocean_custom_footer_template":"0","ocean_post_oembed":"","ocean_post_self_hosted_media":"","ocean_post_video_embed":"","ocean_link_format":"","ocean_link_format_target":"self","ocean_quote_format":"","ocean_quote_format_link":"post","ocean_gallery_link_images":"on","ocean_gallery_id":[],"footnotes":""},"categories":[89],"tags":[],"class_list":["post-43401","post","type-post","status-publish","format-standard","has-post-thumbnail","hentry","category-estado","entry","has-media"],"acf":[],"yoast_head":"<!-- This site is optimized with the Yoast SEO plugin v24.7 - https:\/\/yoast.com\/wordpress\/plugins\/seo\/ -->\n<title>Encabezan Car Herrera y Kuri el tradicional Baile del Adulto Mayor 2026 - Nativo Quer\u00e9taro<\/title>\n<meta name=\"robots\" content=\"index, follow, max-snippet:-1, max-image-preview:large, max-video-preview:-1\" \/>\n<link rel=\"canonical\" href=\"https:\/\/nativoqueretaro.mx\/index.php\/2026\/08\/30\/encabezan-car-herrera-y-kuri-el-tradicional-baile-del-adulto-mayor-2026\/\" \/>\n<meta property=\"og:locale\" content=\"es_MX\" \/>\n<meta property=\"og:type\" content=\"article\" \/>\n<meta property=\"og:title\" content=\"Encabezan Car Herrera y Kuri el tradicional Baile del Adulto Mayor 2026 - Nativo Quer\u00e9taro\" \/>\n<meta property=\"og:description\" content=\"En el marco del D\u00eda de las Personas Adultas Mayores (PAM), que se celebra este 28 de agosto, la presidenta del Patronato del Sistema Estatal DIF, Car Herrera de Kuri, acompa\u00f1ada del gobernador Mauricio Kuri Gonz\u00e1lez, encabez\u00f3 el Tradicional Baile del Recuerdo 2026, que congreg\u00f3 a cerca de mil 500 personas, quienes disfrutaron el festejo [&hellip;]\" \/>\n<meta property=\"og:url\" content=\"https:\/\/nativoqueretaro.mx\/index.php\/2026\/08\/30\/encabezan-car-herrera-y-kuri-el-tradicional-baile-del-adulto-mayor-2026\/\" \/>\n<meta property=\"og:site_name\" content=\"Nativo Quer\u00e9taro\" \/>\n<meta property=\"article:published_time\" content=\"2026-08-30T17:13:37+00:00\" \/>\n<meta property=\"og:image\" content=\"https:\/\/nativoqueretaro.mx\/wp-content\/uploads\/2026\/08\/WhatsApp-Image-2026-08-29-at-10.59.52-AM-1-852x500-1.webp\" \/>\n\t<meta property=\"og:image:width\" content=\"852\" \/>\n\t<meta property=\"og:image:height\" content=\"500\" \/>\n\t<meta property=\"og:image:type\" content=\"image\/webp\" \/>\n<meta name=\"author\" content=\"NativoQro\" \/>\n<meta name=\"twitter:card\" content=\"summary_large_image\" \/>\n<meta name=\"twitter:label1\" content=\"Escrito por\" \/>\n\t<meta name=\"twitter:data1\" content=\"NativoQro\" \/>\n\t<meta name=\"twitter:label2\" content=\"Tiempo de lectura\" \/>\n\t<meta name=\"twitter:data2\" content=\"2 minutos\" \/>\n<script type=\"application\/ld+json\" class=\"yoast-schema-graph\">{\"@context\":\"https:\/\/schema.org\",\"@graph\":[{\"@type\":\"Article\",\"@id\":\"https:\/\/nativoqueretaro.mx\/index.php\/2026\/08\/30\/encabezan-car-herrera-y-kuri-el-tradicional-baile-del-adulto-mayor-2026\/#article\",\"isPartOf\":{\"@id\":\"https:\/\/nativoqueretaro.mx\/index.php\/2026\/08\/30\/encabezan-car-herrera-y-kuri-el-tradicional-baile-del-adulto-mayor-2026\/\"},\"author\":{\"name\":\"NativoQro\",\"@id\":\"https:\/\/nativoqueretaro.mx\/#\/schema\/person\/9cb2d9bff62be7a0a4a39066c9eac822\"},\"headline\":\"Encabezan Car Herrera y Kuri el tradicional Baile del Adulto Mayor 2026\",\"datePublished\":\"2026-08-30T17:13:37+00:00\",\"mainEntityOfPage\":{\"@id\":\"https:\/\/nativoqueretaro.mx\/index.php\/2026\/08\/30\/encabezan-car-herrera-y-kuri-el-tradicional-baile-del-adulto-mayor-2026\/\"},\"wordCount\":416,\"commentCount\":0,\"publisher\":{\"@id\":\"https:\/\/nativoqueretaro.mx\/#organization\"},\"image\":{\"@id\":\"https:\/\/nativoqueretaro.mx\/index.php\/2026\/08\/30\/encabezan-car-herrera-y-kuri-el-tradicional-baile-del-adulto-mayor-2026\/#primaryimage\"},\"thumbnailUrl\":\"https:\/\/nativoqueretaro.mx\/wp-content\/uploads\/2026\/08\/WhatsApp-Image-2026-08-29-at-10.59.52-AM-1-852x500-1.webp\",\"articleSection\":[\"Estado\"],\"inLanguage\":\"es\",\"potentialAction\":[{\"@type\":\"CommentAction\",\"name\":\"Comment\",\"target\":[\"https:\/\/nativoqueretaro.mx\/index.php\/2026\/08\/30\/encabezan-car-herrera-y-kuri-el-tradicional-baile-del-adulto-mayor-2026\/#respond\"]}]},{\"@type\":\"WebPage\",\"@id\":\"https:\/\/nativoqueretaro.mx\/index.php\/2026\/08\/30\/encabezan-car-herrera-y-kuri-el-tradicional-baile-del-adulto-mayor-2026\/\",\"url\":\"https:\/\/nativoqueretaro.mx\/index.php\/2026\/08\/30\/encabezan-car-herrera-y-kuri-el-tradicional-baile-del-adulto-mayor-2026\/\",\"name\":\"Encabezan Car Herrera y Kuri el tradicional Baile del Adulto Mayor 2026 - Nativo Quer\u00e9taro\",\"isPartOf\":{\"@id\":\"https:\/\/nativoqueretaro.mx\/#website\"},\"primaryImageOfPage\":{\"@id\":\"https:\/\/nativoqueretaro.mx\/index.php\/2026\/08\/30\/encabezan-car-herrera-y-kuri-el-tradicional-baile-del-adulto-mayor-2026\/#primaryimage\"},\"image\":{\"@id\":\"https:\/\/nativoqueretaro.mx\/index.php\/2026\/08\/30\/encabezan-car-herrera-y-kuri-el-tradicional-baile-del-adulto-mayor-2026\/#primaryimage\"},\"thumbnailUrl\":\"https:\/\/nativoqueretaro.mx\/wp-content\/uploads\/2026\/08\/WhatsApp-Image-2026-08-29-at-10.59.52-AM-1-852x500-1.webp\",\"datePublished\":\"2026-08-30T17:13:37+00:00\",\"breadcrumb\":{\"@id\":\"https:\/\/nativoqueretaro.mx\/index.php\/2026\/08\/30\/encabezan-car-herrera-y-kuri-el-tradicional-baile-del-adulto-mayor-2026\/#breadcrumb\"},\"inLanguage\":\"es\",\"potentialAction\":[{\"@type\":\"ReadAction\",\"target\":[\"https:\/\/nativoqueretaro.mx\/index.php\/2026\/08\/30\/encabezan-car-herrera-y-kuri-el-tradicional-baile-del-adulto-mayor-2026\/\"]}]},{\"@type\":\"ImageObject\",\"inLanguage\":\"es\",\"@id\":\"https:\/\/nativoqueretaro.mx\/index.php\/2026\/08\/30\/encabezan-car-herrera-y-kuri-el-tradicional-baile-del-adulto-mayor-2026\/#primaryimage\",\"url\":\"https:\/\/nativoqueretaro.mx\/wp-content\/uploads\/2026\/08\/WhatsApp-Image-2026-08-29-at-10.59.52-AM-1-852x500-1.webp\",\"contentUrl\":\"https:\/\/nativoqueretaro.mx\/wp-content\/uploads\/2026\/08\/WhatsApp-Image-2026-08-29-at-10.59.52-AM-1-852x500-1.webp\",\"width\":852,\"height\":500},{\"@type\":\"BreadcrumbList\",\"@id\":\"https:\/\/nativoqueretaro.mx\/index.php\/2026\/08\/30\/encabezan-car-herrera-y-kuri-el-tradicional-baile-del-adulto-mayor-2026\/#breadcrumb\",\"itemListElement\":[{\"@type\":\"ListItem\",\"position\":1,\"name\":\"Home\",\"item\":\"https:\/\/nativoqueretaro.mx\/\"},{\"@type\":\"ListItem\",\"position\":2,\"name\":\"Encabezan Car Herrera y Kuri el tradicional Baile del Adulto Mayor 2026\"}]},{\"@type\":\"WebSite\",\"@id\":\"https:\/\/nativoqueretaro.mx\/#website\",\"url\":\"https:\/\/nativoqueretaro.mx\/\",\"name\":\"Nativo Quer\u00e9taro\",\"description\":\"\",\"publisher\":{\"@id\":\"https:\/\/nativoqueretaro.mx\/#organization\"},\"potentialAction\":[{\"@type\":\"SearchAction\",\"target\":{\"@type\":\"EntryPoint\",\"urlTemplate\":\"https:\/\/nativoqueretaro.mx\/?s={search_term_string}\"},\"query-input\":{\"@type\":\"PropertyValueSpecification\",\"valueRequired\":true,\"valueName\":\"search_term_string\"}}],\"inLanguage\":\"es\"},{\"@type\":\"Organization\",\"@id\":\"https:\/\/nativoqueretaro.mx\/#organization\",\"name\":\"Nativo Quer\u00e9taro\",\"url\":\"https:\/\/nativoqueretaro.mx\/\",\"logo\":{\"@type\":\"ImageObject\",\"inLanguage\":\"es\",\"@id\":\"https:\/\/nativoqueretaro.mx\/#\/schema\/logo\/image\/\",\"url\":\"https:\/\/nativoqueretaro.mx\/wp-content\/uploads\/2025\/01\/NATIVO_QRO_white.svg\",\"contentUrl\":\"https:\/\/nativoqueretaro.mx\/wp-content\/uploads\/2025\/01\/NATIVO_QRO_white.svg\",\"caption\":\"Nativo Quer\u00e9taro\"},\"image\":{\"@id\":\"https:\/\/nativoqueretaro.mx\/#\/schema\/logo\/image\/\"}},{\"@type\":\"Person\",\"@id\":\"https:\/\/nativoqueretaro.mx\/#\/schema\/person\/9cb2d9bff62be7a0a4a39066c9eac822\",\"name\":\"NativoQro\",\"image\":{\"@type\":\"ImageObject\",\"inLanguage\":\"es\",\"@id\":\"https:\/\/nativoqueretaro.mx\/#\/schema\/person\/image\/\",\"url\":\"https:\/\/secure.gravatar.com\/avatar\/0574151f0584a2a8056a6d87f37cd6abc6c709a951c8e822eb1ab470a5022bc5?s=96&d=mm&r=g\",\"contentUrl\":\"https:\/\/secure.gravatar.com\/avatar\/0574151f0584a2a8056a6d87f37cd6abc6c709a951c8e822eb1ab470a5022bc5?s=96&d=mm&r=g\",\"caption\":\"NativoQro\"},\"url\":\"https:\/\/nativoqueretaro.mx\/index.php\/author\/nativoadmin\/\"}]}<\/script>\n<!-- \/ Yoast SEO plugin. -->","yoast_head_json":{"title":"Encabezan Car Herrera y Kuri el tradicional Baile del Adulto Mayor 2026 - Nativo Quer\u00e9taro","robots":{"index":"index","follow":"follow","max-snippet":"max-snippet:-1","max-image-preview":"max-image-preview:large","max-video-preview":"max-video-preview:-1"},"canonical":"https:\/\/nativoqueretaro.mx\/index.php\/2026\/08\/30\/encabezan-car-herrera-y-kuri-el-tradicional-baile-del-adulto-mayor-2026\/","og_locale":"es_MX","og_type":"article","og_title":"Encabezan Car Herrera y Kuri el tradicional Baile del Adulto Mayor 2026 - Nativo Quer\u00e9taro","og_description":"En el marco del D\u00eda de las Personas Adultas Mayores (PAM), que se celebra este 28 de agosto, la presidenta del Patronato del Sistema Estatal DIF, Car Herrera de Kuri, acompa\u00f1ada del gobernador Mauricio Kuri Gonz\u00e1lez, encabez\u00f3 el Tradicional Baile del Recuerdo 2026, que congreg\u00f3 a cerca de mil 500 personas, quienes disfrutaron el festejo [&hellip;]","og_url":"https:\/\/nativoqueretaro.mx\/index.php\/2026\/08\/30\/encabezan-car-herrera-y-kuri-el-tradicional-baile-del-adulto-mayor-2026\/","og_site_name":"Nativo Quer\u00e9taro","article_published_time":"2026-08-30T17:13:37+00:00","og_image":[{"width":852,"height":500,"url":"https:\/\/nativoqueretaro.mx\/wp-content\/uploads\/2026\/08\/WhatsApp-Image-2026-08-29-at-10.59.52-AM-1-852x500-1.webp","type":"image\/webp"}],"author":"NativoQro","twitter_card":"summary_large_image","twitter_misc":{"Escrito por":"NativoQro","Tiempo de lectura":"2 minutos"},"schema":{"@context":"https:\/\/schema.org","@graph":[{"@type":"Article","@id":"https:\/\/nativoqueretaro.mx\/index.php\/2026\/08\/30\/encabezan-car-herrera-y-kuri-el-tradicional-baile-del-adulto-mayor-2026\/#article","isPartOf":{"@id":"https:\/\/nativoqueretaro.mx\/index.php\/2026\/08\/30\/encabezan-car-herrera-y-kuri-el-tradicional-baile-del-adulto-mayor-2026\/"},"author":{"name":"NativoQro","@id":"https:\/\/nativoqueretaro.mx\/#\/schema\/person\/9cb2d9bff62be7a0a4a39066c9eac822"},"headline":"Encabezan Car Herrera y Kuri el tradicional Baile del Adulto Mayor 2026","datePublished":"2026-08-30T17:13:37+00:00","mainEntityOfPage":{"@id":"https:\/\/nativoqueretaro.mx\/index.php\/2026\/08\/30\/encabezan-car-herrera-y-kuri-el-tradicional-baile-del-adulto-mayor-2026\/"},"wordCount":416,"commentCount":0,"publisher":{"@id":"https:\/\/nativoqueretaro.mx\/#organization"},"image":{"@id":"https:\/\/nativoqueretaro.mx\/index.php\/2026\/08\/30\/encabezan-car-herrera-y-kuri-el-tradicional-baile-del-adulto-mayor-2026\/#primaryimage"},"thumbnailUrl":"https:\/\/nativoqueretaro.mx\/wp-content\/uploads\/2026\/08\/WhatsApp-Image-2026-08-29-at-10.59.52-AM-1-852x500-1.webp","articleSection":["Estado"],"inLanguage":"es","potentialAction":[{"@type":"CommentAction","name":"Comment","target":["https:\/\/nativoqueretaro.mx\/index.php\/2026\/08\/30\/encabezan-car-herrera-y-kuri-el-tradicional-baile-del-adulto-mayor-2026\/#respond"]}]},{"@type":"WebPage","@id":"https:\/\/nativoqueretaro.mx\/index.php\/2026\/08\/30\/encabezan-car-herrera-y-kuri-el-tradicional-baile-del-adulto-mayor-2026\/","url":"https:\/\/nativoqueretaro.mx\/index.php\/2026\/08\/30\/encabezan-car-herrera-y-kuri-el-tradicional-baile-del-adulto-mayor-2026\/","name":"Encabezan Car Herrera y Kuri el tradicional Baile del Adulto Mayor 2026 - Nativo Quer\u00e9taro","isPartOf":{"@id":"https:\/\/nativoqueretaro.mx\/#website"},"primaryImageOfPage":{"@id":"https:\/\/nativoqueretaro.mx\/index.php\/2026\/08\/30\/encabezan-car-herrera-y-kuri-el-tradicional-baile-del-adulto-mayor-2026\/#primaryimage"},"image":{"@id":"https:\/\/nativoqueretaro.mx\/index.php\/2026\/08\/30\/encabezan-car-herrera-y-kuri-el-tradicional-baile-del-adulto-mayor-2026\/#primaryimage"},"thumbnailUrl":"https:\/\/nativoqueretaro.mx\/wp-content\/uploads\/2026\/08\/WhatsApp-Image-2026-08-29-at-10.59.52-AM-1-852x500-1.webp","datePublished":"2026-08-30T17:13:37+00:00","breadcrumb":{"@id":"https:\/\/nativoqueretaro.mx\/index.php\/2026\/08\/30\/encabezan-car-herrera-y-kuri-el-tradicional-baile-del-adulto-mayor-2026\/#breadcrumb"},"inLanguage":"es","potentialAction":[{"@type":"ReadAction","target":["https:\/\/nativoqueretaro.mx\/index.php\/2026\/08\/30\/encabezan-car-herrera-y-kuri-el-tradicional-baile-del-adulto-mayor-2026\/"]}]},{"@type":"ImageObject","inLanguage":"es","@id":"https:\/\/nativoqueretaro.mx\/index.php\/2026\/08\/30\/encabezan-car-herrera-y-kuri-el-tradicional-baile-del-adulto-mayor-2026\/#primaryimage","url":"https:\/\/nativoqueretaro.mx\/wp-content\/uploads\/2026\/08\/WhatsApp-Image-2026-08-29-at-10.59.52-AM-1-852x500-1.webp","contentUrl":"https:\/\/nativoqueretaro.mx\/wp-content\/uploads\/2026\/08\/WhatsApp-Image-2026-08-29-at-10.59.52-AM-1-852x500-1.webp","width":852,"height":500},{"@type":"BreadcrumbList","@id":"https:\/\/nativoqueretaro.mx\/index.php\/2026\/08\/30\/encabezan-car-herrera-y-kuri-el-tradicional-baile-del-adulto-mayor-2026\/#breadcrumb","itemListElement":[{"@type":"ListItem","position":1,"name":"Home","item":"https:\/\/nativoqueretaro.mx\/"},{"@type":"ListItem","position":2,"name":"Encabezan Car Herrera y Kuri el tradicional Baile del Adulto Mayor 2026"}]},{"@type":"WebSite","@id":"https:\/\/nativoqueretaro.mx\/#website","url":"https:\/\/nativoqueretaro.mx\/","name":"Nativo Quer\u00e9taro","description":"","publisher":{"@id":"https:\/\/nativoqueretaro.mx\/#organization"},"potentialAction":[{"@type":"SearchAction","target":{"@type":"EntryPoint","urlTemplate":"https:\/\/nativoqueretaro.mx\/?s={search_term_string}"},"query-input":{"@type":"PropertyValueSpecification","valueRequired":true,"valueName":"search_term_string"}}],"inLanguage":"es"},{"@type":"Organization","@id":"https:\/\/nativoqueretaro.mx\/#organization","name":"Nativo Quer\u00e9taro","url":"https:\/\/nativoqueretaro.mx\/","logo":{"@type":"ImageObject","inLanguage":"es","@id":"https:\/\/nativoqueretaro.mx\/#\/schema\/logo\/image\/","url":"https:\/\/nativoqueretaro.mx\/wp-content\/uploads\/2025\/01\/NATIVO_QRO_white.svg","contentUrl":"https:\/\/nativoqueretaro.mx\/wp-content\/uploads\/2025\/01\/NATIVO_QRO_white.svg","caption":"Nativo Quer\u00e9taro"},"image":{"@id":"https:\/\/nativoqueretaro.mx\/#\/schema\/logo\/image\/"}},{"@type":"Person","@id":"https:\/\/nativoqueretaro.mx\/#\/schema\/person\/9cb2d9bff62be7a0a4a39066c9eac822","name":"NativoQro","image":{"@type":"ImageObject","inLanguage":"es","@id":"https:\/\/nativoqueretaro.mx\/#\/schema\/person\/image\/","url":"https:\/\/secure.gravatar.com\/avatar\/0574151f0584a2a8056a6d87f37cd6abc6c709a951c8e822eb1ab470a5022bc5?s=96&d=mm&r=g","contentUrl":"https:\/\/secure.gravatar.com\/avatar\/0574151f0584a2a8056a6d87f37cd6abc6c709a951c8e822eb1ab470a5022bc5?s=96&d=mm&r=g","caption":"NativoQro"},"url":"https:\/\/nativoqueretaro.mx\/index.php\/author\/nativoadmin\/"}]}},"_links":{"self":[{"href":"https:\/\/nativoqueretaro.mx\/index.php\/wp-json\/wp\/v2\/posts\/43401","targetHints":{"allow":["GET"]}}],"collection":[{"href":"https:\/\/nativoqueretaro.mx\/index.php\/wp-json\/wp\/v2\/posts"}],"about":[{"href":"https:\/\/nativoqueretaro.mx\/index.php\/wp-json\/wp\/v2\/types\/post"}],"author":[{"embeddable":true,"href":"https:\/\/nativoqueretaro.mx\/index.php\/wp-json\/wp\/v2\/users\/1"}],"replies":[{"embeddable":true,"href":"https:\/\/nativoqueretaro.mx\/index.php\/wp-json\/wp\/v2\/comments?post=43401"}],"version-history":[{"count":2,"href":"https:\/\/nativoqueretaro.mx\/index.php\/wp-json\/wp\/v2\/posts\/43401\/revisions"}],"predecessor-version":[{"id":43404,"href":"https:\/\/nativoqueretaro.mx\/index.php\/wp-json\/wp\/v2\/posts\/43401\/revisions\/43404"}],"wp:featuredmedia":[{"embeddable":true,"href":"https:\/\/nativoqueretaro.mx\/index.php\/wp-json\/wp\/v2\/media\/43402"}],"wp:attachment":[{"href":"https:\/\/nativoqueretaro.mx\/index.php\/wp-json\/wp\/v2\/media?parent=43401"}],"wp:term":[{"taxonomy":"category","embeddable":true,"href":"https:\/\/nativoqueretaro.mx\/index.php\/wp-json\/wp\/v2\/categories?post=43401"},{"taxonomy":"post_tag","embeddable":true,"href":"https:\/\/nativoqueretaro.mx\/index.php\/wp-json\/wp\/v2\/tags?post=43401"}],"curies":[{"name":"wp","href":"https:\/\/api.w.org\/{rel}","templated":true}]}}