{"id":42117,"date":"2026-05-01T19:04:06","date_gmt":"2026-05-01T19:04:06","guid":{"rendered":"https:\/\/nativoqueretaro.mx\/?p=42117"},"modified":"2026-05-01T19:04:06","modified_gmt":"2026-05-01T19:04:06","slug":"celebra-corregidora-dia-internacional-de-la-danza-con-gala-artistica-en-el-jardin-principal-de-el-pueblito","status":"publish","type":"post","link":"https:\/\/nativoqueretaro.mx\/index.php\/2026\/05\/01\/celebra-corregidora-dia-internacional-de-la-danza-con-gala-artistica-en-el-jardin-principal-de-el-pueblito\/","title":{"rendered":"Celebra Corregidora D\u00eda Internacional de la Danza con gala art\u00edstica en el Jard\u00edn Principal de El Pueblito"},"content":{"rendered":"<p>El municipio de Corregidora, a trav\u00e9s de la Secretar\u00eda de Cultura y Tradiciones, llev\u00f3 a cabo una gran celebraci\u00f3n con motivo del D\u00eda Internacional de la Danza, transformando el Jard\u00edn Principal de El Pueblito en un escenario de expresi\u00f3n art\u00edstica y convivencia familiar.<\/p>\n<p>En el evento se presentaron diversos estilos coreogr\u00e1ficos, desde la elegancia del ballet cl\u00e1sico y la energ\u00eda del hip hop, hasta la riqueza hist\u00f3rica de la danza folcl\u00f3rica.<\/p>\n<p>Durante el acto protocolario, la titular de la Secretar\u00eda de Cultura y Tradiciones, Schoenstatt Cabrera Ram\u00edrez, acompa\u00f1ada por el secretario de Gobierno del Estado, Eric Gudi\u00f1o Torres, enfatiz\u00f3 la importancia de fomentar estos espacios para el fortalecimiento del tejido social.<\/p>\n<p>\u201cHoy celebramos el arte del movimiento como una forma de expresi\u00f3n universal que une culturas, emociones y generaciones. La danza no solo es arte, es identidad, disciplina y pasi\u00f3n\u201d, indic\u00f3.<\/p>\n<p>La programaci\u00f3n art\u00edstica cont\u00f3 con la participaci\u00f3n de grupos representativos de los Centros de Desarrollo Cultural (CDC) de comunidades como El Pueblito, Tejeda, Santa B\u00e1rbara, Candiles, Los Olvera y Pir\u00e1mides, as\u00ed como de academias invitadas y la Preparatoria Carl Rogers.<\/p>\n<p>Entre las presentaciones destacaron el Ballet Folcl\u00f3rico M\u00e9xico Eterno, grupos de K-Pop, Belly Dance y el ensamble de Danza Folcl\u00f3rica de la 3ra Edad, demostrando que el talento y la cultura en Corregidora no tienen l\u00edmites de edad ni de g\u00e9nero.<\/p>\n<p>El Festival cumpli\u00f3 con el objetivo de conmemorar esta fecha establecida cada 29 de abril, compartiendo con la ciudadan\u00eda relatos de historias a trav\u00e9s del movimiento y reconociendo a quienes dedican su vida a mantener vivas las tradiciones del municipio.<\/p>\n<p>Finalmente, la Secretar\u00eda de Cultura y Tradiciones agradeci\u00f3 a los maestros, alumnos y familias que hicieron posible este encuentro, reafirmando el compromiso del gobierno municipal con la promoci\u00f3n de la expresi\u00f3n art\u00edstica en todas sus formas.<\/p>\n","protected":false},"excerpt":{"rendered":"<p>El municipio de Corregidora, a trav\u00e9s de la Secretar\u00eda de Cultura y Tradiciones, llev\u00f3 a cabo una gran celebraci\u00f3n con motivo del D\u00eda Internacional de la Danza, transformando el Jard\u00edn Principal de El Pueblito en un escenario de expresi\u00f3n art\u00edstica y convivencia familiar. En el evento se presentaron diversos estilos coreogr\u00e1ficos, desde la elegancia del [&hellip;]<\/p>\n","protected":false},"author":1,"featured_media":42118,"comment_status":"open","ping_status":"open","sticky":false,"template":"","format":"standard","meta":{"_acf_changed":false,"ocean_post_layout":"","ocean_both_sidebars_style":"","ocean_both_sidebars_content_width":0,"ocean_both_sidebars_sidebars_width":0,"ocean_sidebar":"0","ocean_second_sidebar":"0","ocean_disable_margins":"enable","ocean_add_body_class":"","ocean_shortcode_before_top_bar":"","ocean_shortcode_after_top_bar":"","ocean_shortcode_before_header":"","ocean_shortcode_after_header":"","ocean_has_shortcode":"","ocean_shortcode_after_title":"","ocean_shortcode_before_footer_widgets":"","ocean_shortcode_after_footer_widgets":"","ocean_shortcode_before_footer_bottom":"","ocean_shortcode_after_footer_bottom":"","ocean_display_top_bar":"default","ocean_display_header":"default","ocean_header_style":"","ocean_center_header_left_menu":"0","ocean_custom_header_template":"0","ocean_custom_logo":0,"ocean_custom_retina_logo":0,"ocean_custom_logo_max_width":0,"ocean_custom_logo_tablet_max_width":0,"ocean_custom_logo_mobile_max_width":0,"ocean_custom_logo_max_height":0,"ocean_custom_logo_tablet_max_height":0,"ocean_custom_logo_mobile_max_height":0,"ocean_header_custom_menu":"0","ocean_menu_typo_font_family":"0","ocean_menu_typo_font_subset":"","ocean_menu_typo_font_size":0,"ocean_menu_typo_font_size_tablet":0,"ocean_menu_typo_font_size_mobile":0,"ocean_menu_typo_font_size_unit":"px","ocean_menu_typo_font_weight":"","ocean_menu_typo_font_weight_tablet":"","ocean_menu_typo_font_weight_mobile":"","ocean_menu_typo_transform":"","ocean_menu_typo_transform_tablet":"","ocean_menu_typo_transform_mobile":"","ocean_menu_typo_line_height":0,"ocean_menu_typo_line_height_tablet":0,"ocean_menu_typo_line_height_mobile":0,"ocean_menu_typo_line_height_unit":"","ocean_menu_typo_spacing":0,"ocean_menu_typo_spacing_tablet":0,"ocean_menu_typo_spacing_mobile":0,"ocean_menu_typo_spacing_unit":"","ocean_menu_link_color":"","ocean_menu_link_color_hover":"","ocean_menu_link_color_active":"","ocean_menu_link_background":"","ocean_menu_link_hover_background":"","ocean_menu_link_active_background":"","ocean_menu_social_links_bg":"","ocean_menu_social_hover_links_bg":"","ocean_menu_social_links_color":"","ocean_menu_social_hover_links_color":"","ocean_disable_title":"default","ocean_disable_heading":"default","ocean_post_title":"","ocean_post_subheading":"","ocean_post_title_style":"","ocean_post_title_background_color":"","ocean_post_title_background":0,"ocean_post_title_bg_image_position":"","ocean_post_title_bg_image_attachment":"","ocean_post_title_bg_image_repeat":"","ocean_post_title_bg_image_size":"","ocean_post_title_height":0,"ocean_post_title_bg_overlay":0.5,"ocean_post_title_bg_overlay_color":"","ocean_disable_breadcrumbs":"default","ocean_breadcrumbs_color":"","ocean_breadcrumbs_separator_color":"","ocean_breadcrumbs_links_color":"","ocean_breadcrumbs_links_hover_color":"","ocean_display_footer_widgets":"default","ocean_display_footer_bottom":"default","ocean_custom_footer_template":"0","ocean_post_oembed":"","ocean_post_self_hosted_media":"","ocean_post_video_embed":"","ocean_link_format":"","ocean_link_format_target":"self","ocean_quote_format":"","ocean_quote_format_link":"post","ocean_gallery_link_images":"on","ocean_gallery_id":[],"footnotes":""},"categories":[4],"tags":[],"class_list":["post-42117","post","type-post","status-publish","format-standard","has-post-thumbnail","hentry","category-corregidora","entry","has-media"],"acf":[],"yoast_head":"<!-- This site is optimized with the Yoast SEO plugin v24.7 - https:\/\/yoast.com\/wordpress\/plugins\/seo\/ -->\n<title>Celebra Corregidora D\u00eda Internacional de la Danza con gala art\u00edstica en el Jard\u00edn Principal de El Pueblito - Nativo Quer\u00e9taro<\/title>\n<meta name=\"robots\" content=\"index, follow, max-snippet:-1, max-image-preview:large, max-video-preview:-1\" \/>\n<link rel=\"canonical\" href=\"https:\/\/nativoqueretaro.mx\/index.php\/2026\/05\/01\/celebra-corregidora-dia-internacional-de-la-danza-con-gala-artistica-en-el-jardin-principal-de-el-pueblito\/\" \/>\n<meta property=\"og:locale\" content=\"es_MX\" \/>\n<meta property=\"og:type\" content=\"article\" \/>\n<meta property=\"og:title\" content=\"Celebra Corregidora D\u00eda Internacional de la Danza con gala art\u00edstica en el Jard\u00edn Principal de El Pueblito - Nativo Quer\u00e9taro\" \/>\n<meta property=\"og:description\" content=\"El municipio de Corregidora, a trav\u00e9s de la Secretar\u00eda de Cultura y Tradiciones, llev\u00f3 a cabo una gran celebraci\u00f3n con motivo del D\u00eda Internacional de la Danza, transformando el Jard\u00edn Principal de El Pueblito en un escenario de expresi\u00f3n art\u00edstica y convivencia familiar. En el evento se presentaron diversos estilos coreogr\u00e1ficos, desde la elegancia del [&hellip;]\" \/>\n<meta property=\"og:url\" content=\"https:\/\/nativoqueretaro.mx\/index.php\/2026\/05\/01\/celebra-corregidora-dia-internacional-de-la-danza-con-gala-artistica-en-el-jardin-principal-de-el-pueblito\/\" \/>\n<meta property=\"og:site_name\" content=\"Nativo Quer\u00e9taro\" \/>\n<meta property=\"article:published_time\" content=\"2026-05-01T19:04:06+00:00\" \/>\n<meta property=\"og:image\" content=\"https:\/\/nativoqueretaro.mx\/wp-content\/uploads\/2026\/05\/WhatsApp-Image-2026-04-30-at-12.04.23-PM-1-852x500-1.webp\" \/>\n\t<meta property=\"og:image:width\" content=\"852\" \/>\n\t<meta property=\"og:image:height\" content=\"500\" \/>\n\t<meta property=\"og:image:type\" content=\"image\/webp\" \/>\n<meta name=\"author\" content=\"NativoQro\" \/>\n<meta name=\"twitter:card\" content=\"summary_large_image\" \/>\n<meta name=\"twitter:label1\" content=\"Escrito por\" \/>\n\t<meta name=\"twitter:data1\" content=\"NativoQro\" \/>\n\t<meta name=\"twitter:label2\" content=\"Tiempo de lectura\" \/>\n\t<meta name=\"twitter:data2\" content=\"2 minutos\" \/>\n<script type=\"application\/ld+json\" class=\"yoast-schema-graph\">{\"@context\":\"https:\/\/schema.org\",\"@graph\":[{\"@type\":\"Article\",\"@id\":\"https:\/\/nativoqueretaro.mx\/index.php\/2026\/05\/01\/celebra-corregidora-dia-internacional-de-la-danza-con-gala-artistica-en-el-jardin-principal-de-el-pueblito\/#article\",\"isPartOf\":{\"@id\":\"https:\/\/nativoqueretaro.mx\/index.php\/2026\/05\/01\/celebra-corregidora-dia-internacional-de-la-danza-con-gala-artistica-en-el-jardin-principal-de-el-pueblito\/\"},\"author\":{\"name\":\"NativoQro\",\"@id\":\"https:\/\/nativoqueretaro.mx\/#\/schema\/person\/9cb2d9bff62be7a0a4a39066c9eac822\"},\"headline\":\"Celebra Corregidora D\u00eda Internacional de la Danza con gala art\u00edstica en el Jard\u00edn Principal de El Pueblito\",\"datePublished\":\"2026-05-01T19:04:06+00:00\",\"mainEntityOfPage\":{\"@id\":\"https:\/\/nativoqueretaro.mx\/index.php\/2026\/05\/01\/celebra-corregidora-dia-internacional-de-la-danza-con-gala-artistica-en-el-jardin-principal-de-el-pueblito\/\"},\"wordCount\":351,\"commentCount\":0,\"publisher\":{\"@id\":\"https:\/\/nativoqueretaro.mx\/#organization\"},\"image\":{\"@id\":\"https:\/\/nativoqueretaro.mx\/index.php\/2026\/05\/01\/celebra-corregidora-dia-internacional-de-la-danza-con-gala-artistica-en-el-jardin-principal-de-el-pueblito\/#primaryimage\"},\"thumbnailUrl\":\"https:\/\/nativoqueretaro.mx\/wp-content\/uploads\/2026\/05\/WhatsApp-Image-2026-04-30-at-12.04.23-PM-1-852x500-1.webp\",\"articleSection\":[\"Corregidora\"],\"inLanguage\":\"es\",\"potentialAction\":[{\"@type\":\"CommentAction\",\"name\":\"Comment\",\"target\":[\"https:\/\/nativoqueretaro.mx\/index.php\/2026\/05\/01\/celebra-corregidora-dia-internacional-de-la-danza-con-gala-artistica-en-el-jardin-principal-de-el-pueblito\/#respond\"]}]},{\"@type\":\"WebPage\",\"@id\":\"https:\/\/nativoqueretaro.mx\/index.php\/2026\/05\/01\/celebra-corregidora-dia-internacional-de-la-danza-con-gala-artistica-en-el-jardin-principal-de-el-pueblito\/\",\"url\":\"https:\/\/nativoqueretaro.mx\/index.php\/2026\/05\/01\/celebra-corregidora-dia-internacional-de-la-danza-con-gala-artistica-en-el-jardin-principal-de-el-pueblito\/\",\"name\":\"Celebra Corregidora D\u00eda Internacional de la Danza con gala art\u00edstica en el Jard\u00edn Principal de El Pueblito - Nativo Quer\u00e9taro\",\"isPartOf\":{\"@id\":\"https:\/\/nativoqueretaro.mx\/#website\"},\"primaryImageOfPage\":{\"@id\":\"https:\/\/nativoqueretaro.mx\/index.php\/2026\/05\/01\/celebra-corregidora-dia-internacional-de-la-danza-con-gala-artistica-en-el-jardin-principal-de-el-pueblito\/#primaryimage\"},\"image\":{\"@id\":\"https:\/\/nativoqueretaro.mx\/index.php\/2026\/05\/01\/celebra-corregidora-dia-internacional-de-la-danza-con-gala-artistica-en-el-jardin-principal-de-el-pueblito\/#primaryimage\"},\"thumbnailUrl\":\"https:\/\/nativoqueretaro.mx\/wp-content\/uploads\/2026\/05\/WhatsApp-Image-2026-04-30-at-12.04.23-PM-1-852x500-1.webp\",\"datePublished\":\"2026-05-01T19:04:06+00:00\",\"breadcrumb\":{\"@id\":\"https:\/\/nativoqueretaro.mx\/index.php\/2026\/05\/01\/celebra-corregidora-dia-internacional-de-la-danza-con-gala-artistica-en-el-jardin-principal-de-el-pueblito\/#breadcrumb\"},\"inLanguage\":\"es\",\"potentialAction\":[{\"@type\":\"ReadAction\",\"target\":[\"https:\/\/nativoqueretaro.mx\/index.php\/2026\/05\/01\/celebra-corregidora-dia-internacional-de-la-danza-con-gala-artistica-en-el-jardin-principal-de-el-pueblito\/\"]}]},{\"@type\":\"ImageObject\",\"inLanguage\":\"es\",\"@id\":\"https:\/\/nativoqueretaro.mx\/index.php\/2026\/05\/01\/celebra-corregidora-dia-internacional-de-la-danza-con-gala-artistica-en-el-jardin-principal-de-el-pueblito\/#primaryimage\",\"url\":\"https:\/\/nativoqueretaro.mx\/wp-content\/uploads\/2026\/05\/WhatsApp-Image-2026-04-30-at-12.04.23-PM-1-852x500-1.webp\",\"contentUrl\":\"https:\/\/nativoqueretaro.mx\/wp-content\/uploads\/2026\/05\/WhatsApp-Image-2026-04-30-at-12.04.23-PM-1-852x500-1.webp\",\"width\":852,\"height\":500},{\"@type\":\"BreadcrumbList\",\"@id\":\"https:\/\/nativoqueretaro.mx\/index.php\/2026\/05\/01\/celebra-corregidora-dia-internacional-de-la-danza-con-gala-artistica-en-el-jardin-principal-de-el-pueblito\/#breadcrumb\",\"itemListElement\":[{\"@type\":\"ListItem\",\"position\":1,\"name\":\"Home\",\"item\":\"https:\/\/nativoqueretaro.mx\/\"},{\"@type\":\"ListItem\",\"position\":2,\"name\":\"Celebra Corregidora D\u00eda Internacional de la Danza con gala art\u00edstica en el Jard\u00edn Principal de El Pueblito\"}]},{\"@type\":\"WebSite\",\"@id\":\"https:\/\/nativoqueretaro.mx\/#website\",\"url\":\"https:\/\/nativoqueretaro.mx\/\",\"name\":\"Nativo Quer\u00e9taro\",\"description\":\"\",\"publisher\":{\"@id\":\"https:\/\/nativoqueretaro.mx\/#organization\"},\"potentialAction\":[{\"@type\":\"SearchAction\",\"target\":{\"@type\":\"EntryPoint\",\"urlTemplate\":\"https:\/\/nativoqueretaro.mx\/?s={search_term_string}\"},\"query-input\":{\"@type\":\"PropertyValueSpecification\",\"valueRequired\":true,\"valueName\":\"search_term_string\"}}],\"inLanguage\":\"es\"},{\"@type\":\"Organization\",\"@id\":\"https:\/\/nativoqueretaro.mx\/#organization\",\"name\":\"Nativo Quer\u00e9taro\",\"url\":\"https:\/\/nativoqueretaro.mx\/\",\"logo\":{\"@type\":\"ImageObject\",\"inLanguage\":\"es\",\"@id\":\"https:\/\/nativoqueretaro.mx\/#\/schema\/logo\/image\/\",\"url\":\"https:\/\/nativoqueretaro.mx\/wp-content\/uploads\/2025\/01\/NATIVO_QRO_white.svg\",\"contentUrl\":\"https:\/\/nativoqueretaro.mx\/wp-content\/uploads\/2025\/01\/NATIVO_QRO_white.svg\",\"caption\":\"Nativo Quer\u00e9taro\"},\"image\":{\"@id\":\"https:\/\/nativoqueretaro.mx\/#\/schema\/logo\/image\/\"}},{\"@type\":\"Person\",\"@id\":\"https:\/\/nativoqueretaro.mx\/#\/schema\/person\/9cb2d9bff62be7a0a4a39066c9eac822\",\"name\":\"NativoQro\",\"image\":{\"@type\":\"ImageObject\",\"inLanguage\":\"es\",\"@id\":\"https:\/\/nativoqueretaro.mx\/#\/schema\/person\/image\/\",\"url\":\"https:\/\/secure.gravatar.com\/avatar\/0574151f0584a2a8056a6d87f37cd6abc6c709a951c8e822eb1ab470a5022bc5?s=96&d=mm&r=g\",\"contentUrl\":\"https:\/\/secure.gravatar.com\/avatar\/0574151f0584a2a8056a6d87f37cd6abc6c709a951c8e822eb1ab470a5022bc5?s=96&d=mm&r=g\",\"caption\":\"NativoQro\"},\"url\":\"https:\/\/nativoqueretaro.mx\/index.php\/author\/nativoadmin\/\"}]}<\/script>\n<!-- \/ Yoast SEO plugin. -->","yoast_head_json":{"title":"Celebra Corregidora D\u00eda Internacional de la Danza con gala art\u00edstica en el Jard\u00edn Principal de El Pueblito - Nativo Quer\u00e9taro","robots":{"index":"index","follow":"follow","max-snippet":"max-snippet:-1","max-image-preview":"max-image-preview:large","max-video-preview":"max-video-preview:-1"},"canonical":"https:\/\/nativoqueretaro.mx\/index.php\/2026\/05\/01\/celebra-corregidora-dia-internacional-de-la-danza-con-gala-artistica-en-el-jardin-principal-de-el-pueblito\/","og_locale":"es_MX","og_type":"article","og_title":"Celebra Corregidora D\u00eda Internacional de la Danza con gala art\u00edstica en el Jard\u00edn Principal de El Pueblito - Nativo Quer\u00e9taro","og_description":"El municipio de Corregidora, a trav\u00e9s de la Secretar\u00eda de Cultura y Tradiciones, llev\u00f3 a cabo una gran celebraci\u00f3n con motivo del D\u00eda Internacional de la Danza, transformando el Jard\u00edn Principal de El Pueblito en un escenario de expresi\u00f3n art\u00edstica y convivencia familiar. En el evento se presentaron diversos estilos coreogr\u00e1ficos, desde la elegancia del [&hellip;]","og_url":"https:\/\/nativoqueretaro.mx\/index.php\/2026\/05\/01\/celebra-corregidora-dia-internacional-de-la-danza-con-gala-artistica-en-el-jardin-principal-de-el-pueblito\/","og_site_name":"Nativo Quer\u00e9taro","article_published_time":"2026-05-01T19:04:06+00:00","og_image":[{"width":852,"height":500,"url":"https:\/\/nativoqueretaro.mx\/wp-content\/uploads\/2026\/05\/WhatsApp-Image-2026-04-30-at-12.04.23-PM-1-852x500-1.webp","type":"image\/webp"}],"author":"NativoQro","twitter_card":"summary_large_image","twitter_misc":{"Escrito por":"NativoQro","Tiempo de lectura":"2 minutos"},"schema":{"@context":"https:\/\/schema.org","@graph":[{"@type":"Article","@id":"https:\/\/nativoqueretaro.mx\/index.php\/2026\/05\/01\/celebra-corregidora-dia-internacional-de-la-danza-con-gala-artistica-en-el-jardin-principal-de-el-pueblito\/#article","isPartOf":{"@id":"https:\/\/nativoqueretaro.mx\/index.php\/2026\/05\/01\/celebra-corregidora-dia-internacional-de-la-danza-con-gala-artistica-en-el-jardin-principal-de-el-pueblito\/"},"author":{"name":"NativoQro","@id":"https:\/\/nativoqueretaro.mx\/#\/schema\/person\/9cb2d9bff62be7a0a4a39066c9eac822"},"headline":"Celebra Corregidora D\u00eda Internacional de la Danza con gala art\u00edstica en el Jard\u00edn Principal de El Pueblito","datePublished":"2026-05-01T19:04:06+00:00","mainEntityOfPage":{"@id":"https:\/\/nativoqueretaro.mx\/index.php\/2026\/05\/01\/celebra-corregidora-dia-internacional-de-la-danza-con-gala-artistica-en-el-jardin-principal-de-el-pueblito\/"},"wordCount":351,"commentCount":0,"publisher":{"@id":"https:\/\/nativoqueretaro.mx\/#organization"},"image":{"@id":"https:\/\/nativoqueretaro.mx\/index.php\/2026\/05\/01\/celebra-corregidora-dia-internacional-de-la-danza-con-gala-artistica-en-el-jardin-principal-de-el-pueblito\/#primaryimage"},"thumbnailUrl":"https:\/\/nativoqueretaro.mx\/wp-content\/uploads\/2026\/05\/WhatsApp-Image-2026-04-30-at-12.04.23-PM-1-852x500-1.webp","articleSection":["Corregidora"],"inLanguage":"es","potentialAction":[{"@type":"CommentAction","name":"Comment","target":["https:\/\/nativoqueretaro.mx\/index.php\/2026\/05\/01\/celebra-corregidora-dia-internacional-de-la-danza-con-gala-artistica-en-el-jardin-principal-de-el-pueblito\/#respond"]}]},{"@type":"WebPage","@id":"https:\/\/nativoqueretaro.mx\/index.php\/2026\/05\/01\/celebra-corregidora-dia-internacional-de-la-danza-con-gala-artistica-en-el-jardin-principal-de-el-pueblito\/","url":"https:\/\/nativoqueretaro.mx\/index.php\/2026\/05\/01\/celebra-corregidora-dia-internacional-de-la-danza-con-gala-artistica-en-el-jardin-principal-de-el-pueblito\/","name":"Celebra Corregidora D\u00eda Internacional de la Danza con gala art\u00edstica en el Jard\u00edn Principal de El Pueblito - Nativo Quer\u00e9taro","isPartOf":{"@id":"https:\/\/nativoqueretaro.mx\/#website"},"primaryImageOfPage":{"@id":"https:\/\/nativoqueretaro.mx\/index.php\/2026\/05\/01\/celebra-corregidora-dia-internacional-de-la-danza-con-gala-artistica-en-el-jardin-principal-de-el-pueblito\/#primaryimage"},"image":{"@id":"https:\/\/nativoqueretaro.mx\/index.php\/2026\/05\/01\/celebra-corregidora-dia-internacional-de-la-danza-con-gala-artistica-en-el-jardin-principal-de-el-pueblito\/#primaryimage"},"thumbnailUrl":"https:\/\/nativoqueretaro.mx\/wp-content\/uploads\/2026\/05\/WhatsApp-Image-2026-04-30-at-12.04.23-PM-1-852x500-1.webp","datePublished":"2026-05-01T19:04:06+00:00","breadcrumb":{"@id":"https:\/\/nativoqueretaro.mx\/index.php\/2026\/05\/01\/celebra-corregidora-dia-internacional-de-la-danza-con-gala-artistica-en-el-jardin-principal-de-el-pueblito\/#breadcrumb"},"inLanguage":"es","potentialAction":[{"@type":"ReadAction","target":["https:\/\/nativoqueretaro.mx\/index.php\/2026\/05\/01\/celebra-corregidora-dia-internacional-de-la-danza-con-gala-artistica-en-el-jardin-principal-de-el-pueblito\/"]}]},{"@type":"ImageObject","inLanguage":"es","@id":"https:\/\/nativoqueretaro.mx\/index.php\/2026\/05\/01\/celebra-corregidora-dia-internacional-de-la-danza-con-gala-artistica-en-el-jardin-principal-de-el-pueblito\/#primaryimage","url":"https:\/\/nativoqueretaro.mx\/wp-content\/uploads\/2026\/05\/WhatsApp-Image-2026-04-30-at-12.04.23-PM-1-852x500-1.webp","contentUrl":"https:\/\/nativoqueretaro.mx\/wp-content\/uploads\/2026\/05\/WhatsApp-Image-2026-04-30-at-12.04.23-PM-1-852x500-1.webp","width":852,"height":500},{"@type":"BreadcrumbList","@id":"https:\/\/nativoqueretaro.mx\/index.php\/2026\/05\/01\/celebra-corregidora-dia-internacional-de-la-danza-con-gala-artistica-en-el-jardin-principal-de-el-pueblito\/#breadcrumb","itemListElement":[{"@type":"ListItem","position":1,"name":"Home","item":"https:\/\/nativoqueretaro.mx\/"},{"@type":"ListItem","position":2,"name":"Celebra Corregidora D\u00eda Internacional de la Danza con gala art\u00edstica en el Jard\u00edn Principal de El Pueblito"}]},{"@type":"WebSite","@id":"https:\/\/nativoqueretaro.mx\/#website","url":"https:\/\/nativoqueretaro.mx\/","name":"Nativo Quer\u00e9taro","description":"","publisher":{"@id":"https:\/\/nativoqueretaro.mx\/#organization"},"potentialAction":[{"@type":"SearchAction","target":{"@type":"EntryPoint","urlTemplate":"https:\/\/nativoqueretaro.mx\/?s={search_term_string}"},"query-input":{"@type":"PropertyValueSpecification","valueRequired":true,"valueName":"search_term_string"}}],"inLanguage":"es"},{"@type":"Organization","@id":"https:\/\/nativoqueretaro.mx\/#organization","name":"Nativo Quer\u00e9taro","url":"https:\/\/nativoqueretaro.mx\/","logo":{"@type":"ImageObject","inLanguage":"es","@id":"https:\/\/nativoqueretaro.mx\/#\/schema\/logo\/image\/","url":"https:\/\/nativoqueretaro.mx\/wp-content\/uploads\/2025\/01\/NATIVO_QRO_white.svg","contentUrl":"https:\/\/nativoqueretaro.mx\/wp-content\/uploads\/2025\/01\/NATIVO_QRO_white.svg","caption":"Nativo Quer\u00e9taro"},"image":{"@id":"https:\/\/nativoqueretaro.mx\/#\/schema\/logo\/image\/"}},{"@type":"Person","@id":"https:\/\/nativoqueretaro.mx\/#\/schema\/person\/9cb2d9bff62be7a0a4a39066c9eac822","name":"NativoQro","image":{"@type":"ImageObject","inLanguage":"es","@id":"https:\/\/nativoqueretaro.mx\/#\/schema\/person\/image\/","url":"https:\/\/secure.gravatar.com\/avatar\/0574151f0584a2a8056a6d87f37cd6abc6c709a951c8e822eb1ab470a5022bc5?s=96&d=mm&r=g","contentUrl":"https:\/\/secure.gravatar.com\/avatar\/0574151f0584a2a8056a6d87f37cd6abc6c709a951c8e822eb1ab470a5022bc5?s=96&d=mm&r=g","caption":"NativoQro"},"url":"https:\/\/nativoqueretaro.mx\/index.php\/author\/nativoadmin\/"}]}},"_links":{"self":[{"href":"https:\/\/nativoqueretaro.mx\/index.php\/wp-json\/wp\/v2\/posts\/42117","targetHints":{"allow":["GET"]}}],"collection":[{"href":"https:\/\/nativoqueretaro.mx\/index.php\/wp-json\/wp\/v2\/posts"}],"about":[{"href":"https:\/\/nativoqueretaro.mx\/index.php\/wp-json\/wp\/v2\/types\/post"}],"author":[{"embeddable":true,"href":"https:\/\/nativoqueretaro.mx\/index.php\/wp-json\/wp\/v2\/users\/1"}],"replies":[{"embeddable":true,"href":"https:\/\/nativoqueretaro.mx\/index.php\/wp-json\/wp\/v2\/comments?post=42117"}],"version-history":[{"count":1,"href":"https:\/\/nativoqueretaro.mx\/index.php\/wp-json\/wp\/v2\/posts\/42117\/revisions"}],"predecessor-version":[{"id":42119,"href":"https:\/\/nativoqueretaro.mx\/index.php\/wp-json\/wp\/v2\/posts\/42117\/revisions\/42119"}],"wp:featuredmedia":[{"embeddable":true,"href":"https:\/\/nativoqueretaro.mx\/index.php\/wp-json\/wp\/v2\/media\/42118"}],"wp:attachment":[{"href":"https:\/\/nativoqueretaro.mx\/index.php\/wp-json\/wp\/v2\/media?parent=42117"}],"wp:term":[{"taxonomy":"category","embeddable":true,"href":"https:\/\/nativoqueretaro.mx\/index.php\/wp-json\/wp\/v2\/categories?post=42117"},{"taxonomy":"post_tag","embeddable":true,"href":"https:\/\/nativoqueretaro.mx\/index.php\/wp-json\/wp\/v2\/tags?post=42117"}],"curies":[{"name":"wp","href":"https:\/\/api.w.org\/{rel}","templated":true}]}}