{"id":42107,"date":"2026-05-01T19:01:21","date_gmt":"2026-05-01T19:01:21","guid":{"rendered":"https:\/\/nativoqueretaro.mx\/?p=42107"},"modified":"2026-05-01T19:01:21","modified_gmt":"2026-05-01T19:01:21","slug":"inaugura-felifer-macias-festival-de-comunidades-extranjeras-edicion-pambolera","status":"publish","type":"post","link":"https:\/\/nativoqueretaro.mx\/index.php\/2026\/05\/01\/inaugura-felifer-macias-festival-de-comunidades-extranjeras-edicion-pambolera\/","title":{"rendered":"Inaugura Felifer Mac\u00edas Festival de Comunidades Extranjeras edici\u00f3n pambolera"},"content":{"rendered":"<p>En un ambiente de fiesta mundialista, el presidente municipal de Quer\u00e9taro, Felifer Mac\u00edas, inaugur\u00f3 el Festival de Comunidades Extranjeras edici\u00f3n pambolera, mismo que se realiza en el Parque Bicentenario del jueves 30 de abril al domingo 3 de mayo y que este a\u00f1o contar\u00e1 con la participaci\u00f3n de 64 pa\u00edses.<\/p>\n<p>\u201cLes quiero decir que hemos organizado esto con much\u00edsimo cari\u00f1o, con much\u00edsimas ganas. Es un honor tener a tantas y tantos invitados de muchas partes del mundo para que disfruten de la calidez mexicana y de la calidez y hospitalidad queretana. El d\u00eda de hoy tenemos m\u00e1s de 64 pa\u00edses representados en este festival de comunidades extranjeras\u201d, se\u00f1al\u00f3.<\/p>\n<p>Felifer Mac\u00edas afirm\u00f3 que esta edici\u00f3n del Festival de Comunidades Extranjeras ser\u00e1 la mejor en la historia de la ciudad, al promover la convivencia internacional y el disfrute de las familias queretanas y de quienes visitan la capital, en un ambiente que combina el esp\u00edritu futbolero con la fiesta durante todo el fin de semana.<\/p>\n<p>Adem\u00e1s, Felifer Macias agradeci\u00f3 la presencia de los embajadores Susannah Goshko, de la embajada de Reino Unido en M\u00e9xico; el excelent\u00edsimo se\u00f1or Thom\u00e1\u0161 Hart, embajador de la Rep\u00fablica Checa en M\u00e9xico; y al excelent\u00edsimo se\u00f1or Ruair\u00ed de B\u00farca, embajador de Irlanda en M\u00e9xico.<\/p>\n<p>La edici\u00f3n 2026 del Festival de Comunidades Extranjeras tendr\u00e1 como novedad. adem\u00e1s de las actividades culturales y art\u00edsticas, la implementaci\u00f3n de torneos de f\u00fatbol y uruguayito entre los integrantes de los diferentes paises, as\u00ed como la firma de aut\u00f3grafos de leyendas del balompi\u00e9 nacional como Adolfo R\u00edos, Adolfo \u201cBofo\u201d Bautista, Luis Roberto Alves \u201cZague\u201d, Carlos Salcido y Joel \u201cEl Tibur\u00f3n\u201d S\u00e1nchez, como principales figuras.<\/p>\n<p>Cabe destacar que se espera un aforo de 60 mil personas con una derrama econ\u00f3mica estimada de 60 millones pesos, en donde las familias podr\u00e1n disfrutar de m\u00e1s de 70 actividades art\u00edsticas, 91 stands gastron\u00f3micos y artesanales y 30 de productores locales; torneos deportivos. El acceso al evento tiene un costo de 70 pesos, mientras que las personas con discapacidad, adultos mayores y menores de tres a\u00f1os podr\u00e1n ingresar de forma gratuita.<\/p>\n<p>Adem\u00e1s, con el objetivo de facilitar el traslado de la ciudadan\u00eda y mejorar la movilidad durante el Festival de Comunidades Extranjeras edici\u00f3n pambolera, el municipio de Quer\u00e9taro, pondr\u00e1 en operaci\u00f3n un servicio especial de transporte gratuito del 30 de abril al 3 de mayo con destino al Parque Bicentenario.<\/p>\n<p>El servicio operar\u00e1 de jueves a domingo, en un horario de 11:00 a 23:00 horas, a trav\u00e9s de tres circuitos: uno al interior del Parque Bicentenario para facilitar la movilidad de las y los asistentes; otro desde el mercado de Santa Rosa J\u00e1uregui al Parque Bicentenario; y un tercer circuito desde el Centro Educativo Cultural Manuel G\u00f3mez Mor\u00edn hacia el Parque Bicentenario.<\/p>\n<p>Habr\u00e1 salidas cada 20 minutos desde el Centro Educativo Cultural Manuel G\u00f3mez Mor\u00edn, as\u00ed como desde el mercado de Santa Rosa J\u00e1uregui, hacia el Parque Bicentenario. Mientras tanto, las unidades al interior del recinto tendr\u00e1n una frecuencia de 15 minutos.<\/p>\n","protected":false},"excerpt":{"rendered":"<p>En un ambiente de fiesta mundialista, el presidente municipal de Quer\u00e9taro, Felifer Mac\u00edas, inaugur\u00f3 el Festival de Comunidades Extranjeras edici\u00f3n pambolera, mismo que se realiza en el Parque Bicentenario del jueves 30 de abril al domingo 3 de mayo y que este a\u00f1o contar\u00e1 con la participaci\u00f3n de 64 pa\u00edses. \u201cLes quiero decir que hemos [&hellip;]<\/p>\n","protected":false},"author":1,"featured_media":42108,"comment_status":"open","ping_status":"open","sticky":false,"template":"","format":"standard","meta":{"_acf_changed":false,"ocean_post_layout":"","ocean_both_sidebars_style":"","ocean_both_sidebars_content_width":0,"ocean_both_sidebars_sidebars_width":0,"ocean_sidebar":"0","ocean_second_sidebar":"0","ocean_disable_margins":"enable","ocean_add_body_class":"","ocean_shortcode_before_top_bar":"","ocean_shortcode_after_top_bar":"","ocean_shortcode_before_header":"","ocean_shortcode_after_header":"","ocean_has_shortcode":"","ocean_shortcode_after_title":"","ocean_shortcode_before_footer_widgets":"","ocean_shortcode_after_footer_widgets":"","ocean_shortcode_before_footer_bottom":"","ocean_shortcode_after_footer_bottom":"","ocean_display_top_bar":"default","ocean_display_header":"default","ocean_header_style":"","ocean_center_header_left_menu":"0","ocean_custom_header_template":"0","ocean_custom_logo":0,"ocean_custom_retina_logo":0,"ocean_custom_logo_max_width":0,"ocean_custom_logo_tablet_max_width":0,"ocean_custom_logo_mobile_max_width":0,"ocean_custom_logo_max_height":0,"ocean_custom_logo_tablet_max_height":0,"ocean_custom_logo_mobile_max_height":0,"ocean_header_custom_menu":"0","ocean_menu_typo_font_family":"0","ocean_menu_typo_font_subset":"","ocean_menu_typo_font_size":0,"ocean_menu_typo_font_size_tablet":0,"ocean_menu_typo_font_size_mobile":0,"ocean_menu_typo_font_size_unit":"px","ocean_menu_typo_font_weight":"","ocean_menu_typo_font_weight_tablet":"","ocean_menu_typo_font_weight_mobile":"","ocean_menu_typo_transform":"","ocean_menu_typo_transform_tablet":"","ocean_menu_typo_transform_mobile":"","ocean_menu_typo_line_height":0,"ocean_menu_typo_line_height_tablet":0,"ocean_menu_typo_line_height_mobile":0,"ocean_menu_typo_line_height_unit":"","ocean_menu_typo_spacing":0,"ocean_menu_typo_spacing_tablet":0,"ocean_menu_typo_spacing_mobile":0,"ocean_menu_typo_spacing_unit":"","ocean_menu_link_color":"","ocean_menu_link_color_hover":"","ocean_menu_link_color_active":"","ocean_menu_link_background":"","ocean_menu_link_hover_background":"","ocean_menu_link_active_background":"","ocean_menu_social_links_bg":"","ocean_menu_social_hover_links_bg":"","ocean_menu_social_links_color":"","ocean_menu_social_hover_links_color":"","ocean_disable_title":"default","ocean_disable_heading":"default","ocean_post_title":"","ocean_post_subheading":"","ocean_post_title_style":"","ocean_post_title_background_color":"","ocean_post_title_background":0,"ocean_post_title_bg_image_position":"","ocean_post_title_bg_image_attachment":"","ocean_post_title_bg_image_repeat":"","ocean_post_title_bg_image_size":"","ocean_post_title_height":0,"ocean_post_title_bg_overlay":0.5,"ocean_post_title_bg_overlay_color":"","ocean_disable_breadcrumbs":"default","ocean_breadcrumbs_color":"","ocean_breadcrumbs_separator_color":"","ocean_breadcrumbs_links_color":"","ocean_breadcrumbs_links_hover_color":"","ocean_display_footer_widgets":"default","ocean_display_footer_bottom":"default","ocean_custom_footer_template":"0","ocean_post_oembed":"","ocean_post_self_hosted_media":"","ocean_post_video_embed":"","ocean_link_format":"","ocean_link_format_target":"self","ocean_quote_format":"","ocean_quote_format_link":"post","ocean_gallery_link_images":"on","ocean_gallery_id":[],"footnotes":""},"categories":[6],"tags":[],"class_list":["post-42107","post","type-post","status-publish","format-standard","has-post-thumbnail","hentry","category-queretaro-capital-e-industria","entry","has-media"],"acf":[],"yoast_head":"<!-- This site is optimized with the Yoast SEO plugin v24.7 - https:\/\/yoast.com\/wordpress\/plugins\/seo\/ -->\n<title>Inaugura Felifer Mac\u00edas Festival de Comunidades Extranjeras edici\u00f3n pambolera - Nativo Quer\u00e9taro<\/title>\n<meta name=\"robots\" content=\"index, follow, max-snippet:-1, max-image-preview:large, max-video-preview:-1\" \/>\n<link rel=\"canonical\" href=\"https:\/\/nativoqueretaro.mx\/index.php\/2026\/05\/01\/inaugura-felifer-macias-festival-de-comunidades-extranjeras-edicion-pambolera\/\" \/>\n<meta property=\"og:locale\" content=\"es_MX\" \/>\n<meta property=\"og:type\" content=\"article\" \/>\n<meta property=\"og:title\" content=\"Inaugura Felifer Mac\u00edas Festival de Comunidades Extranjeras edici\u00f3n pambolera - Nativo Quer\u00e9taro\" \/>\n<meta property=\"og:description\" content=\"En un ambiente de fiesta mundialista, el presidente municipal de Quer\u00e9taro, Felifer Mac\u00edas, inaugur\u00f3 el Festival de Comunidades Extranjeras edici\u00f3n pambolera, mismo que se realiza en el Parque Bicentenario del jueves 30 de abril al domingo 3 de mayo y que este a\u00f1o contar\u00e1 con la participaci\u00f3n de 64 pa\u00edses. \u201cLes quiero decir que hemos [&hellip;]\" \/>\n<meta property=\"og:url\" content=\"https:\/\/nativoqueretaro.mx\/index.php\/2026\/05\/01\/inaugura-felifer-macias-festival-de-comunidades-extranjeras-edicion-pambolera\/\" \/>\n<meta property=\"og:site_name\" content=\"Nativo Quer\u00e9taro\" \/>\n<meta property=\"article:published_time\" content=\"2026-05-01T19:01:21+00:00\" \/>\n<meta property=\"og:image\" content=\"https:\/\/nativoqueretaro.mx\/wp-content\/uploads\/2026\/05\/WhatsApp-Image-2026-04-30-at-7.25.08-PM-852x500-1.webp\" \/>\n\t<meta property=\"og:image:width\" content=\"852\" \/>\n\t<meta property=\"og:image:height\" content=\"500\" \/>\n\t<meta property=\"og:image:type\" content=\"image\/webp\" \/>\n<meta name=\"author\" content=\"NativoQro\" \/>\n<meta name=\"twitter:card\" content=\"summary_large_image\" \/>\n<meta name=\"twitter:label1\" content=\"Escrito por\" \/>\n\t<meta name=\"twitter:data1\" content=\"NativoQro\" \/>\n\t<meta name=\"twitter:label2\" content=\"Tiempo de lectura\" \/>\n\t<meta name=\"twitter:data2\" content=\"3 minutos\" \/>\n<script type=\"application\/ld+json\" class=\"yoast-schema-graph\">{\"@context\":\"https:\/\/schema.org\",\"@graph\":[{\"@type\":\"Article\",\"@id\":\"https:\/\/nativoqueretaro.mx\/index.php\/2026\/05\/01\/inaugura-felifer-macias-festival-de-comunidades-extranjeras-edicion-pambolera\/#article\",\"isPartOf\":{\"@id\":\"https:\/\/nativoqueretaro.mx\/index.php\/2026\/05\/01\/inaugura-felifer-macias-festival-de-comunidades-extranjeras-edicion-pambolera\/\"},\"author\":{\"name\":\"NativoQro\",\"@id\":\"https:\/\/nativoqueretaro.mx\/#\/schema\/person\/9cb2d9bff62be7a0a4a39066c9eac822\"},\"headline\":\"Inaugura Felifer Mac\u00edas Festival de Comunidades Extranjeras edici\u00f3n pambolera\",\"datePublished\":\"2026-05-01T19:01:21+00:00\",\"mainEntityOfPage\":{\"@id\":\"https:\/\/nativoqueretaro.mx\/index.php\/2026\/05\/01\/inaugura-felifer-macias-festival-de-comunidades-extranjeras-edicion-pambolera\/\"},\"wordCount\":542,\"commentCount\":0,\"publisher\":{\"@id\":\"https:\/\/nativoqueretaro.mx\/#organization\"},\"image\":{\"@id\":\"https:\/\/nativoqueretaro.mx\/index.php\/2026\/05\/01\/inaugura-felifer-macias-festival-de-comunidades-extranjeras-edicion-pambolera\/#primaryimage\"},\"thumbnailUrl\":\"https:\/\/nativoqueretaro.mx\/wp-content\/uploads\/2026\/05\/WhatsApp-Image-2026-04-30-at-7.25.08-PM-852x500-1.webp\",\"articleSection\":[\"Quer\u00e9taro Capital e Industria\"],\"inLanguage\":\"es\",\"potentialAction\":[{\"@type\":\"CommentAction\",\"name\":\"Comment\",\"target\":[\"https:\/\/nativoqueretaro.mx\/index.php\/2026\/05\/01\/inaugura-felifer-macias-festival-de-comunidades-extranjeras-edicion-pambolera\/#respond\"]}]},{\"@type\":\"WebPage\",\"@id\":\"https:\/\/nativoqueretaro.mx\/index.php\/2026\/05\/01\/inaugura-felifer-macias-festival-de-comunidades-extranjeras-edicion-pambolera\/\",\"url\":\"https:\/\/nativoqueretaro.mx\/index.php\/2026\/05\/01\/inaugura-felifer-macias-festival-de-comunidades-extranjeras-edicion-pambolera\/\",\"name\":\"Inaugura Felifer Mac\u00edas Festival de Comunidades Extranjeras edici\u00f3n pambolera - Nativo Quer\u00e9taro\",\"isPartOf\":{\"@id\":\"https:\/\/nativoqueretaro.mx\/#website\"},\"primaryImageOfPage\":{\"@id\":\"https:\/\/nativoqueretaro.mx\/index.php\/2026\/05\/01\/inaugura-felifer-macias-festival-de-comunidades-extranjeras-edicion-pambolera\/#primaryimage\"},\"image\":{\"@id\":\"https:\/\/nativoqueretaro.mx\/index.php\/2026\/05\/01\/inaugura-felifer-macias-festival-de-comunidades-extranjeras-edicion-pambolera\/#primaryimage\"},\"thumbnailUrl\":\"https:\/\/nativoqueretaro.mx\/wp-content\/uploads\/2026\/05\/WhatsApp-Image-2026-04-30-at-7.25.08-PM-852x500-1.webp\",\"datePublished\":\"2026-05-01T19:01:21+00:00\",\"breadcrumb\":{\"@id\":\"https:\/\/nativoqueretaro.mx\/index.php\/2026\/05\/01\/inaugura-felifer-macias-festival-de-comunidades-extranjeras-edicion-pambolera\/#breadcrumb\"},\"inLanguage\":\"es\",\"potentialAction\":[{\"@type\":\"ReadAction\",\"target\":[\"https:\/\/nativoqueretaro.mx\/index.php\/2026\/05\/01\/inaugura-felifer-macias-festival-de-comunidades-extranjeras-edicion-pambolera\/\"]}]},{\"@type\":\"ImageObject\",\"inLanguage\":\"es\",\"@id\":\"https:\/\/nativoqueretaro.mx\/index.php\/2026\/05\/01\/inaugura-felifer-macias-festival-de-comunidades-extranjeras-edicion-pambolera\/#primaryimage\",\"url\":\"https:\/\/nativoqueretaro.mx\/wp-content\/uploads\/2026\/05\/WhatsApp-Image-2026-04-30-at-7.25.08-PM-852x500-1.webp\",\"contentUrl\":\"https:\/\/nativoqueretaro.mx\/wp-content\/uploads\/2026\/05\/WhatsApp-Image-2026-04-30-at-7.25.08-PM-852x500-1.webp\",\"width\":852,\"height\":500},{\"@type\":\"BreadcrumbList\",\"@id\":\"https:\/\/nativoqueretaro.mx\/index.php\/2026\/05\/01\/inaugura-felifer-macias-festival-de-comunidades-extranjeras-edicion-pambolera\/#breadcrumb\",\"itemListElement\":[{\"@type\":\"ListItem\",\"position\":1,\"name\":\"Home\",\"item\":\"https:\/\/nativoqueretaro.mx\/\"},{\"@type\":\"ListItem\",\"position\":2,\"name\":\"Inaugura Felifer Mac\u00edas Festival de Comunidades Extranjeras edici\u00f3n pambolera\"}]},{\"@type\":\"WebSite\",\"@id\":\"https:\/\/nativoqueretaro.mx\/#website\",\"url\":\"https:\/\/nativoqueretaro.mx\/\",\"name\":\"Nativo Quer\u00e9taro\",\"description\":\"\",\"publisher\":{\"@id\":\"https:\/\/nativoqueretaro.mx\/#organization\"},\"potentialAction\":[{\"@type\":\"SearchAction\",\"target\":{\"@type\":\"EntryPoint\",\"urlTemplate\":\"https:\/\/nativoqueretaro.mx\/?s={search_term_string}\"},\"query-input\":{\"@type\":\"PropertyValueSpecification\",\"valueRequired\":true,\"valueName\":\"search_term_string\"}}],\"inLanguage\":\"es\"},{\"@type\":\"Organization\",\"@id\":\"https:\/\/nativoqueretaro.mx\/#organization\",\"name\":\"Nativo Quer\u00e9taro\",\"url\":\"https:\/\/nativoqueretaro.mx\/\",\"logo\":{\"@type\":\"ImageObject\",\"inLanguage\":\"es\",\"@id\":\"https:\/\/nativoqueretaro.mx\/#\/schema\/logo\/image\/\",\"url\":\"https:\/\/nativoqueretaro.mx\/wp-content\/uploads\/2025\/01\/NATIVO_QRO_white.svg\",\"contentUrl\":\"https:\/\/nativoqueretaro.mx\/wp-content\/uploads\/2025\/01\/NATIVO_QRO_white.svg\",\"caption\":\"Nativo Quer\u00e9taro\"},\"image\":{\"@id\":\"https:\/\/nativoqueretaro.mx\/#\/schema\/logo\/image\/\"}},{\"@type\":\"Person\",\"@id\":\"https:\/\/nativoqueretaro.mx\/#\/schema\/person\/9cb2d9bff62be7a0a4a39066c9eac822\",\"name\":\"NativoQro\",\"image\":{\"@type\":\"ImageObject\",\"inLanguage\":\"es\",\"@id\":\"https:\/\/nativoqueretaro.mx\/#\/schema\/person\/image\/\",\"url\":\"https:\/\/secure.gravatar.com\/avatar\/0574151f0584a2a8056a6d87f37cd6abc6c709a951c8e822eb1ab470a5022bc5?s=96&d=mm&r=g\",\"contentUrl\":\"https:\/\/secure.gravatar.com\/avatar\/0574151f0584a2a8056a6d87f37cd6abc6c709a951c8e822eb1ab470a5022bc5?s=96&d=mm&r=g\",\"caption\":\"NativoQro\"},\"url\":\"https:\/\/nativoqueretaro.mx\/index.php\/author\/nativoadmin\/\"}]}<\/script>\n<!-- \/ Yoast SEO plugin. -->","yoast_head_json":{"title":"Inaugura Felifer Mac\u00edas Festival de Comunidades Extranjeras edici\u00f3n pambolera - Nativo Quer\u00e9taro","robots":{"index":"index","follow":"follow","max-snippet":"max-snippet:-1","max-image-preview":"max-image-preview:large","max-video-preview":"max-video-preview:-1"},"canonical":"https:\/\/nativoqueretaro.mx\/index.php\/2026\/05\/01\/inaugura-felifer-macias-festival-de-comunidades-extranjeras-edicion-pambolera\/","og_locale":"es_MX","og_type":"article","og_title":"Inaugura Felifer Mac\u00edas Festival de Comunidades Extranjeras edici\u00f3n pambolera - Nativo Quer\u00e9taro","og_description":"En un ambiente de fiesta mundialista, el presidente municipal de Quer\u00e9taro, Felifer Mac\u00edas, inaugur\u00f3 el Festival de Comunidades Extranjeras edici\u00f3n pambolera, mismo que se realiza en el Parque Bicentenario del jueves 30 de abril al domingo 3 de mayo y que este a\u00f1o contar\u00e1 con la participaci\u00f3n de 64 pa\u00edses. \u201cLes quiero decir que hemos [&hellip;]","og_url":"https:\/\/nativoqueretaro.mx\/index.php\/2026\/05\/01\/inaugura-felifer-macias-festival-de-comunidades-extranjeras-edicion-pambolera\/","og_site_name":"Nativo Quer\u00e9taro","article_published_time":"2026-05-01T19:01:21+00:00","og_image":[{"width":852,"height":500,"url":"https:\/\/nativoqueretaro.mx\/wp-content\/uploads\/2026\/05\/WhatsApp-Image-2026-04-30-at-7.25.08-PM-852x500-1.webp","type":"image\/webp"}],"author":"NativoQro","twitter_card":"summary_large_image","twitter_misc":{"Escrito por":"NativoQro","Tiempo de lectura":"3 minutos"},"schema":{"@context":"https:\/\/schema.org","@graph":[{"@type":"Article","@id":"https:\/\/nativoqueretaro.mx\/index.php\/2026\/05\/01\/inaugura-felifer-macias-festival-de-comunidades-extranjeras-edicion-pambolera\/#article","isPartOf":{"@id":"https:\/\/nativoqueretaro.mx\/index.php\/2026\/05\/01\/inaugura-felifer-macias-festival-de-comunidades-extranjeras-edicion-pambolera\/"},"author":{"name":"NativoQro","@id":"https:\/\/nativoqueretaro.mx\/#\/schema\/person\/9cb2d9bff62be7a0a4a39066c9eac822"},"headline":"Inaugura Felifer Mac\u00edas Festival de Comunidades Extranjeras edici\u00f3n pambolera","datePublished":"2026-05-01T19:01:21+00:00","mainEntityOfPage":{"@id":"https:\/\/nativoqueretaro.mx\/index.php\/2026\/05\/01\/inaugura-felifer-macias-festival-de-comunidades-extranjeras-edicion-pambolera\/"},"wordCount":542,"commentCount":0,"publisher":{"@id":"https:\/\/nativoqueretaro.mx\/#organization"},"image":{"@id":"https:\/\/nativoqueretaro.mx\/index.php\/2026\/05\/01\/inaugura-felifer-macias-festival-de-comunidades-extranjeras-edicion-pambolera\/#primaryimage"},"thumbnailUrl":"https:\/\/nativoqueretaro.mx\/wp-content\/uploads\/2026\/05\/WhatsApp-Image-2026-04-30-at-7.25.08-PM-852x500-1.webp","articleSection":["Quer\u00e9taro Capital e Industria"],"inLanguage":"es","potentialAction":[{"@type":"CommentAction","name":"Comment","target":["https:\/\/nativoqueretaro.mx\/index.php\/2026\/05\/01\/inaugura-felifer-macias-festival-de-comunidades-extranjeras-edicion-pambolera\/#respond"]}]},{"@type":"WebPage","@id":"https:\/\/nativoqueretaro.mx\/index.php\/2026\/05\/01\/inaugura-felifer-macias-festival-de-comunidades-extranjeras-edicion-pambolera\/","url":"https:\/\/nativoqueretaro.mx\/index.php\/2026\/05\/01\/inaugura-felifer-macias-festival-de-comunidades-extranjeras-edicion-pambolera\/","name":"Inaugura Felifer Mac\u00edas Festival de Comunidades Extranjeras edici\u00f3n pambolera - Nativo Quer\u00e9taro","isPartOf":{"@id":"https:\/\/nativoqueretaro.mx\/#website"},"primaryImageOfPage":{"@id":"https:\/\/nativoqueretaro.mx\/index.php\/2026\/05\/01\/inaugura-felifer-macias-festival-de-comunidades-extranjeras-edicion-pambolera\/#primaryimage"},"image":{"@id":"https:\/\/nativoqueretaro.mx\/index.php\/2026\/05\/01\/inaugura-felifer-macias-festival-de-comunidades-extranjeras-edicion-pambolera\/#primaryimage"},"thumbnailUrl":"https:\/\/nativoqueretaro.mx\/wp-content\/uploads\/2026\/05\/WhatsApp-Image-2026-04-30-at-7.25.08-PM-852x500-1.webp","datePublished":"2026-05-01T19:01:21+00:00","breadcrumb":{"@id":"https:\/\/nativoqueretaro.mx\/index.php\/2026\/05\/01\/inaugura-felifer-macias-festival-de-comunidades-extranjeras-edicion-pambolera\/#breadcrumb"},"inLanguage":"es","potentialAction":[{"@type":"ReadAction","target":["https:\/\/nativoqueretaro.mx\/index.php\/2026\/05\/01\/inaugura-felifer-macias-festival-de-comunidades-extranjeras-edicion-pambolera\/"]}]},{"@type":"ImageObject","inLanguage":"es","@id":"https:\/\/nativoqueretaro.mx\/index.php\/2026\/05\/01\/inaugura-felifer-macias-festival-de-comunidades-extranjeras-edicion-pambolera\/#primaryimage","url":"https:\/\/nativoqueretaro.mx\/wp-content\/uploads\/2026\/05\/WhatsApp-Image-2026-04-30-at-7.25.08-PM-852x500-1.webp","contentUrl":"https:\/\/nativoqueretaro.mx\/wp-content\/uploads\/2026\/05\/WhatsApp-Image-2026-04-30-at-7.25.08-PM-852x500-1.webp","width":852,"height":500},{"@type":"BreadcrumbList","@id":"https:\/\/nativoqueretaro.mx\/index.php\/2026\/05\/01\/inaugura-felifer-macias-festival-de-comunidades-extranjeras-edicion-pambolera\/#breadcrumb","itemListElement":[{"@type":"ListItem","position":1,"name":"Home","item":"https:\/\/nativoqueretaro.mx\/"},{"@type":"ListItem","position":2,"name":"Inaugura Felifer Mac\u00edas Festival de Comunidades Extranjeras edici\u00f3n pambolera"}]},{"@type":"WebSite","@id":"https:\/\/nativoqueretaro.mx\/#website","url":"https:\/\/nativoqueretaro.mx\/","name":"Nativo Quer\u00e9taro","description":"","publisher":{"@id":"https:\/\/nativoqueretaro.mx\/#organization"},"potentialAction":[{"@type":"SearchAction","target":{"@type":"EntryPoint","urlTemplate":"https:\/\/nativoqueretaro.mx\/?s={search_term_string}"},"query-input":{"@type":"PropertyValueSpecification","valueRequired":true,"valueName":"search_term_string"}}],"inLanguage":"es"},{"@type":"Organization","@id":"https:\/\/nativoqueretaro.mx\/#organization","name":"Nativo Quer\u00e9taro","url":"https:\/\/nativoqueretaro.mx\/","logo":{"@type":"ImageObject","inLanguage":"es","@id":"https:\/\/nativoqueretaro.mx\/#\/schema\/logo\/image\/","url":"https:\/\/nativoqueretaro.mx\/wp-content\/uploads\/2025\/01\/NATIVO_QRO_white.svg","contentUrl":"https:\/\/nativoqueretaro.mx\/wp-content\/uploads\/2025\/01\/NATIVO_QRO_white.svg","caption":"Nativo Quer\u00e9taro"},"image":{"@id":"https:\/\/nativoqueretaro.mx\/#\/schema\/logo\/image\/"}},{"@type":"Person","@id":"https:\/\/nativoqueretaro.mx\/#\/schema\/person\/9cb2d9bff62be7a0a4a39066c9eac822","name":"NativoQro","image":{"@type":"ImageObject","inLanguage":"es","@id":"https:\/\/nativoqueretaro.mx\/#\/schema\/person\/image\/","url":"https:\/\/secure.gravatar.com\/avatar\/0574151f0584a2a8056a6d87f37cd6abc6c709a951c8e822eb1ab470a5022bc5?s=96&d=mm&r=g","contentUrl":"https:\/\/secure.gravatar.com\/avatar\/0574151f0584a2a8056a6d87f37cd6abc6c709a951c8e822eb1ab470a5022bc5?s=96&d=mm&r=g","caption":"NativoQro"},"url":"https:\/\/nativoqueretaro.mx\/index.php\/author\/nativoadmin\/"}]}},"_links":{"self":[{"href":"https:\/\/nativoqueretaro.mx\/index.php\/wp-json\/wp\/v2\/posts\/42107","targetHints":{"allow":["GET"]}}],"collection":[{"href":"https:\/\/nativoqueretaro.mx\/index.php\/wp-json\/wp\/v2\/posts"}],"about":[{"href":"https:\/\/nativoqueretaro.mx\/index.php\/wp-json\/wp\/v2\/types\/post"}],"author":[{"embeddable":true,"href":"https:\/\/nativoqueretaro.mx\/index.php\/wp-json\/wp\/v2\/users\/1"}],"replies":[{"embeddable":true,"href":"https:\/\/nativoqueretaro.mx\/index.php\/wp-json\/wp\/v2\/comments?post=42107"}],"version-history":[{"count":1,"href":"https:\/\/nativoqueretaro.mx\/index.php\/wp-json\/wp\/v2\/posts\/42107\/revisions"}],"predecessor-version":[{"id":42109,"href":"https:\/\/nativoqueretaro.mx\/index.php\/wp-json\/wp\/v2\/posts\/42107\/revisions\/42109"}],"wp:featuredmedia":[{"embeddable":true,"href":"https:\/\/nativoqueretaro.mx\/index.php\/wp-json\/wp\/v2\/media\/42108"}],"wp:attachment":[{"href":"https:\/\/nativoqueretaro.mx\/index.php\/wp-json\/wp\/v2\/media?parent=42107"}],"wp:term":[{"taxonomy":"category","embeddable":true,"href":"https:\/\/nativoqueretaro.mx\/index.php\/wp-json\/wp\/v2\/categories?post=42107"},{"taxonomy":"post_tag","embeddable":true,"href":"https:\/\/nativoqueretaro.mx\/index.php\/wp-json\/wp\/v2\/tags?post=42107"}],"curies":[{"name":"wp","href":"https:\/\/api.w.org\/{rel}","templated":true}]}}