{"id":42100,"date":"2026-04-30T16:14:03","date_gmt":"2026-04-30T16:14:03","guid":{"rendered":"https:\/\/nativoqueretaro.mx\/?p=42100"},"modified":"2026-04-30T16:14:03","modified_gmt":"2026-04-30T16:14:03","slug":"autoridades-estatales-y-federales-dan-bienvenida-a-205-medicos-al-imss-queretaro","status":"publish","type":"post","link":"https:\/\/nativoqueretaro.mx\/index.php\/2026\/04\/30\/autoridades-estatales-y-federales-dan-bienvenida-a-205-medicos-al-imss-queretaro\/","title":{"rendered":"Autoridades estatales y federales dan bienvenida a 205 m\u00e9dicos al IMSS Quer\u00e9taro"},"content":{"rendered":"<p>El Marqu\u00e9s, Qro., 30 de abril de 2026.- El gobernador Mauricio Kuri encabez\u00f3 la ceremonia de bienvenida a 205 m\u00e9dicos que se integran al Instituto Mexicano del Seguro Social (IMSS) en Quer\u00e9taro, a fin de fortalecer la atenci\u00f3n a la derechohabiencia en el primer y segundo nivel.<\/p>\n<p>La secretaria de Salud en el estado, Martina P\u00e9rez Rend\u00f3n, afirm\u00f3 que las metas m\u00e1s importantes, como la salud, no se logran en solitario: se construyen en equipo, todos los d\u00edas, con entrega y vocaci\u00f3n. Celebr\u00f3 la incorporaci\u00f3n de las m\u00e9dicas y m\u00e9dicos especialistas al IMSS y destac\u00f3 que, con su vocaci\u00f3n, esfuerzo y compromiso, contribuyen a fortalecer la atenci\u00f3n de la salud en la entidad.<\/p>\n<p>La funcionaria estatal agradeci\u00f3 a toda la comunidad del IMSS Quer\u00e9taro por estar siempre en los momentos m\u00e1s dif\u00edciles, dando la cara por la salud del estado, y trabajar juntos a favor de un solo M\u00e9xico. Tambi\u00e9n distingui\u00f3 a la titular del \u00d3rgano de Operaci\u00f3n Administrativa Desconcentrada del IMSS Quer\u00e9taro, Martha Elo\u00edsa S\u00e1nchez V\u00e1zquez, y al director general del IMSS, Zo\u00e9 Robledo Aburto, por su compromiso.<\/p>\n<p>Asimismo, destac\u00f3 que la coordinaci\u00f3n en el sector est\u00e1 dando resultados claros: en Quer\u00e9taro, m\u00e1s de 700 mil trabajadoras y trabajadores, junto con sus familias, tienen la tranquilidad de contar con seguridad social. Adem\u00e1s, se sigue generando empleo y se contin\u00faa construyendo un sistema de salud que responde a las necesidades actuales y sienta las bases para el futuro.<\/p>\n<p>Por su parte, el director general del IMSS, Zo\u00e9 Robledo, inform\u00f3 que, de los cerca de 2.7 millones de habitantes que tiene Quer\u00e9taro, el instituto atiende al 61 por ciento en 22 unidades de medicina familiar y tres hospitales.<\/p>\n<p>Refiri\u00f3 que en el estado se encuentran en marcha diversos proyectos, entre ellos el desarrollo de la primera m\u00e1quina de hemodi\u00e1lisis de fabricaci\u00f3n nacional, en colaboraci\u00f3n con el CIATEQ, as\u00ed como la creaci\u00f3n de una m\u00e1quina de di\u00e1lisis peritoneal ambulatoria.<\/p>\n<p>El funcionario expres\u00f3 que estos avances, orientados a mejorar los servicios de salud, carecer\u00edan de sentido sin la labor de m\u00e9dicas y m\u00e9dicos especialistas, como quienes hoy reciben su nombramiento.<\/p>\n<p>Martha Elo\u00edsa S\u00e1nchez V\u00e1zquez mencion\u00f3 que m\u00e9dicas y m\u00e9dicos comienzan una etapa en la que tendr\u00e1n la oportunidad de poner sus conocimientos al servicio de la poblaci\u00f3n, trabajando en equipo con el personal comprometido que comparte el mismo objetivo: ofrecer atenci\u00f3n digna, oportuna y de excelencia.<\/p>\n<p>\u201cA nombre del IMSS Quer\u00e9taro, gracias por elegir esta instituci\u00f3n en este estado para continuar su desarrollo profesional. Estamos seguros de que su trabajo dejar\u00e1 huella en la vida de muchas personas\u201d, resalt\u00f3.<\/p>\n<p>Previo a este acto, Mauricio Kuri acompa\u00f1\u00f3 a las autoridades del IMSS en un recorrido por el Hospital General Regional no. 2 El Marqu\u00e9s, en donde visitaron el \u00e1rea de hemodinamia. Como parte de esta visita, la comitiva de autoridades tambi\u00e9n inaugur\u00f3 el mural\u00a0<em>Pulso<\/em>, mismo que exalta la labor del personal dedicado a cuidar la salud de las mexicanas y los mexicanos.<\/p>\n","protected":false},"excerpt":{"rendered":"<p>El Marqu\u00e9s, Qro., 30 de abril de 2026.- El gobernador Mauricio Kuri encabez\u00f3 la ceremonia de bienvenida a 205 m\u00e9dicos que se integran al Instituto Mexicano del Seguro Social (IMSS) en Quer\u00e9taro, a fin de fortalecer la atenci\u00f3n a la derechohabiencia en el primer y segundo nivel. La secretaria de Salud en el estado, Martina [&hellip;]<\/p>\n","protected":false},"author":1,"featured_media":42101,"comment_status":"open","ping_status":"open","sticky":false,"template":"","format":"standard","meta":{"_acf_changed":false,"ocean_post_layout":"","ocean_both_sidebars_style":"","ocean_both_sidebars_content_width":0,"ocean_both_sidebars_sidebars_width":0,"ocean_sidebar":"0","ocean_second_sidebar":"0","ocean_disable_margins":"enable","ocean_add_body_class":"","ocean_shortcode_before_top_bar":"","ocean_shortcode_after_top_bar":"","ocean_shortcode_before_header":"","ocean_shortcode_after_header":"","ocean_has_shortcode":"","ocean_shortcode_after_title":"","ocean_shortcode_before_footer_widgets":"","ocean_shortcode_after_footer_widgets":"","ocean_shortcode_before_footer_bottom":"","ocean_shortcode_after_footer_bottom":"","ocean_display_top_bar":"default","ocean_display_header":"default","ocean_header_style":"","ocean_center_header_left_menu":"0","ocean_custom_header_template":"0","ocean_custom_logo":0,"ocean_custom_retina_logo":0,"ocean_custom_logo_max_width":0,"ocean_custom_logo_tablet_max_width":0,"ocean_custom_logo_mobile_max_width":0,"ocean_custom_logo_max_height":0,"ocean_custom_logo_tablet_max_height":0,"ocean_custom_logo_mobile_max_height":0,"ocean_header_custom_menu":"0","ocean_menu_typo_font_family":"0","ocean_menu_typo_font_subset":"","ocean_menu_typo_font_size":0,"ocean_menu_typo_font_size_tablet":0,"ocean_menu_typo_font_size_mobile":0,"ocean_menu_typo_font_size_unit":"px","ocean_menu_typo_font_weight":"","ocean_menu_typo_font_weight_tablet":"","ocean_menu_typo_font_weight_mobile":"","ocean_menu_typo_transform":"","ocean_menu_typo_transform_tablet":"","ocean_menu_typo_transform_mobile":"","ocean_menu_typo_line_height":0,"ocean_menu_typo_line_height_tablet":0,"ocean_menu_typo_line_height_mobile":0,"ocean_menu_typo_line_height_unit":"","ocean_menu_typo_spacing":0,"ocean_menu_typo_spacing_tablet":0,"ocean_menu_typo_spacing_mobile":0,"ocean_menu_typo_spacing_unit":"","ocean_menu_link_color":"","ocean_menu_link_color_hover":"","ocean_menu_link_color_active":"","ocean_menu_link_background":"","ocean_menu_link_hover_background":"","ocean_menu_link_active_background":"","ocean_menu_social_links_bg":"","ocean_menu_social_hover_links_bg":"","ocean_menu_social_links_color":"","ocean_menu_social_hover_links_color":"","ocean_disable_title":"default","ocean_disable_heading":"default","ocean_post_title":"","ocean_post_subheading":"","ocean_post_title_style":"","ocean_post_title_background_color":"","ocean_post_title_background":0,"ocean_post_title_bg_image_position":"","ocean_post_title_bg_image_attachment":"","ocean_post_title_bg_image_repeat":"","ocean_post_title_bg_image_size":"","ocean_post_title_height":0,"ocean_post_title_bg_overlay":0.5,"ocean_post_title_bg_overlay_color":"","ocean_disable_breadcrumbs":"default","ocean_breadcrumbs_color":"","ocean_breadcrumbs_separator_color":"","ocean_breadcrumbs_links_color":"","ocean_breadcrumbs_links_hover_color":"","ocean_display_footer_widgets":"default","ocean_display_footer_bottom":"default","ocean_custom_footer_template":"0","ocean_post_oembed":"","ocean_post_self_hosted_media":"","ocean_post_video_embed":"","ocean_link_format":"","ocean_link_format_target":"self","ocean_quote_format":"","ocean_quote_format_link":"post","ocean_gallery_link_images":"on","ocean_gallery_id":[],"footnotes":""},"categories":[89],"tags":[],"class_list":["post-42100","post","type-post","status-publish","format-standard","has-post-thumbnail","hentry","category-estado","entry","has-media"],"acf":[],"yoast_head":"<!-- This site is optimized with the Yoast SEO plugin v24.7 - https:\/\/yoast.com\/wordpress\/plugins\/seo\/ -->\n<title>Autoridades estatales y federales dan bienvenida a 205 m\u00e9dicos al IMSS Quer\u00e9taro - Nativo Quer\u00e9taro<\/title>\n<meta name=\"robots\" content=\"index, follow, max-snippet:-1, max-image-preview:large, max-video-preview:-1\" \/>\n<link rel=\"canonical\" href=\"https:\/\/nativoqueretaro.mx\/index.php\/2026\/04\/30\/autoridades-estatales-y-federales-dan-bienvenida-a-205-medicos-al-imss-queretaro\/\" \/>\n<meta property=\"og:locale\" content=\"es_MX\" \/>\n<meta property=\"og:type\" content=\"article\" \/>\n<meta property=\"og:title\" content=\"Autoridades estatales y federales dan bienvenida a 205 m\u00e9dicos al IMSS Quer\u00e9taro - Nativo Quer\u00e9taro\" \/>\n<meta property=\"og:description\" content=\"El Marqu\u00e9s, Qro., 30 de abril de 2026.- El gobernador Mauricio Kuri encabez\u00f3 la ceremonia de bienvenida a 205 m\u00e9dicos que se integran al Instituto Mexicano del Seguro Social (IMSS) en Quer\u00e9taro, a fin de fortalecer la atenci\u00f3n a la derechohabiencia en el primer y segundo nivel. La secretaria de Salud en el estado, Martina [&hellip;]\" \/>\n<meta property=\"og:url\" content=\"https:\/\/nativoqueretaro.mx\/index.php\/2026\/04\/30\/autoridades-estatales-y-federales-dan-bienvenida-a-205-medicos-al-imss-queretaro\/\" \/>\n<meta property=\"og:site_name\" content=\"Nativo Quer\u00e9taro\" \/>\n<meta property=\"article:published_time\" content=\"2026-04-30T16:14:03+00:00\" \/>\n<meta property=\"og:image\" content=\"https:\/\/nativoqueretaro.mx\/wp-content\/uploads\/2026\/04\/Medicos-IMSS-bienvenida-abril-2026-Queretaro5-852x500-1.webp\" \/>\n\t<meta property=\"og:image:width\" content=\"852\" \/>\n\t<meta property=\"og:image:height\" content=\"500\" \/>\n\t<meta property=\"og:image:type\" content=\"image\/webp\" \/>\n<meta name=\"author\" content=\"NativoQro\" \/>\n<meta name=\"twitter:card\" content=\"summary_large_image\" \/>\n<meta name=\"twitter:label1\" content=\"Escrito por\" \/>\n\t<meta name=\"twitter:data1\" content=\"NativoQro\" \/>\n\t<meta name=\"twitter:label2\" content=\"Tiempo de lectura\" \/>\n\t<meta name=\"twitter:data2\" content=\"3 minutos\" \/>\n<script type=\"application\/ld+json\" class=\"yoast-schema-graph\">{\"@context\":\"https:\/\/schema.org\",\"@graph\":[{\"@type\":\"Article\",\"@id\":\"https:\/\/nativoqueretaro.mx\/index.php\/2026\/04\/30\/autoridades-estatales-y-federales-dan-bienvenida-a-205-medicos-al-imss-queretaro\/#article\",\"isPartOf\":{\"@id\":\"https:\/\/nativoqueretaro.mx\/index.php\/2026\/04\/30\/autoridades-estatales-y-federales-dan-bienvenida-a-205-medicos-al-imss-queretaro\/\"},\"author\":{\"name\":\"NativoQro\",\"@id\":\"https:\/\/nativoqueretaro.mx\/#\/schema\/person\/9cb2d9bff62be7a0a4a39066c9eac822\"},\"headline\":\"Autoridades estatales y federales dan bienvenida a 205 m\u00e9dicos al IMSS Quer\u00e9taro\",\"datePublished\":\"2026-04-30T16:14:03+00:00\",\"mainEntityOfPage\":{\"@id\":\"https:\/\/nativoqueretaro.mx\/index.php\/2026\/04\/30\/autoridades-estatales-y-federales-dan-bienvenida-a-205-medicos-al-imss-queretaro\/\"},\"wordCount\":547,\"commentCount\":0,\"publisher\":{\"@id\":\"https:\/\/nativoqueretaro.mx\/#organization\"},\"image\":{\"@id\":\"https:\/\/nativoqueretaro.mx\/index.php\/2026\/04\/30\/autoridades-estatales-y-federales-dan-bienvenida-a-205-medicos-al-imss-queretaro\/#primaryimage\"},\"thumbnailUrl\":\"https:\/\/nativoqueretaro.mx\/wp-content\/uploads\/2026\/04\/Medicos-IMSS-bienvenida-abril-2026-Queretaro5-852x500-1.webp\",\"articleSection\":[\"Estado\"],\"inLanguage\":\"es\",\"potentialAction\":[{\"@type\":\"CommentAction\",\"name\":\"Comment\",\"target\":[\"https:\/\/nativoqueretaro.mx\/index.php\/2026\/04\/30\/autoridades-estatales-y-federales-dan-bienvenida-a-205-medicos-al-imss-queretaro\/#respond\"]}]},{\"@type\":\"WebPage\",\"@id\":\"https:\/\/nativoqueretaro.mx\/index.php\/2026\/04\/30\/autoridades-estatales-y-federales-dan-bienvenida-a-205-medicos-al-imss-queretaro\/\",\"url\":\"https:\/\/nativoqueretaro.mx\/index.php\/2026\/04\/30\/autoridades-estatales-y-federales-dan-bienvenida-a-205-medicos-al-imss-queretaro\/\",\"name\":\"Autoridades estatales y federales dan bienvenida a 205 m\u00e9dicos al IMSS Quer\u00e9taro - Nativo Quer\u00e9taro\",\"isPartOf\":{\"@id\":\"https:\/\/nativoqueretaro.mx\/#website\"},\"primaryImageOfPage\":{\"@id\":\"https:\/\/nativoqueretaro.mx\/index.php\/2026\/04\/30\/autoridades-estatales-y-federales-dan-bienvenida-a-205-medicos-al-imss-queretaro\/#primaryimage\"},\"image\":{\"@id\":\"https:\/\/nativoqueretaro.mx\/index.php\/2026\/04\/30\/autoridades-estatales-y-federales-dan-bienvenida-a-205-medicos-al-imss-queretaro\/#primaryimage\"},\"thumbnailUrl\":\"https:\/\/nativoqueretaro.mx\/wp-content\/uploads\/2026\/04\/Medicos-IMSS-bienvenida-abril-2026-Queretaro5-852x500-1.webp\",\"datePublished\":\"2026-04-30T16:14:03+00:00\",\"breadcrumb\":{\"@id\":\"https:\/\/nativoqueretaro.mx\/index.php\/2026\/04\/30\/autoridades-estatales-y-federales-dan-bienvenida-a-205-medicos-al-imss-queretaro\/#breadcrumb\"},\"inLanguage\":\"es\",\"potentialAction\":[{\"@type\":\"ReadAction\",\"target\":[\"https:\/\/nativoqueretaro.mx\/index.php\/2026\/04\/30\/autoridades-estatales-y-federales-dan-bienvenida-a-205-medicos-al-imss-queretaro\/\"]}]},{\"@type\":\"ImageObject\",\"inLanguage\":\"es\",\"@id\":\"https:\/\/nativoqueretaro.mx\/index.php\/2026\/04\/30\/autoridades-estatales-y-federales-dan-bienvenida-a-205-medicos-al-imss-queretaro\/#primaryimage\",\"url\":\"https:\/\/nativoqueretaro.mx\/wp-content\/uploads\/2026\/04\/Medicos-IMSS-bienvenida-abril-2026-Queretaro5-852x500-1.webp\",\"contentUrl\":\"https:\/\/nativoqueretaro.mx\/wp-content\/uploads\/2026\/04\/Medicos-IMSS-bienvenida-abril-2026-Queretaro5-852x500-1.webp\",\"width\":852,\"height\":500},{\"@type\":\"BreadcrumbList\",\"@id\":\"https:\/\/nativoqueretaro.mx\/index.php\/2026\/04\/30\/autoridades-estatales-y-federales-dan-bienvenida-a-205-medicos-al-imss-queretaro\/#breadcrumb\",\"itemListElement\":[{\"@type\":\"ListItem\",\"position\":1,\"name\":\"Home\",\"item\":\"https:\/\/nativoqueretaro.mx\/\"},{\"@type\":\"ListItem\",\"position\":2,\"name\":\"Autoridades estatales y federales dan bienvenida a 205 m\u00e9dicos al IMSS Quer\u00e9taro\"}]},{\"@type\":\"WebSite\",\"@id\":\"https:\/\/nativoqueretaro.mx\/#website\",\"url\":\"https:\/\/nativoqueretaro.mx\/\",\"name\":\"Nativo Quer\u00e9taro\",\"description\":\"\",\"publisher\":{\"@id\":\"https:\/\/nativoqueretaro.mx\/#organization\"},\"potentialAction\":[{\"@type\":\"SearchAction\",\"target\":{\"@type\":\"EntryPoint\",\"urlTemplate\":\"https:\/\/nativoqueretaro.mx\/?s={search_term_string}\"},\"query-input\":{\"@type\":\"PropertyValueSpecification\",\"valueRequired\":true,\"valueName\":\"search_term_string\"}}],\"inLanguage\":\"es\"},{\"@type\":\"Organization\",\"@id\":\"https:\/\/nativoqueretaro.mx\/#organization\",\"name\":\"Nativo Quer\u00e9taro\",\"url\":\"https:\/\/nativoqueretaro.mx\/\",\"logo\":{\"@type\":\"ImageObject\",\"inLanguage\":\"es\",\"@id\":\"https:\/\/nativoqueretaro.mx\/#\/schema\/logo\/image\/\",\"url\":\"https:\/\/nativoqueretaro.mx\/wp-content\/uploads\/2025\/01\/NATIVO_QRO_white.svg\",\"contentUrl\":\"https:\/\/nativoqueretaro.mx\/wp-content\/uploads\/2025\/01\/NATIVO_QRO_white.svg\",\"caption\":\"Nativo Quer\u00e9taro\"},\"image\":{\"@id\":\"https:\/\/nativoqueretaro.mx\/#\/schema\/logo\/image\/\"}},{\"@type\":\"Person\",\"@id\":\"https:\/\/nativoqueretaro.mx\/#\/schema\/person\/9cb2d9bff62be7a0a4a39066c9eac822\",\"name\":\"NativoQro\",\"image\":{\"@type\":\"ImageObject\",\"inLanguage\":\"es\",\"@id\":\"https:\/\/nativoqueretaro.mx\/#\/schema\/person\/image\/\",\"url\":\"https:\/\/secure.gravatar.com\/avatar\/0574151f0584a2a8056a6d87f37cd6abc6c709a951c8e822eb1ab470a5022bc5?s=96&d=mm&r=g\",\"contentUrl\":\"https:\/\/secure.gravatar.com\/avatar\/0574151f0584a2a8056a6d87f37cd6abc6c709a951c8e822eb1ab470a5022bc5?s=96&d=mm&r=g\",\"caption\":\"NativoQro\"},\"url\":\"https:\/\/nativoqueretaro.mx\/index.php\/author\/nativoadmin\/\"}]}<\/script>\n<!-- \/ Yoast SEO plugin. -->","yoast_head_json":{"title":"Autoridades estatales y federales dan bienvenida a 205 m\u00e9dicos al IMSS Quer\u00e9taro - Nativo Quer\u00e9taro","robots":{"index":"index","follow":"follow","max-snippet":"max-snippet:-1","max-image-preview":"max-image-preview:large","max-video-preview":"max-video-preview:-1"},"canonical":"https:\/\/nativoqueretaro.mx\/index.php\/2026\/04\/30\/autoridades-estatales-y-federales-dan-bienvenida-a-205-medicos-al-imss-queretaro\/","og_locale":"es_MX","og_type":"article","og_title":"Autoridades estatales y federales dan bienvenida a 205 m\u00e9dicos al IMSS Quer\u00e9taro - Nativo Quer\u00e9taro","og_description":"El Marqu\u00e9s, Qro., 30 de abril de 2026.- El gobernador Mauricio Kuri encabez\u00f3 la ceremonia de bienvenida a 205 m\u00e9dicos que se integran al Instituto Mexicano del Seguro Social (IMSS) en Quer\u00e9taro, a fin de fortalecer la atenci\u00f3n a la derechohabiencia en el primer y segundo nivel. La secretaria de Salud en el estado, Martina [&hellip;]","og_url":"https:\/\/nativoqueretaro.mx\/index.php\/2026\/04\/30\/autoridades-estatales-y-federales-dan-bienvenida-a-205-medicos-al-imss-queretaro\/","og_site_name":"Nativo Quer\u00e9taro","article_published_time":"2026-04-30T16:14:03+00:00","og_image":[{"width":852,"height":500,"url":"https:\/\/nativoqueretaro.mx\/wp-content\/uploads\/2026\/04\/Medicos-IMSS-bienvenida-abril-2026-Queretaro5-852x500-1.webp","type":"image\/webp"}],"author":"NativoQro","twitter_card":"summary_large_image","twitter_misc":{"Escrito por":"NativoQro","Tiempo de lectura":"3 minutos"},"schema":{"@context":"https:\/\/schema.org","@graph":[{"@type":"Article","@id":"https:\/\/nativoqueretaro.mx\/index.php\/2026\/04\/30\/autoridades-estatales-y-federales-dan-bienvenida-a-205-medicos-al-imss-queretaro\/#article","isPartOf":{"@id":"https:\/\/nativoqueretaro.mx\/index.php\/2026\/04\/30\/autoridades-estatales-y-federales-dan-bienvenida-a-205-medicos-al-imss-queretaro\/"},"author":{"name":"NativoQro","@id":"https:\/\/nativoqueretaro.mx\/#\/schema\/person\/9cb2d9bff62be7a0a4a39066c9eac822"},"headline":"Autoridades estatales y federales dan bienvenida a 205 m\u00e9dicos al IMSS Quer\u00e9taro","datePublished":"2026-04-30T16:14:03+00:00","mainEntityOfPage":{"@id":"https:\/\/nativoqueretaro.mx\/index.php\/2026\/04\/30\/autoridades-estatales-y-federales-dan-bienvenida-a-205-medicos-al-imss-queretaro\/"},"wordCount":547,"commentCount":0,"publisher":{"@id":"https:\/\/nativoqueretaro.mx\/#organization"},"image":{"@id":"https:\/\/nativoqueretaro.mx\/index.php\/2026\/04\/30\/autoridades-estatales-y-federales-dan-bienvenida-a-205-medicos-al-imss-queretaro\/#primaryimage"},"thumbnailUrl":"https:\/\/nativoqueretaro.mx\/wp-content\/uploads\/2026\/04\/Medicos-IMSS-bienvenida-abril-2026-Queretaro5-852x500-1.webp","articleSection":["Estado"],"inLanguage":"es","potentialAction":[{"@type":"CommentAction","name":"Comment","target":["https:\/\/nativoqueretaro.mx\/index.php\/2026\/04\/30\/autoridades-estatales-y-federales-dan-bienvenida-a-205-medicos-al-imss-queretaro\/#respond"]}]},{"@type":"WebPage","@id":"https:\/\/nativoqueretaro.mx\/index.php\/2026\/04\/30\/autoridades-estatales-y-federales-dan-bienvenida-a-205-medicos-al-imss-queretaro\/","url":"https:\/\/nativoqueretaro.mx\/index.php\/2026\/04\/30\/autoridades-estatales-y-federales-dan-bienvenida-a-205-medicos-al-imss-queretaro\/","name":"Autoridades estatales y federales dan bienvenida a 205 m\u00e9dicos al IMSS Quer\u00e9taro - Nativo Quer\u00e9taro","isPartOf":{"@id":"https:\/\/nativoqueretaro.mx\/#website"},"primaryImageOfPage":{"@id":"https:\/\/nativoqueretaro.mx\/index.php\/2026\/04\/30\/autoridades-estatales-y-federales-dan-bienvenida-a-205-medicos-al-imss-queretaro\/#primaryimage"},"image":{"@id":"https:\/\/nativoqueretaro.mx\/index.php\/2026\/04\/30\/autoridades-estatales-y-federales-dan-bienvenida-a-205-medicos-al-imss-queretaro\/#primaryimage"},"thumbnailUrl":"https:\/\/nativoqueretaro.mx\/wp-content\/uploads\/2026\/04\/Medicos-IMSS-bienvenida-abril-2026-Queretaro5-852x500-1.webp","datePublished":"2026-04-30T16:14:03+00:00","breadcrumb":{"@id":"https:\/\/nativoqueretaro.mx\/index.php\/2026\/04\/30\/autoridades-estatales-y-federales-dan-bienvenida-a-205-medicos-al-imss-queretaro\/#breadcrumb"},"inLanguage":"es","potentialAction":[{"@type":"ReadAction","target":["https:\/\/nativoqueretaro.mx\/index.php\/2026\/04\/30\/autoridades-estatales-y-federales-dan-bienvenida-a-205-medicos-al-imss-queretaro\/"]}]},{"@type":"ImageObject","inLanguage":"es","@id":"https:\/\/nativoqueretaro.mx\/index.php\/2026\/04\/30\/autoridades-estatales-y-federales-dan-bienvenida-a-205-medicos-al-imss-queretaro\/#primaryimage","url":"https:\/\/nativoqueretaro.mx\/wp-content\/uploads\/2026\/04\/Medicos-IMSS-bienvenida-abril-2026-Queretaro5-852x500-1.webp","contentUrl":"https:\/\/nativoqueretaro.mx\/wp-content\/uploads\/2026\/04\/Medicos-IMSS-bienvenida-abril-2026-Queretaro5-852x500-1.webp","width":852,"height":500},{"@type":"BreadcrumbList","@id":"https:\/\/nativoqueretaro.mx\/index.php\/2026\/04\/30\/autoridades-estatales-y-federales-dan-bienvenida-a-205-medicos-al-imss-queretaro\/#breadcrumb","itemListElement":[{"@type":"ListItem","position":1,"name":"Home","item":"https:\/\/nativoqueretaro.mx\/"},{"@type":"ListItem","position":2,"name":"Autoridades estatales y federales dan bienvenida a 205 m\u00e9dicos al IMSS Quer\u00e9taro"}]},{"@type":"WebSite","@id":"https:\/\/nativoqueretaro.mx\/#website","url":"https:\/\/nativoqueretaro.mx\/","name":"Nativo Quer\u00e9taro","description":"","publisher":{"@id":"https:\/\/nativoqueretaro.mx\/#organization"},"potentialAction":[{"@type":"SearchAction","target":{"@type":"EntryPoint","urlTemplate":"https:\/\/nativoqueretaro.mx\/?s={search_term_string}"},"query-input":{"@type":"PropertyValueSpecification","valueRequired":true,"valueName":"search_term_string"}}],"inLanguage":"es"},{"@type":"Organization","@id":"https:\/\/nativoqueretaro.mx\/#organization","name":"Nativo Quer\u00e9taro","url":"https:\/\/nativoqueretaro.mx\/","logo":{"@type":"ImageObject","inLanguage":"es","@id":"https:\/\/nativoqueretaro.mx\/#\/schema\/logo\/image\/","url":"https:\/\/nativoqueretaro.mx\/wp-content\/uploads\/2025\/01\/NATIVO_QRO_white.svg","contentUrl":"https:\/\/nativoqueretaro.mx\/wp-content\/uploads\/2025\/01\/NATIVO_QRO_white.svg","caption":"Nativo Quer\u00e9taro"},"image":{"@id":"https:\/\/nativoqueretaro.mx\/#\/schema\/logo\/image\/"}},{"@type":"Person","@id":"https:\/\/nativoqueretaro.mx\/#\/schema\/person\/9cb2d9bff62be7a0a4a39066c9eac822","name":"NativoQro","image":{"@type":"ImageObject","inLanguage":"es","@id":"https:\/\/nativoqueretaro.mx\/#\/schema\/person\/image\/","url":"https:\/\/secure.gravatar.com\/avatar\/0574151f0584a2a8056a6d87f37cd6abc6c709a951c8e822eb1ab470a5022bc5?s=96&d=mm&r=g","contentUrl":"https:\/\/secure.gravatar.com\/avatar\/0574151f0584a2a8056a6d87f37cd6abc6c709a951c8e822eb1ab470a5022bc5?s=96&d=mm&r=g","caption":"NativoQro"},"url":"https:\/\/nativoqueretaro.mx\/index.php\/author\/nativoadmin\/"}]}},"_links":{"self":[{"href":"https:\/\/nativoqueretaro.mx\/index.php\/wp-json\/wp\/v2\/posts\/42100","targetHints":{"allow":["GET"]}}],"collection":[{"href":"https:\/\/nativoqueretaro.mx\/index.php\/wp-json\/wp\/v2\/posts"}],"about":[{"href":"https:\/\/nativoqueretaro.mx\/index.php\/wp-json\/wp\/v2\/types\/post"}],"author":[{"embeddable":true,"href":"https:\/\/nativoqueretaro.mx\/index.php\/wp-json\/wp\/v2\/users\/1"}],"replies":[{"embeddable":true,"href":"https:\/\/nativoqueretaro.mx\/index.php\/wp-json\/wp\/v2\/comments?post=42100"}],"version-history":[{"count":1,"href":"https:\/\/nativoqueretaro.mx\/index.php\/wp-json\/wp\/v2\/posts\/42100\/revisions"}],"predecessor-version":[{"id":42102,"href":"https:\/\/nativoqueretaro.mx\/index.php\/wp-json\/wp\/v2\/posts\/42100\/revisions\/42102"}],"wp:featuredmedia":[{"embeddable":true,"href":"https:\/\/nativoqueretaro.mx\/index.php\/wp-json\/wp\/v2\/media\/42101"}],"wp:attachment":[{"href":"https:\/\/nativoqueretaro.mx\/index.php\/wp-json\/wp\/v2\/media?parent=42100"}],"wp:term":[{"taxonomy":"category","embeddable":true,"href":"https:\/\/nativoqueretaro.mx\/index.php\/wp-json\/wp\/v2\/categories?post=42100"},{"taxonomy":"post_tag","embeddable":true,"href":"https:\/\/nativoqueretaro.mx\/index.php\/wp-json\/wp\/v2\/tags?post=42100"}],"curies":[{"name":"wp","href":"https:\/\/api.w.org\/{rel}","templated":true}]}}