{"id":42097,"date":"2026-04-30T16:06:58","date_gmt":"2026-04-30T16:06:58","guid":{"rendered":"https:\/\/nativoqueretaro.mx\/?p=42097"},"modified":"2026-04-30T16:06:58","modified_gmt":"2026-04-30T16:06:58","slug":"acusa-eeuu-a-gobernador-de-sinaloa-y-otros-funcionarios-de-colaborar-con-crimen-organizado","status":"publish","type":"post","link":"https:\/\/nativoqueretaro.mx\/index.php\/2026\/04\/30\/acusa-eeuu-a-gobernador-de-sinaloa-y-otros-funcionarios-de-colaborar-con-crimen-organizado\/","title":{"rendered":"Acusa EEUU a gobernador de Sinaloa y otros funcionarios de colaborar con crimen organizado"},"content":{"rendered":"<p>Quer\u00e9taro, Qro., 30 de abril de 2026.- El Departamento de Justicia de Estados Unidos present\u00f3 este mi\u00e9rcoles cargos penales contra el gobernador de Sinaloa, Rub\u00e9n Rocha Moya, as\u00ed como contra otros funcionarios y exfuncionarios del estado, por su presunta colaboraci\u00f3n con el C\u00e1rtel de Sinaloa.<\/p>\n<p>Los acusados, todos ex o actuales servidores p\u00fablicos de alto nivel en Sinaloa, habr\u00edan conspirado con l\u00edderes del grupo criminal para facilitar el tr\u00e1fico de grandes cantidades de narc\u00f3ticos hacia Estados Unidos, a cambio de sobornos y respaldo pol\u00edtico.<\/p>\n<p>La acusaci\u00f3n tambi\u00e9n se\u00f1al\u00f3 que los \u201cChapitos\u201d, hijos de Joaqu\u00edn \u201cEl Chapo\u201d Guzm\u00e1n, habr\u00edan intervenido en el proceso electoral que llev\u00f3 a Rocha al poder en 2021, mediante secuestros e intimidaci\u00f3n de rivales pol\u00edticos. A cambio, ya en funciones, el mandatario habr\u00eda sostenido reuniones con miembros del grupo criminal y ofrecido protecci\u00f3n a sus operaciones.<\/p>\n<p>El anuncio fue realizado por el fiscal federal del Distrito Sur de Nueva York, Jay Clayton, junto con el administrador de la Administraci\u00f3n para el Control de Drogas, Terrance C. Cole. El caso qued\u00f3 asignado a la jueza federal Katherine Polk Failla.<\/p>\n<p>Junto al gobernador fueron acusados el alcalde de Culiac\u00e1n, Juan de Dios G\u00e1mez Mend\u00edvil; el senador Enrique Inzunza Caz\u00e1rez; y el exsecretario estatal Enrique D\u00edaz Vega. Tambi\u00e9n figura D\u00e1maso Castro Za\u00e1vedra, quien presuntamente recib\u00eda pagos mensuales de aproximadamente 11 mil d\u00f3lares del c\u00e1rtel para filtrar informaci\u00f3n y evitar detenciones.<\/p>\n<p>Uno de los casos m\u00e1s graves es el de Juan Valenzuela Mill\u00e1n, alias \u201cJuanito\u201d, acusado del secuestro y asesinato de una fuente confidencial de la DEA y un familiar en octubre de 2023. Seg\u00fan la acusaci\u00f3n, ambas v\u00edctimas fueron torturadas por su presunta colaboraci\u00f3n con la investigaci\u00f3n. Mill\u00e1n es el \u00fanico que enfrenta cadena perpetua obligatoria. Completan la lista Marco Antonio Almanza Avil\u00e9s, Alberto Jorge Contreras N\u00fa\u00f1ez, Gerardo M\u00e9rida S\u00e1nchez y Jos\u00e9 Antonio Dionisio Hip\u00f3lito.<\/p>\n","protected":false},"excerpt":{"rendered":"<p>Quer\u00e9taro, Qro., 30 de abril de 2026.- El Departamento de Justicia de Estados Unidos present\u00f3 este mi\u00e9rcoles cargos penales contra el gobernador de Sinaloa, Rub\u00e9n Rocha Moya, as\u00ed como contra otros funcionarios y exfuncionarios del estado, por su presunta colaboraci\u00f3n con el C\u00e1rtel de Sinaloa. Los acusados, todos ex o actuales servidores p\u00fablicos de alto [&hellip;]<\/p>\n","protected":false},"author":1,"featured_media":42098,"comment_status":"open","ping_status":"open","sticky":false,"template":"","format":"standard","meta":{"_acf_changed":false,"ocean_post_layout":"","ocean_both_sidebars_style":"","ocean_both_sidebars_content_width":0,"ocean_both_sidebars_sidebars_width":0,"ocean_sidebar":"0","ocean_second_sidebar":"0","ocean_disable_margins":"enable","ocean_add_body_class":"","ocean_shortcode_before_top_bar":"","ocean_shortcode_after_top_bar":"","ocean_shortcode_before_header":"","ocean_shortcode_after_header":"","ocean_has_shortcode":"","ocean_shortcode_after_title":"","ocean_shortcode_before_footer_widgets":"","ocean_shortcode_after_footer_widgets":"","ocean_shortcode_before_footer_bottom":"","ocean_shortcode_after_footer_bottom":"","ocean_display_top_bar":"default","ocean_display_header":"default","ocean_header_style":"","ocean_center_header_left_menu":"0","ocean_custom_header_template":"0","ocean_custom_logo":0,"ocean_custom_retina_logo":0,"ocean_custom_logo_max_width":0,"ocean_custom_logo_tablet_max_width":0,"ocean_custom_logo_mobile_max_width":0,"ocean_custom_logo_max_height":0,"ocean_custom_logo_tablet_max_height":0,"ocean_custom_logo_mobile_max_height":0,"ocean_header_custom_menu":"0","ocean_menu_typo_font_family":"0","ocean_menu_typo_font_subset":"","ocean_menu_typo_font_size":0,"ocean_menu_typo_font_size_tablet":0,"ocean_menu_typo_font_size_mobile":0,"ocean_menu_typo_font_size_unit":"px","ocean_menu_typo_font_weight":"","ocean_menu_typo_font_weight_tablet":"","ocean_menu_typo_font_weight_mobile":"","ocean_menu_typo_transform":"","ocean_menu_typo_transform_tablet":"","ocean_menu_typo_transform_mobile":"","ocean_menu_typo_line_height":0,"ocean_menu_typo_line_height_tablet":0,"ocean_menu_typo_line_height_mobile":0,"ocean_menu_typo_line_height_unit":"","ocean_menu_typo_spacing":0,"ocean_menu_typo_spacing_tablet":0,"ocean_menu_typo_spacing_mobile":0,"ocean_menu_typo_spacing_unit":"","ocean_menu_link_color":"","ocean_menu_link_color_hover":"","ocean_menu_link_color_active":"","ocean_menu_link_background":"","ocean_menu_link_hover_background":"","ocean_menu_link_active_background":"","ocean_menu_social_links_bg":"","ocean_menu_social_hover_links_bg":"","ocean_menu_social_links_color":"","ocean_menu_social_hover_links_color":"","ocean_disable_title":"default","ocean_disable_heading":"default","ocean_post_title":"","ocean_post_subheading":"","ocean_post_title_style":"","ocean_post_title_background_color":"","ocean_post_title_background":0,"ocean_post_title_bg_image_position":"","ocean_post_title_bg_image_attachment":"","ocean_post_title_bg_image_repeat":"","ocean_post_title_bg_image_size":"","ocean_post_title_height":0,"ocean_post_title_bg_overlay":0.5,"ocean_post_title_bg_overlay_color":"","ocean_disable_breadcrumbs":"default","ocean_breadcrumbs_color":"","ocean_breadcrumbs_separator_color":"","ocean_breadcrumbs_links_color":"","ocean_breadcrumbs_links_hover_color":"","ocean_display_footer_widgets":"default","ocean_display_footer_bottom":"default","ocean_custom_footer_template":"0","ocean_post_oembed":"","ocean_post_self_hosted_media":"","ocean_post_video_embed":"","ocean_link_format":"","ocean_link_format_target":"self","ocean_quote_format":"","ocean_quote_format_link":"post","ocean_gallery_link_images":"on","ocean_gallery_id":[],"footnotes":""},"categories":[7],"tags":[],"class_list":["post-42097","post","type-post","status-publish","format-standard","has-post-thumbnail","hentry","category-nacional","entry","has-media"],"acf":[],"yoast_head":"<!-- This site is optimized with the Yoast SEO plugin v24.7 - https:\/\/yoast.com\/wordpress\/plugins\/seo\/ -->\n<title>Acusa EEUU a gobernador de Sinaloa y otros funcionarios de colaborar con crimen organizado - Nativo Quer\u00e9taro<\/title>\n<meta name=\"robots\" content=\"index, follow, max-snippet:-1, max-image-preview:large, max-video-preview:-1\" \/>\n<link rel=\"canonical\" href=\"https:\/\/nativoqueretaro.mx\/index.php\/2026\/04\/30\/acusa-eeuu-a-gobernador-de-sinaloa-y-otros-funcionarios-de-colaborar-con-crimen-organizado\/\" \/>\n<meta property=\"og:locale\" content=\"es_MX\" \/>\n<meta property=\"og:type\" content=\"article\" \/>\n<meta property=\"og:title\" content=\"Acusa EEUU a gobernador de Sinaloa y otros funcionarios de colaborar con crimen organizado - Nativo Quer\u00e9taro\" \/>\n<meta property=\"og:description\" content=\"Quer\u00e9taro, Qro., 30 de abril de 2026.- El Departamento de Justicia de Estados Unidos present\u00f3 este mi\u00e9rcoles cargos penales contra el gobernador de Sinaloa, Rub\u00e9n Rocha Moya, as\u00ed como contra otros funcionarios y exfuncionarios del estado, por su presunta colaboraci\u00f3n con el C\u00e1rtel de Sinaloa. Los acusados, todos ex o actuales servidores p\u00fablicos de alto [&hellip;]\" \/>\n<meta property=\"og:url\" content=\"https:\/\/nativoqueretaro.mx\/index.php\/2026\/04\/30\/acusa-eeuu-a-gobernador-de-sinaloa-y-otros-funcionarios-de-colaborar-con-crimen-organizado\/\" \/>\n<meta property=\"og:site_name\" content=\"Nativo Quer\u00e9taro\" \/>\n<meta property=\"article:published_time\" content=\"2026-04-30T16:06:58+00:00\" \/>\n<meta property=\"og:image\" content=\"https:\/\/nativoqueretaro.mx\/wp-content\/uploads\/2026\/04\/Acusa-EEUU-a-gobernador-de-Sinaloa.webp\" \/>\n\t<meta property=\"og:image:width\" content=\"852\" \/>\n\t<meta property=\"og:image:height\" content=\"500\" \/>\n\t<meta property=\"og:image:type\" content=\"image\/webp\" \/>\n<meta name=\"author\" content=\"NativoQro\" \/>\n<meta name=\"twitter:card\" content=\"summary_large_image\" \/>\n<meta name=\"twitter:label1\" content=\"Escrito por\" \/>\n\t<meta name=\"twitter:data1\" content=\"NativoQro\" \/>\n\t<meta name=\"twitter:label2\" content=\"Tiempo de lectura\" \/>\n\t<meta name=\"twitter:data2\" content=\"2 minutos\" \/>\n<script type=\"application\/ld+json\" class=\"yoast-schema-graph\">{\"@context\":\"https:\/\/schema.org\",\"@graph\":[{\"@type\":\"Article\",\"@id\":\"https:\/\/nativoqueretaro.mx\/index.php\/2026\/04\/30\/acusa-eeuu-a-gobernador-de-sinaloa-y-otros-funcionarios-de-colaborar-con-crimen-organizado\/#article\",\"isPartOf\":{\"@id\":\"https:\/\/nativoqueretaro.mx\/index.php\/2026\/04\/30\/acusa-eeuu-a-gobernador-de-sinaloa-y-otros-funcionarios-de-colaborar-con-crimen-organizado\/\"},\"author\":{\"name\":\"NativoQro\",\"@id\":\"https:\/\/nativoqueretaro.mx\/#\/schema\/person\/9cb2d9bff62be7a0a4a39066c9eac822\"},\"headline\":\"Acusa EEUU a gobernador de Sinaloa y otros funcionarios de colaborar con crimen organizado\",\"datePublished\":\"2026-04-30T16:06:58+00:00\",\"mainEntityOfPage\":{\"@id\":\"https:\/\/nativoqueretaro.mx\/index.php\/2026\/04\/30\/acusa-eeuu-a-gobernador-de-sinaloa-y-otros-funcionarios-de-colaborar-con-crimen-organizado\/\"},\"wordCount\":362,\"commentCount\":0,\"publisher\":{\"@id\":\"https:\/\/nativoqueretaro.mx\/#organization\"},\"image\":{\"@id\":\"https:\/\/nativoqueretaro.mx\/index.php\/2026\/04\/30\/acusa-eeuu-a-gobernador-de-sinaloa-y-otros-funcionarios-de-colaborar-con-crimen-organizado\/#primaryimage\"},\"thumbnailUrl\":\"https:\/\/nativoqueretaro.mx\/wp-content\/uploads\/2026\/04\/Acusa-EEUU-a-gobernador-de-Sinaloa.webp\",\"articleSection\":[\"Nacional\"],\"inLanguage\":\"es\",\"potentialAction\":[{\"@type\":\"CommentAction\",\"name\":\"Comment\",\"target\":[\"https:\/\/nativoqueretaro.mx\/index.php\/2026\/04\/30\/acusa-eeuu-a-gobernador-de-sinaloa-y-otros-funcionarios-de-colaborar-con-crimen-organizado\/#respond\"]}]},{\"@type\":\"WebPage\",\"@id\":\"https:\/\/nativoqueretaro.mx\/index.php\/2026\/04\/30\/acusa-eeuu-a-gobernador-de-sinaloa-y-otros-funcionarios-de-colaborar-con-crimen-organizado\/\",\"url\":\"https:\/\/nativoqueretaro.mx\/index.php\/2026\/04\/30\/acusa-eeuu-a-gobernador-de-sinaloa-y-otros-funcionarios-de-colaborar-con-crimen-organizado\/\",\"name\":\"Acusa EEUU a gobernador de Sinaloa y otros funcionarios de colaborar con crimen organizado - Nativo Quer\u00e9taro\",\"isPartOf\":{\"@id\":\"https:\/\/nativoqueretaro.mx\/#website\"},\"primaryImageOfPage\":{\"@id\":\"https:\/\/nativoqueretaro.mx\/index.php\/2026\/04\/30\/acusa-eeuu-a-gobernador-de-sinaloa-y-otros-funcionarios-de-colaborar-con-crimen-organizado\/#primaryimage\"},\"image\":{\"@id\":\"https:\/\/nativoqueretaro.mx\/index.php\/2026\/04\/30\/acusa-eeuu-a-gobernador-de-sinaloa-y-otros-funcionarios-de-colaborar-con-crimen-organizado\/#primaryimage\"},\"thumbnailUrl\":\"https:\/\/nativoqueretaro.mx\/wp-content\/uploads\/2026\/04\/Acusa-EEUU-a-gobernador-de-Sinaloa.webp\",\"datePublished\":\"2026-04-30T16:06:58+00:00\",\"breadcrumb\":{\"@id\":\"https:\/\/nativoqueretaro.mx\/index.php\/2026\/04\/30\/acusa-eeuu-a-gobernador-de-sinaloa-y-otros-funcionarios-de-colaborar-con-crimen-organizado\/#breadcrumb\"},\"inLanguage\":\"es\",\"potentialAction\":[{\"@type\":\"ReadAction\",\"target\":[\"https:\/\/nativoqueretaro.mx\/index.php\/2026\/04\/30\/acusa-eeuu-a-gobernador-de-sinaloa-y-otros-funcionarios-de-colaborar-con-crimen-organizado\/\"]}]},{\"@type\":\"ImageObject\",\"inLanguage\":\"es\",\"@id\":\"https:\/\/nativoqueretaro.mx\/index.php\/2026\/04\/30\/acusa-eeuu-a-gobernador-de-sinaloa-y-otros-funcionarios-de-colaborar-con-crimen-organizado\/#primaryimage\",\"url\":\"https:\/\/nativoqueretaro.mx\/wp-content\/uploads\/2026\/04\/Acusa-EEUU-a-gobernador-de-Sinaloa.webp\",\"contentUrl\":\"https:\/\/nativoqueretaro.mx\/wp-content\/uploads\/2026\/04\/Acusa-EEUU-a-gobernador-de-Sinaloa.webp\",\"width\":852,\"height\":500},{\"@type\":\"BreadcrumbList\",\"@id\":\"https:\/\/nativoqueretaro.mx\/index.php\/2026\/04\/30\/acusa-eeuu-a-gobernador-de-sinaloa-y-otros-funcionarios-de-colaborar-con-crimen-organizado\/#breadcrumb\",\"itemListElement\":[{\"@type\":\"ListItem\",\"position\":1,\"name\":\"Home\",\"item\":\"https:\/\/nativoqueretaro.mx\/\"},{\"@type\":\"ListItem\",\"position\":2,\"name\":\"Acusa EEUU a gobernador de Sinaloa y otros funcionarios de colaborar con crimen organizado\"}]},{\"@type\":\"WebSite\",\"@id\":\"https:\/\/nativoqueretaro.mx\/#website\",\"url\":\"https:\/\/nativoqueretaro.mx\/\",\"name\":\"Nativo Quer\u00e9taro\",\"description\":\"\",\"publisher\":{\"@id\":\"https:\/\/nativoqueretaro.mx\/#organization\"},\"potentialAction\":[{\"@type\":\"SearchAction\",\"target\":{\"@type\":\"EntryPoint\",\"urlTemplate\":\"https:\/\/nativoqueretaro.mx\/?s={search_term_string}\"},\"query-input\":{\"@type\":\"PropertyValueSpecification\",\"valueRequired\":true,\"valueName\":\"search_term_string\"}}],\"inLanguage\":\"es\"},{\"@type\":\"Organization\",\"@id\":\"https:\/\/nativoqueretaro.mx\/#organization\",\"name\":\"Nativo Quer\u00e9taro\",\"url\":\"https:\/\/nativoqueretaro.mx\/\",\"logo\":{\"@type\":\"ImageObject\",\"inLanguage\":\"es\",\"@id\":\"https:\/\/nativoqueretaro.mx\/#\/schema\/logo\/image\/\",\"url\":\"https:\/\/nativoqueretaro.mx\/wp-content\/uploads\/2025\/01\/NATIVO_QRO_white.svg\",\"contentUrl\":\"https:\/\/nativoqueretaro.mx\/wp-content\/uploads\/2025\/01\/NATIVO_QRO_white.svg\",\"caption\":\"Nativo Quer\u00e9taro\"},\"image\":{\"@id\":\"https:\/\/nativoqueretaro.mx\/#\/schema\/logo\/image\/\"}},{\"@type\":\"Person\",\"@id\":\"https:\/\/nativoqueretaro.mx\/#\/schema\/person\/9cb2d9bff62be7a0a4a39066c9eac822\",\"name\":\"NativoQro\",\"image\":{\"@type\":\"ImageObject\",\"inLanguage\":\"es\",\"@id\":\"https:\/\/nativoqueretaro.mx\/#\/schema\/person\/image\/\",\"url\":\"https:\/\/secure.gravatar.com\/avatar\/0574151f0584a2a8056a6d87f37cd6abc6c709a951c8e822eb1ab470a5022bc5?s=96&d=mm&r=g\",\"contentUrl\":\"https:\/\/secure.gravatar.com\/avatar\/0574151f0584a2a8056a6d87f37cd6abc6c709a951c8e822eb1ab470a5022bc5?s=96&d=mm&r=g\",\"caption\":\"NativoQro\"},\"url\":\"https:\/\/nativoqueretaro.mx\/index.php\/author\/nativoadmin\/\"}]}<\/script>\n<!-- \/ Yoast SEO plugin. -->","yoast_head_json":{"title":"Acusa EEUU a gobernador de Sinaloa y otros funcionarios de colaborar con crimen organizado - Nativo Quer\u00e9taro","robots":{"index":"index","follow":"follow","max-snippet":"max-snippet:-1","max-image-preview":"max-image-preview:large","max-video-preview":"max-video-preview:-1"},"canonical":"https:\/\/nativoqueretaro.mx\/index.php\/2026\/04\/30\/acusa-eeuu-a-gobernador-de-sinaloa-y-otros-funcionarios-de-colaborar-con-crimen-organizado\/","og_locale":"es_MX","og_type":"article","og_title":"Acusa EEUU a gobernador de Sinaloa y otros funcionarios de colaborar con crimen organizado - Nativo Quer\u00e9taro","og_description":"Quer\u00e9taro, Qro., 30 de abril de 2026.- El Departamento de Justicia de Estados Unidos present\u00f3 este mi\u00e9rcoles cargos penales contra el gobernador de Sinaloa, Rub\u00e9n Rocha Moya, as\u00ed como contra otros funcionarios y exfuncionarios del estado, por su presunta colaboraci\u00f3n con el C\u00e1rtel de Sinaloa. Los acusados, todos ex o actuales servidores p\u00fablicos de alto [&hellip;]","og_url":"https:\/\/nativoqueretaro.mx\/index.php\/2026\/04\/30\/acusa-eeuu-a-gobernador-de-sinaloa-y-otros-funcionarios-de-colaborar-con-crimen-organizado\/","og_site_name":"Nativo Quer\u00e9taro","article_published_time":"2026-04-30T16:06:58+00:00","og_image":[{"width":852,"height":500,"url":"https:\/\/nativoqueretaro.mx\/wp-content\/uploads\/2026\/04\/Acusa-EEUU-a-gobernador-de-Sinaloa.webp","type":"image\/webp"}],"author":"NativoQro","twitter_card":"summary_large_image","twitter_misc":{"Escrito por":"NativoQro","Tiempo de lectura":"2 minutos"},"schema":{"@context":"https:\/\/schema.org","@graph":[{"@type":"Article","@id":"https:\/\/nativoqueretaro.mx\/index.php\/2026\/04\/30\/acusa-eeuu-a-gobernador-de-sinaloa-y-otros-funcionarios-de-colaborar-con-crimen-organizado\/#article","isPartOf":{"@id":"https:\/\/nativoqueretaro.mx\/index.php\/2026\/04\/30\/acusa-eeuu-a-gobernador-de-sinaloa-y-otros-funcionarios-de-colaborar-con-crimen-organizado\/"},"author":{"name":"NativoQro","@id":"https:\/\/nativoqueretaro.mx\/#\/schema\/person\/9cb2d9bff62be7a0a4a39066c9eac822"},"headline":"Acusa EEUU a gobernador de Sinaloa y otros funcionarios de colaborar con crimen organizado","datePublished":"2026-04-30T16:06:58+00:00","mainEntityOfPage":{"@id":"https:\/\/nativoqueretaro.mx\/index.php\/2026\/04\/30\/acusa-eeuu-a-gobernador-de-sinaloa-y-otros-funcionarios-de-colaborar-con-crimen-organizado\/"},"wordCount":362,"commentCount":0,"publisher":{"@id":"https:\/\/nativoqueretaro.mx\/#organization"},"image":{"@id":"https:\/\/nativoqueretaro.mx\/index.php\/2026\/04\/30\/acusa-eeuu-a-gobernador-de-sinaloa-y-otros-funcionarios-de-colaborar-con-crimen-organizado\/#primaryimage"},"thumbnailUrl":"https:\/\/nativoqueretaro.mx\/wp-content\/uploads\/2026\/04\/Acusa-EEUU-a-gobernador-de-Sinaloa.webp","articleSection":["Nacional"],"inLanguage":"es","potentialAction":[{"@type":"CommentAction","name":"Comment","target":["https:\/\/nativoqueretaro.mx\/index.php\/2026\/04\/30\/acusa-eeuu-a-gobernador-de-sinaloa-y-otros-funcionarios-de-colaborar-con-crimen-organizado\/#respond"]}]},{"@type":"WebPage","@id":"https:\/\/nativoqueretaro.mx\/index.php\/2026\/04\/30\/acusa-eeuu-a-gobernador-de-sinaloa-y-otros-funcionarios-de-colaborar-con-crimen-organizado\/","url":"https:\/\/nativoqueretaro.mx\/index.php\/2026\/04\/30\/acusa-eeuu-a-gobernador-de-sinaloa-y-otros-funcionarios-de-colaborar-con-crimen-organizado\/","name":"Acusa EEUU a gobernador de Sinaloa y otros funcionarios de colaborar con crimen organizado - Nativo Quer\u00e9taro","isPartOf":{"@id":"https:\/\/nativoqueretaro.mx\/#website"},"primaryImageOfPage":{"@id":"https:\/\/nativoqueretaro.mx\/index.php\/2026\/04\/30\/acusa-eeuu-a-gobernador-de-sinaloa-y-otros-funcionarios-de-colaborar-con-crimen-organizado\/#primaryimage"},"image":{"@id":"https:\/\/nativoqueretaro.mx\/index.php\/2026\/04\/30\/acusa-eeuu-a-gobernador-de-sinaloa-y-otros-funcionarios-de-colaborar-con-crimen-organizado\/#primaryimage"},"thumbnailUrl":"https:\/\/nativoqueretaro.mx\/wp-content\/uploads\/2026\/04\/Acusa-EEUU-a-gobernador-de-Sinaloa.webp","datePublished":"2026-04-30T16:06:58+00:00","breadcrumb":{"@id":"https:\/\/nativoqueretaro.mx\/index.php\/2026\/04\/30\/acusa-eeuu-a-gobernador-de-sinaloa-y-otros-funcionarios-de-colaborar-con-crimen-organizado\/#breadcrumb"},"inLanguage":"es","potentialAction":[{"@type":"ReadAction","target":["https:\/\/nativoqueretaro.mx\/index.php\/2026\/04\/30\/acusa-eeuu-a-gobernador-de-sinaloa-y-otros-funcionarios-de-colaborar-con-crimen-organizado\/"]}]},{"@type":"ImageObject","inLanguage":"es","@id":"https:\/\/nativoqueretaro.mx\/index.php\/2026\/04\/30\/acusa-eeuu-a-gobernador-de-sinaloa-y-otros-funcionarios-de-colaborar-con-crimen-organizado\/#primaryimage","url":"https:\/\/nativoqueretaro.mx\/wp-content\/uploads\/2026\/04\/Acusa-EEUU-a-gobernador-de-Sinaloa.webp","contentUrl":"https:\/\/nativoqueretaro.mx\/wp-content\/uploads\/2026\/04\/Acusa-EEUU-a-gobernador-de-Sinaloa.webp","width":852,"height":500},{"@type":"BreadcrumbList","@id":"https:\/\/nativoqueretaro.mx\/index.php\/2026\/04\/30\/acusa-eeuu-a-gobernador-de-sinaloa-y-otros-funcionarios-de-colaborar-con-crimen-organizado\/#breadcrumb","itemListElement":[{"@type":"ListItem","position":1,"name":"Home","item":"https:\/\/nativoqueretaro.mx\/"},{"@type":"ListItem","position":2,"name":"Acusa EEUU a gobernador de Sinaloa y otros funcionarios de colaborar con crimen organizado"}]},{"@type":"WebSite","@id":"https:\/\/nativoqueretaro.mx\/#website","url":"https:\/\/nativoqueretaro.mx\/","name":"Nativo Quer\u00e9taro","description":"","publisher":{"@id":"https:\/\/nativoqueretaro.mx\/#organization"},"potentialAction":[{"@type":"SearchAction","target":{"@type":"EntryPoint","urlTemplate":"https:\/\/nativoqueretaro.mx\/?s={search_term_string}"},"query-input":{"@type":"PropertyValueSpecification","valueRequired":true,"valueName":"search_term_string"}}],"inLanguage":"es"},{"@type":"Organization","@id":"https:\/\/nativoqueretaro.mx\/#organization","name":"Nativo Quer\u00e9taro","url":"https:\/\/nativoqueretaro.mx\/","logo":{"@type":"ImageObject","inLanguage":"es","@id":"https:\/\/nativoqueretaro.mx\/#\/schema\/logo\/image\/","url":"https:\/\/nativoqueretaro.mx\/wp-content\/uploads\/2025\/01\/NATIVO_QRO_white.svg","contentUrl":"https:\/\/nativoqueretaro.mx\/wp-content\/uploads\/2025\/01\/NATIVO_QRO_white.svg","caption":"Nativo Quer\u00e9taro"},"image":{"@id":"https:\/\/nativoqueretaro.mx\/#\/schema\/logo\/image\/"}},{"@type":"Person","@id":"https:\/\/nativoqueretaro.mx\/#\/schema\/person\/9cb2d9bff62be7a0a4a39066c9eac822","name":"NativoQro","image":{"@type":"ImageObject","inLanguage":"es","@id":"https:\/\/nativoqueretaro.mx\/#\/schema\/person\/image\/","url":"https:\/\/secure.gravatar.com\/avatar\/0574151f0584a2a8056a6d87f37cd6abc6c709a951c8e822eb1ab470a5022bc5?s=96&d=mm&r=g","contentUrl":"https:\/\/secure.gravatar.com\/avatar\/0574151f0584a2a8056a6d87f37cd6abc6c709a951c8e822eb1ab470a5022bc5?s=96&d=mm&r=g","caption":"NativoQro"},"url":"https:\/\/nativoqueretaro.mx\/index.php\/author\/nativoadmin\/"}]}},"_links":{"self":[{"href":"https:\/\/nativoqueretaro.mx\/index.php\/wp-json\/wp\/v2\/posts\/42097","targetHints":{"allow":["GET"]}}],"collection":[{"href":"https:\/\/nativoqueretaro.mx\/index.php\/wp-json\/wp\/v2\/posts"}],"about":[{"href":"https:\/\/nativoqueretaro.mx\/index.php\/wp-json\/wp\/v2\/types\/post"}],"author":[{"embeddable":true,"href":"https:\/\/nativoqueretaro.mx\/index.php\/wp-json\/wp\/v2\/users\/1"}],"replies":[{"embeddable":true,"href":"https:\/\/nativoqueretaro.mx\/index.php\/wp-json\/wp\/v2\/comments?post=42097"}],"version-history":[{"count":1,"href":"https:\/\/nativoqueretaro.mx\/index.php\/wp-json\/wp\/v2\/posts\/42097\/revisions"}],"predecessor-version":[{"id":42099,"href":"https:\/\/nativoqueretaro.mx\/index.php\/wp-json\/wp\/v2\/posts\/42097\/revisions\/42099"}],"wp:featuredmedia":[{"embeddable":true,"href":"https:\/\/nativoqueretaro.mx\/index.php\/wp-json\/wp\/v2\/media\/42098"}],"wp:attachment":[{"href":"https:\/\/nativoqueretaro.mx\/index.php\/wp-json\/wp\/v2\/media?parent=42097"}],"wp:term":[{"taxonomy":"category","embeddable":true,"href":"https:\/\/nativoqueretaro.mx\/index.php\/wp-json\/wp\/v2\/categories?post=42097"},{"taxonomy":"post_tag","embeddable":true,"href":"https:\/\/nativoqueretaro.mx\/index.php\/wp-json\/wp\/v2\/tags?post=42097"}],"curies":[{"name":"wp","href":"https:\/\/api.w.org\/{rel}","templated":true}]}}