{"id":42088,"date":"2026-04-29T18:30:44","date_gmt":"2026-04-29T18:30:44","guid":{"rendered":"https:\/\/nativoqueretaro.mx\/?p=42088"},"modified":"2026-04-29T18:30:44","modified_gmt":"2026-04-29T18:30:44","slug":"refuerza-empresa-sig-presencia-en-queretaro-con-inversion-de-mil-910-mdp","status":"publish","type":"post","link":"https:\/\/nativoqueretaro.mx\/index.php\/2026\/04\/29\/refuerza-empresa-sig-presencia-en-queretaro-con-inversion-de-mil-910-mdp\/","title":{"rendered":"Refuerza empresa SIG presencia en Quer\u00e9taro con inversi\u00f3n de mil 910 mdp"},"content":{"rendered":"<p>Col\u00f3n, Qro., 29 de abril de 2026.- El gobernador Mauricio Kuri acudi\u00f3 al anuncio de expansi\u00f3n de la planta SIG en Quer\u00e9taro, l\u00edder en producci\u00f3n de envases de cart\u00f3n as\u00e9ptico de alta tecnolog\u00eda, que mediante una inversi\u00f3n de mil 910 millones de pesos pone en marcha su plan de crecimiento dividido en dos fases, el cual prev\u00e9 para 2028 fabricar 3 billones de envases por a\u00f1o y, de inicio, la generaci\u00f3n de 40 nuevos empleos directos.<\/p>\n<p>Desde las instalaciones de la compa\u00f1\u00eda de origen suizo, el mandatario queretano destac\u00f3 que en Quer\u00e9taro s\u00ed se logr\u00f3 materializar la relocalizaci\u00f3n de las empresas; adem\u00e1s, acentu\u00f3 que la decisi\u00f3n de los directivos del grupo habla de la confianza que depositan en la mano de obra calificada y en el rumbo que tiene la entidad.<\/p>\n<p>Tambi\u00e9n record\u00f3 que el mes pasado Quer\u00e9taro fue el cuarto lugar en creaci\u00f3n absoluta de empleos, con la generaci\u00f3n de casi 7 mil plazas; adem\u00e1s de que ofrece un entorno con certeza jur\u00eddica, seguridad, competitividad y calidad de vida.<\/p>\n<p>Por su parte, el secretario de Desarrollo Sustentable, Marco del Prete, expres\u00f3 que la expansi\u00f3n de la empresa SIG pone de manifiesto su evoluci\u00f3n y la premisa de seguir apostando por Quer\u00e9taro.<\/p>\n<p>Refiri\u00f3 que esta planta no s\u00f3lo crecer\u00e1, sino que se convertir\u00e1 en una de las m\u00e1s vers\u00e1tiles del grupo a nivel global, pero m\u00e1s all\u00e1 de la tecnolog\u00eda y la producci\u00f3n, hay algo que vale a\u00fan m\u00e1s: las oportunidades para los queretanos, m\u00e1s empleos, m\u00e1s especializaci\u00f3n, m\u00e1s desarrollo.<\/p>\n<p>Tras recordar que hace apenas tres a\u00f1os inici\u00f3 operaciones esta plana en un terreno de 80 mil metros cuadrados, con un volumen de producci\u00f3n de 500 millones de envases en su primer a\u00f1o, el director para M\u00e9xico, Centroam\u00e9rica y Caribe de SIG, Ricardo Carrillo, resalt\u00f3 que en la actualidad se ha triplicado ese volumen, fabricando 1.5 billones de envases por a\u00f1o; indic\u00f3 que esta planta se perfila como una de las m\u00e1s flexibles y eficientes de SIG a nivel mundial.<\/p>\n<p>Comparti\u00f3 el plan de expansi\u00f3n que est\u00e1 dividido en dos fases: la primera, prevista para llevarse a cabo este a\u00f1o, comprende la instalaci\u00f3n de una l\u00ednea adicional de corte y suaje y dos m\u00e1s de sellado. Abund\u00f3 que para 2027 se tiene planeado contar tambi\u00e9n con una l\u00ednea de impresi\u00f3n adicional, y con respecto a la segunda fase de ampliaci\u00f3n, proyectada para llevarse a cabo a finales del 2028, implica la instalaci\u00f3n de una l\u00ednea de extrusi\u00f3n.<\/p>\n<p>\u201cQuiero tomar esta oportunidad para agradecer espec\u00edficamente al gobierno del estado de Quer\u00e9taro y al municipio de Col\u00f3n por su apoyo para la continuidad y expansi\u00f3n de nuestras operaciones, que tambi\u00e9n se traduce en beneficios para la comunidad de Quer\u00e9taro\u201d, expres\u00f3.<\/p>\n<p>Previo al acto protocolario que marc\u00f3 el arranque del plan de ampliaci\u00f3n de la empresa, el gobernador y los directivos de SIG recorrieron las instalaciones de la planta, que se ubica en el Parque Industrial Aerotech, en Col\u00f3n.<\/p>\n<p>El anuncio de expansi\u00f3n se suma a los resultados presentados por el gobernador Mauricio Kuri, el secretario de Desarrollo Sustentable, Marco del Prete, y el alcalde de Quer\u00e9taro, Felifer Mac\u00edas, sobre la participaci\u00f3n de Quer\u00e9taro en la Hannover Messe 2026, donde se consolid\u00f3 una inversi\u00f3n potencial superior a 7 mil millones de pesos y la generaci\u00f3n proyectada de mil 800 empleos directos.<\/p>\n","protected":false},"excerpt":{"rendered":"<p>Col\u00f3n, Qro., 29 de abril de 2026.- El gobernador Mauricio Kuri acudi\u00f3 al anuncio de expansi\u00f3n de la planta SIG en Quer\u00e9taro, l\u00edder en producci\u00f3n de envases de cart\u00f3n as\u00e9ptico de alta tecnolog\u00eda, que mediante una inversi\u00f3n de mil 910 millones de pesos pone en marcha su plan de crecimiento dividido en dos fases, el [&hellip;]<\/p>\n","protected":false},"author":1,"featured_media":42089,"comment_status":"open","ping_status":"open","sticky":false,"template":"","format":"standard","meta":{"_acf_changed":false,"ocean_post_layout":"","ocean_both_sidebars_style":"","ocean_both_sidebars_content_width":0,"ocean_both_sidebars_sidebars_width":0,"ocean_sidebar":"0","ocean_second_sidebar":"0","ocean_disable_margins":"enable","ocean_add_body_class":"","ocean_shortcode_before_top_bar":"","ocean_shortcode_after_top_bar":"","ocean_shortcode_before_header":"","ocean_shortcode_after_header":"","ocean_has_shortcode":"","ocean_shortcode_after_title":"","ocean_shortcode_before_footer_widgets":"","ocean_shortcode_after_footer_widgets":"","ocean_shortcode_before_footer_bottom":"","ocean_shortcode_after_footer_bottom":"","ocean_display_top_bar":"default","ocean_display_header":"default","ocean_header_style":"","ocean_center_header_left_menu":"0","ocean_custom_header_template":"0","ocean_custom_logo":0,"ocean_custom_retina_logo":0,"ocean_custom_logo_max_width":0,"ocean_custom_logo_tablet_max_width":0,"ocean_custom_logo_mobile_max_width":0,"ocean_custom_logo_max_height":0,"ocean_custom_logo_tablet_max_height":0,"ocean_custom_logo_mobile_max_height":0,"ocean_header_custom_menu":"0","ocean_menu_typo_font_family":"0","ocean_menu_typo_font_subset":"","ocean_menu_typo_font_size":0,"ocean_menu_typo_font_size_tablet":0,"ocean_menu_typo_font_size_mobile":0,"ocean_menu_typo_font_size_unit":"px","ocean_menu_typo_font_weight":"","ocean_menu_typo_font_weight_tablet":"","ocean_menu_typo_font_weight_mobile":"","ocean_menu_typo_transform":"","ocean_menu_typo_transform_tablet":"","ocean_menu_typo_transform_mobile":"","ocean_menu_typo_line_height":0,"ocean_menu_typo_line_height_tablet":0,"ocean_menu_typo_line_height_mobile":0,"ocean_menu_typo_line_height_unit":"","ocean_menu_typo_spacing":0,"ocean_menu_typo_spacing_tablet":0,"ocean_menu_typo_spacing_mobile":0,"ocean_menu_typo_spacing_unit":"","ocean_menu_link_color":"","ocean_menu_link_color_hover":"","ocean_menu_link_color_active":"","ocean_menu_link_background":"","ocean_menu_link_hover_background":"","ocean_menu_link_active_background":"","ocean_menu_social_links_bg":"","ocean_menu_social_hover_links_bg":"","ocean_menu_social_links_color":"","ocean_menu_social_hover_links_color":"","ocean_disable_title":"default","ocean_disable_heading":"default","ocean_post_title":"","ocean_post_subheading":"","ocean_post_title_style":"","ocean_post_title_background_color":"","ocean_post_title_background":0,"ocean_post_title_bg_image_position":"","ocean_post_title_bg_image_attachment":"","ocean_post_title_bg_image_repeat":"","ocean_post_title_bg_image_size":"","ocean_post_title_height":0,"ocean_post_title_bg_overlay":0.5,"ocean_post_title_bg_overlay_color":"","ocean_disable_breadcrumbs":"default","ocean_breadcrumbs_color":"","ocean_breadcrumbs_separator_color":"","ocean_breadcrumbs_links_color":"","ocean_breadcrumbs_links_hover_color":"","ocean_display_footer_widgets":"default","ocean_display_footer_bottom":"default","ocean_custom_footer_template":"0","ocean_post_oembed":"","ocean_post_self_hosted_media":"","ocean_post_video_embed":"","ocean_link_format":"","ocean_link_format_target":"self","ocean_quote_format":"","ocean_quote_format_link":"post","ocean_gallery_link_images":"on","ocean_gallery_id":[],"footnotes":""},"categories":[89],"tags":[],"class_list":["post-42088","post","type-post","status-publish","format-standard","has-post-thumbnail","hentry","category-estado","entry","has-media"],"acf":[],"yoast_head":"<!-- This site is optimized with the Yoast SEO plugin v24.7 - https:\/\/yoast.com\/wordpress\/plugins\/seo\/ -->\n<title>Refuerza empresa SIG presencia en Quer\u00e9taro con inversi\u00f3n de mil 910 mdp - Nativo Quer\u00e9taro<\/title>\n<meta name=\"robots\" content=\"index, follow, max-snippet:-1, max-image-preview:large, max-video-preview:-1\" \/>\n<link rel=\"canonical\" href=\"https:\/\/nativoqueretaro.mx\/index.php\/2026\/04\/29\/refuerza-empresa-sig-presencia-en-queretaro-con-inversion-de-mil-910-mdp\/\" \/>\n<meta property=\"og:locale\" content=\"es_MX\" \/>\n<meta property=\"og:type\" content=\"article\" \/>\n<meta property=\"og:title\" content=\"Refuerza empresa SIG presencia en Quer\u00e9taro con inversi\u00f3n de mil 910 mdp - Nativo Quer\u00e9taro\" \/>\n<meta property=\"og:description\" content=\"Col\u00f3n, Qro., 29 de abril de 2026.- El gobernador Mauricio Kuri acudi\u00f3 al anuncio de expansi\u00f3n de la planta SIG en Quer\u00e9taro, l\u00edder en producci\u00f3n de envases de cart\u00f3n as\u00e9ptico de alta tecnolog\u00eda, que mediante una inversi\u00f3n de mil 910 millones de pesos pone en marcha su plan de crecimiento dividido en dos fases, el [&hellip;]\" \/>\n<meta property=\"og:url\" content=\"https:\/\/nativoqueretaro.mx\/index.php\/2026\/04\/29\/refuerza-empresa-sig-presencia-en-queretaro-con-inversion-de-mil-910-mdp\/\" \/>\n<meta property=\"og:site_name\" content=\"Nativo Quer\u00e9taro\" \/>\n<meta property=\"article:published_time\" content=\"2026-04-29T18:30:44+00:00\" \/>\n<meta property=\"og:image\" content=\"https:\/\/nativoqueretaro.mx\/wp-content\/uploads\/2026\/04\/Anuncio-SIG-inversion-Queretaro-abril-2026-Kuri-852x500-1.webp\" \/>\n\t<meta property=\"og:image:width\" content=\"852\" \/>\n\t<meta property=\"og:image:height\" content=\"500\" \/>\n\t<meta property=\"og:image:type\" content=\"image\/webp\" \/>\n<meta name=\"author\" content=\"NativoQro\" \/>\n<meta name=\"twitter:card\" content=\"summary_large_image\" \/>\n<meta name=\"twitter:label1\" content=\"Escrito por\" \/>\n\t<meta name=\"twitter:data1\" content=\"NativoQro\" \/>\n\t<meta name=\"twitter:label2\" content=\"Tiempo de lectura\" \/>\n\t<meta name=\"twitter:data2\" content=\"3 minutos\" \/>\n<script type=\"application\/ld+json\" class=\"yoast-schema-graph\">{\"@context\":\"https:\/\/schema.org\",\"@graph\":[{\"@type\":\"Article\",\"@id\":\"https:\/\/nativoqueretaro.mx\/index.php\/2026\/04\/29\/refuerza-empresa-sig-presencia-en-queretaro-con-inversion-de-mil-910-mdp\/#article\",\"isPartOf\":{\"@id\":\"https:\/\/nativoqueretaro.mx\/index.php\/2026\/04\/29\/refuerza-empresa-sig-presencia-en-queretaro-con-inversion-de-mil-910-mdp\/\"},\"author\":{\"name\":\"NativoQro\",\"@id\":\"https:\/\/nativoqueretaro.mx\/#\/schema\/person\/9cb2d9bff62be7a0a4a39066c9eac822\"},\"headline\":\"Refuerza empresa SIG presencia en Quer\u00e9taro con inversi\u00f3n de mil 910 mdp\",\"datePublished\":\"2026-04-29T18:30:44+00:00\",\"mainEntityOfPage\":{\"@id\":\"https:\/\/nativoqueretaro.mx\/index.php\/2026\/04\/29\/refuerza-empresa-sig-presencia-en-queretaro-con-inversion-de-mil-910-mdp\/\"},\"wordCount\":618,\"commentCount\":0,\"publisher\":{\"@id\":\"https:\/\/nativoqueretaro.mx\/#organization\"},\"image\":{\"@id\":\"https:\/\/nativoqueretaro.mx\/index.php\/2026\/04\/29\/refuerza-empresa-sig-presencia-en-queretaro-con-inversion-de-mil-910-mdp\/#primaryimage\"},\"thumbnailUrl\":\"https:\/\/nativoqueretaro.mx\/wp-content\/uploads\/2026\/04\/Anuncio-SIG-inversion-Queretaro-abril-2026-Kuri-852x500-1.webp\",\"articleSection\":[\"Estado\"],\"inLanguage\":\"es\",\"potentialAction\":[{\"@type\":\"CommentAction\",\"name\":\"Comment\",\"target\":[\"https:\/\/nativoqueretaro.mx\/index.php\/2026\/04\/29\/refuerza-empresa-sig-presencia-en-queretaro-con-inversion-de-mil-910-mdp\/#respond\"]}]},{\"@type\":\"WebPage\",\"@id\":\"https:\/\/nativoqueretaro.mx\/index.php\/2026\/04\/29\/refuerza-empresa-sig-presencia-en-queretaro-con-inversion-de-mil-910-mdp\/\",\"url\":\"https:\/\/nativoqueretaro.mx\/index.php\/2026\/04\/29\/refuerza-empresa-sig-presencia-en-queretaro-con-inversion-de-mil-910-mdp\/\",\"name\":\"Refuerza empresa SIG presencia en Quer\u00e9taro con inversi\u00f3n de mil 910 mdp - Nativo Quer\u00e9taro\",\"isPartOf\":{\"@id\":\"https:\/\/nativoqueretaro.mx\/#website\"},\"primaryImageOfPage\":{\"@id\":\"https:\/\/nativoqueretaro.mx\/index.php\/2026\/04\/29\/refuerza-empresa-sig-presencia-en-queretaro-con-inversion-de-mil-910-mdp\/#primaryimage\"},\"image\":{\"@id\":\"https:\/\/nativoqueretaro.mx\/index.php\/2026\/04\/29\/refuerza-empresa-sig-presencia-en-queretaro-con-inversion-de-mil-910-mdp\/#primaryimage\"},\"thumbnailUrl\":\"https:\/\/nativoqueretaro.mx\/wp-content\/uploads\/2026\/04\/Anuncio-SIG-inversion-Queretaro-abril-2026-Kuri-852x500-1.webp\",\"datePublished\":\"2026-04-29T18:30:44+00:00\",\"breadcrumb\":{\"@id\":\"https:\/\/nativoqueretaro.mx\/index.php\/2026\/04\/29\/refuerza-empresa-sig-presencia-en-queretaro-con-inversion-de-mil-910-mdp\/#breadcrumb\"},\"inLanguage\":\"es\",\"potentialAction\":[{\"@type\":\"ReadAction\",\"target\":[\"https:\/\/nativoqueretaro.mx\/index.php\/2026\/04\/29\/refuerza-empresa-sig-presencia-en-queretaro-con-inversion-de-mil-910-mdp\/\"]}]},{\"@type\":\"ImageObject\",\"inLanguage\":\"es\",\"@id\":\"https:\/\/nativoqueretaro.mx\/index.php\/2026\/04\/29\/refuerza-empresa-sig-presencia-en-queretaro-con-inversion-de-mil-910-mdp\/#primaryimage\",\"url\":\"https:\/\/nativoqueretaro.mx\/wp-content\/uploads\/2026\/04\/Anuncio-SIG-inversion-Queretaro-abril-2026-Kuri-852x500-1.webp\",\"contentUrl\":\"https:\/\/nativoqueretaro.mx\/wp-content\/uploads\/2026\/04\/Anuncio-SIG-inversion-Queretaro-abril-2026-Kuri-852x500-1.webp\",\"width\":852,\"height\":500},{\"@type\":\"BreadcrumbList\",\"@id\":\"https:\/\/nativoqueretaro.mx\/index.php\/2026\/04\/29\/refuerza-empresa-sig-presencia-en-queretaro-con-inversion-de-mil-910-mdp\/#breadcrumb\",\"itemListElement\":[{\"@type\":\"ListItem\",\"position\":1,\"name\":\"Home\",\"item\":\"https:\/\/nativoqueretaro.mx\/\"},{\"@type\":\"ListItem\",\"position\":2,\"name\":\"Refuerza empresa SIG presencia en Quer\u00e9taro con inversi\u00f3n de mil 910 mdp\"}]},{\"@type\":\"WebSite\",\"@id\":\"https:\/\/nativoqueretaro.mx\/#website\",\"url\":\"https:\/\/nativoqueretaro.mx\/\",\"name\":\"Nativo Quer\u00e9taro\",\"description\":\"\",\"publisher\":{\"@id\":\"https:\/\/nativoqueretaro.mx\/#organization\"},\"potentialAction\":[{\"@type\":\"SearchAction\",\"target\":{\"@type\":\"EntryPoint\",\"urlTemplate\":\"https:\/\/nativoqueretaro.mx\/?s={search_term_string}\"},\"query-input\":{\"@type\":\"PropertyValueSpecification\",\"valueRequired\":true,\"valueName\":\"search_term_string\"}}],\"inLanguage\":\"es\"},{\"@type\":\"Organization\",\"@id\":\"https:\/\/nativoqueretaro.mx\/#organization\",\"name\":\"Nativo Quer\u00e9taro\",\"url\":\"https:\/\/nativoqueretaro.mx\/\",\"logo\":{\"@type\":\"ImageObject\",\"inLanguage\":\"es\",\"@id\":\"https:\/\/nativoqueretaro.mx\/#\/schema\/logo\/image\/\",\"url\":\"https:\/\/nativoqueretaro.mx\/wp-content\/uploads\/2025\/01\/NATIVO_QRO_white.svg\",\"contentUrl\":\"https:\/\/nativoqueretaro.mx\/wp-content\/uploads\/2025\/01\/NATIVO_QRO_white.svg\",\"caption\":\"Nativo Quer\u00e9taro\"},\"image\":{\"@id\":\"https:\/\/nativoqueretaro.mx\/#\/schema\/logo\/image\/\"}},{\"@type\":\"Person\",\"@id\":\"https:\/\/nativoqueretaro.mx\/#\/schema\/person\/9cb2d9bff62be7a0a4a39066c9eac822\",\"name\":\"NativoQro\",\"image\":{\"@type\":\"ImageObject\",\"inLanguage\":\"es\",\"@id\":\"https:\/\/nativoqueretaro.mx\/#\/schema\/person\/image\/\",\"url\":\"https:\/\/secure.gravatar.com\/avatar\/0574151f0584a2a8056a6d87f37cd6abc6c709a951c8e822eb1ab470a5022bc5?s=96&d=mm&r=g\",\"contentUrl\":\"https:\/\/secure.gravatar.com\/avatar\/0574151f0584a2a8056a6d87f37cd6abc6c709a951c8e822eb1ab470a5022bc5?s=96&d=mm&r=g\",\"caption\":\"NativoQro\"},\"url\":\"https:\/\/nativoqueretaro.mx\/index.php\/author\/nativoadmin\/\"}]}<\/script>\n<!-- \/ Yoast SEO plugin. -->","yoast_head_json":{"title":"Refuerza empresa SIG presencia en Quer\u00e9taro con inversi\u00f3n de mil 910 mdp - Nativo Quer\u00e9taro","robots":{"index":"index","follow":"follow","max-snippet":"max-snippet:-1","max-image-preview":"max-image-preview:large","max-video-preview":"max-video-preview:-1"},"canonical":"https:\/\/nativoqueretaro.mx\/index.php\/2026\/04\/29\/refuerza-empresa-sig-presencia-en-queretaro-con-inversion-de-mil-910-mdp\/","og_locale":"es_MX","og_type":"article","og_title":"Refuerza empresa SIG presencia en Quer\u00e9taro con inversi\u00f3n de mil 910 mdp - Nativo Quer\u00e9taro","og_description":"Col\u00f3n, Qro., 29 de abril de 2026.- El gobernador Mauricio Kuri acudi\u00f3 al anuncio de expansi\u00f3n de la planta SIG en Quer\u00e9taro, l\u00edder en producci\u00f3n de envases de cart\u00f3n as\u00e9ptico de alta tecnolog\u00eda, que mediante una inversi\u00f3n de mil 910 millones de pesos pone en marcha su plan de crecimiento dividido en dos fases, el [&hellip;]","og_url":"https:\/\/nativoqueretaro.mx\/index.php\/2026\/04\/29\/refuerza-empresa-sig-presencia-en-queretaro-con-inversion-de-mil-910-mdp\/","og_site_name":"Nativo Quer\u00e9taro","article_published_time":"2026-04-29T18:30:44+00:00","og_image":[{"width":852,"height":500,"url":"https:\/\/nativoqueretaro.mx\/wp-content\/uploads\/2026\/04\/Anuncio-SIG-inversion-Queretaro-abril-2026-Kuri-852x500-1.webp","type":"image\/webp"}],"author":"NativoQro","twitter_card":"summary_large_image","twitter_misc":{"Escrito por":"NativoQro","Tiempo de lectura":"3 minutos"},"schema":{"@context":"https:\/\/schema.org","@graph":[{"@type":"Article","@id":"https:\/\/nativoqueretaro.mx\/index.php\/2026\/04\/29\/refuerza-empresa-sig-presencia-en-queretaro-con-inversion-de-mil-910-mdp\/#article","isPartOf":{"@id":"https:\/\/nativoqueretaro.mx\/index.php\/2026\/04\/29\/refuerza-empresa-sig-presencia-en-queretaro-con-inversion-de-mil-910-mdp\/"},"author":{"name":"NativoQro","@id":"https:\/\/nativoqueretaro.mx\/#\/schema\/person\/9cb2d9bff62be7a0a4a39066c9eac822"},"headline":"Refuerza empresa SIG presencia en Quer\u00e9taro con inversi\u00f3n de mil 910 mdp","datePublished":"2026-04-29T18:30:44+00:00","mainEntityOfPage":{"@id":"https:\/\/nativoqueretaro.mx\/index.php\/2026\/04\/29\/refuerza-empresa-sig-presencia-en-queretaro-con-inversion-de-mil-910-mdp\/"},"wordCount":618,"commentCount":0,"publisher":{"@id":"https:\/\/nativoqueretaro.mx\/#organization"},"image":{"@id":"https:\/\/nativoqueretaro.mx\/index.php\/2026\/04\/29\/refuerza-empresa-sig-presencia-en-queretaro-con-inversion-de-mil-910-mdp\/#primaryimage"},"thumbnailUrl":"https:\/\/nativoqueretaro.mx\/wp-content\/uploads\/2026\/04\/Anuncio-SIG-inversion-Queretaro-abril-2026-Kuri-852x500-1.webp","articleSection":["Estado"],"inLanguage":"es","potentialAction":[{"@type":"CommentAction","name":"Comment","target":["https:\/\/nativoqueretaro.mx\/index.php\/2026\/04\/29\/refuerza-empresa-sig-presencia-en-queretaro-con-inversion-de-mil-910-mdp\/#respond"]}]},{"@type":"WebPage","@id":"https:\/\/nativoqueretaro.mx\/index.php\/2026\/04\/29\/refuerza-empresa-sig-presencia-en-queretaro-con-inversion-de-mil-910-mdp\/","url":"https:\/\/nativoqueretaro.mx\/index.php\/2026\/04\/29\/refuerza-empresa-sig-presencia-en-queretaro-con-inversion-de-mil-910-mdp\/","name":"Refuerza empresa SIG presencia en Quer\u00e9taro con inversi\u00f3n de mil 910 mdp - Nativo Quer\u00e9taro","isPartOf":{"@id":"https:\/\/nativoqueretaro.mx\/#website"},"primaryImageOfPage":{"@id":"https:\/\/nativoqueretaro.mx\/index.php\/2026\/04\/29\/refuerza-empresa-sig-presencia-en-queretaro-con-inversion-de-mil-910-mdp\/#primaryimage"},"image":{"@id":"https:\/\/nativoqueretaro.mx\/index.php\/2026\/04\/29\/refuerza-empresa-sig-presencia-en-queretaro-con-inversion-de-mil-910-mdp\/#primaryimage"},"thumbnailUrl":"https:\/\/nativoqueretaro.mx\/wp-content\/uploads\/2026\/04\/Anuncio-SIG-inversion-Queretaro-abril-2026-Kuri-852x500-1.webp","datePublished":"2026-04-29T18:30:44+00:00","breadcrumb":{"@id":"https:\/\/nativoqueretaro.mx\/index.php\/2026\/04\/29\/refuerza-empresa-sig-presencia-en-queretaro-con-inversion-de-mil-910-mdp\/#breadcrumb"},"inLanguage":"es","potentialAction":[{"@type":"ReadAction","target":["https:\/\/nativoqueretaro.mx\/index.php\/2026\/04\/29\/refuerza-empresa-sig-presencia-en-queretaro-con-inversion-de-mil-910-mdp\/"]}]},{"@type":"ImageObject","inLanguage":"es","@id":"https:\/\/nativoqueretaro.mx\/index.php\/2026\/04\/29\/refuerza-empresa-sig-presencia-en-queretaro-con-inversion-de-mil-910-mdp\/#primaryimage","url":"https:\/\/nativoqueretaro.mx\/wp-content\/uploads\/2026\/04\/Anuncio-SIG-inversion-Queretaro-abril-2026-Kuri-852x500-1.webp","contentUrl":"https:\/\/nativoqueretaro.mx\/wp-content\/uploads\/2026\/04\/Anuncio-SIG-inversion-Queretaro-abril-2026-Kuri-852x500-1.webp","width":852,"height":500},{"@type":"BreadcrumbList","@id":"https:\/\/nativoqueretaro.mx\/index.php\/2026\/04\/29\/refuerza-empresa-sig-presencia-en-queretaro-con-inversion-de-mil-910-mdp\/#breadcrumb","itemListElement":[{"@type":"ListItem","position":1,"name":"Home","item":"https:\/\/nativoqueretaro.mx\/"},{"@type":"ListItem","position":2,"name":"Refuerza empresa SIG presencia en Quer\u00e9taro con inversi\u00f3n de mil 910 mdp"}]},{"@type":"WebSite","@id":"https:\/\/nativoqueretaro.mx\/#website","url":"https:\/\/nativoqueretaro.mx\/","name":"Nativo Quer\u00e9taro","description":"","publisher":{"@id":"https:\/\/nativoqueretaro.mx\/#organization"},"potentialAction":[{"@type":"SearchAction","target":{"@type":"EntryPoint","urlTemplate":"https:\/\/nativoqueretaro.mx\/?s={search_term_string}"},"query-input":{"@type":"PropertyValueSpecification","valueRequired":true,"valueName":"search_term_string"}}],"inLanguage":"es"},{"@type":"Organization","@id":"https:\/\/nativoqueretaro.mx\/#organization","name":"Nativo Quer\u00e9taro","url":"https:\/\/nativoqueretaro.mx\/","logo":{"@type":"ImageObject","inLanguage":"es","@id":"https:\/\/nativoqueretaro.mx\/#\/schema\/logo\/image\/","url":"https:\/\/nativoqueretaro.mx\/wp-content\/uploads\/2025\/01\/NATIVO_QRO_white.svg","contentUrl":"https:\/\/nativoqueretaro.mx\/wp-content\/uploads\/2025\/01\/NATIVO_QRO_white.svg","caption":"Nativo Quer\u00e9taro"},"image":{"@id":"https:\/\/nativoqueretaro.mx\/#\/schema\/logo\/image\/"}},{"@type":"Person","@id":"https:\/\/nativoqueretaro.mx\/#\/schema\/person\/9cb2d9bff62be7a0a4a39066c9eac822","name":"NativoQro","image":{"@type":"ImageObject","inLanguage":"es","@id":"https:\/\/nativoqueretaro.mx\/#\/schema\/person\/image\/","url":"https:\/\/secure.gravatar.com\/avatar\/0574151f0584a2a8056a6d87f37cd6abc6c709a951c8e822eb1ab470a5022bc5?s=96&d=mm&r=g","contentUrl":"https:\/\/secure.gravatar.com\/avatar\/0574151f0584a2a8056a6d87f37cd6abc6c709a951c8e822eb1ab470a5022bc5?s=96&d=mm&r=g","caption":"NativoQro"},"url":"https:\/\/nativoqueretaro.mx\/index.php\/author\/nativoadmin\/"}]}},"_links":{"self":[{"href":"https:\/\/nativoqueretaro.mx\/index.php\/wp-json\/wp\/v2\/posts\/42088","targetHints":{"allow":["GET"]}}],"collection":[{"href":"https:\/\/nativoqueretaro.mx\/index.php\/wp-json\/wp\/v2\/posts"}],"about":[{"href":"https:\/\/nativoqueretaro.mx\/index.php\/wp-json\/wp\/v2\/types\/post"}],"author":[{"embeddable":true,"href":"https:\/\/nativoqueretaro.mx\/index.php\/wp-json\/wp\/v2\/users\/1"}],"replies":[{"embeddable":true,"href":"https:\/\/nativoqueretaro.mx\/index.php\/wp-json\/wp\/v2\/comments?post=42088"}],"version-history":[{"count":1,"href":"https:\/\/nativoqueretaro.mx\/index.php\/wp-json\/wp\/v2\/posts\/42088\/revisions"}],"predecessor-version":[{"id":42090,"href":"https:\/\/nativoqueretaro.mx\/index.php\/wp-json\/wp\/v2\/posts\/42088\/revisions\/42090"}],"wp:featuredmedia":[{"embeddable":true,"href":"https:\/\/nativoqueretaro.mx\/index.php\/wp-json\/wp\/v2\/media\/42089"}],"wp:attachment":[{"href":"https:\/\/nativoqueretaro.mx\/index.php\/wp-json\/wp\/v2\/media?parent=42088"}],"wp:term":[{"taxonomy":"category","embeddable":true,"href":"https:\/\/nativoqueretaro.mx\/index.php\/wp-json\/wp\/v2\/categories?post=42088"},{"taxonomy":"post_tag","embeddable":true,"href":"https:\/\/nativoqueretaro.mx\/index.php\/wp-json\/wp\/v2\/tags?post=42088"}],"curies":[{"name":"wp","href":"https:\/\/api.w.org\/{rel}","templated":true}]}}