{"id":42085,"date":"2026-04-29T18:27:22","date_gmt":"2026-04-29T18:27:22","guid":{"rendered":"https:\/\/nativoqueretaro.mx\/?p=42085"},"modified":"2026-04-29T18:27:22","modified_gmt":"2026-04-29T18:27:22","slug":"nombra-ayuntamiento-de-queretaro-a-directora-del-registro-civil-y-aprueba-aplicacion-movil-qro-911","status":"publish","type":"post","link":"https:\/\/nativoqueretaro.mx\/index.php\/2026\/04\/29\/nombra-ayuntamiento-de-queretaro-a-directora-del-registro-civil-y-aprueba-aplicacion-movil-qro-911\/","title":{"rendered":"Nombra Ayuntamiento de Quer\u00e9taro a directora del Registro Civil y aprueba Aplicaci\u00f3n M\u00f3vil Qro. 911"},"content":{"rendered":"<p>Quer\u00e9taro, Qro., 29 de abril de 2026.- En sesi\u00f3n ordinaria de Cabildo, el Ayuntamiento de Quer\u00e9taro aprob\u00f3 por mayor\u00eda de votos la ratificaci\u00f3n de Fernanda Padilla Mart\u00ednez como directora del Registro Civil Municipal, lo que permitir\u00e1 fortalecer la atenci\u00f3n a las familias queretanas con tr\u00e1mites m\u00e1s \u00e1giles, ordenados y con mayor certeza jur\u00eddica en los actos del estado civil.<\/p>\n<p>Fernanda Padilla Mart\u00ednez es licenciada en Derecho por la Universidad Aut\u00f3noma de Quer\u00e9taro (UAQ), con especialidad en Derecho Civil, Mercantil y Familiar, y estudios de maestr\u00eda en la misma instituci\u00f3n. Cuenta con experiencia en el servicio p\u00fablico con enfoque social, especialmente en la atenci\u00f3n a mujeres, lo que fortalece la visi\u00f3n humana del Registro Civil como una instancia cercana a las familias, que acompa\u00f1a a la ciudadan\u00eda en los momentos m\u00e1s importantes de su vida y contribuye a brindar certeza jur\u00eddica con un trato sensible y profesional.<\/p>\n<p>Tambi\u00e9n las y los regidores aprobaron el programa Aplicaci\u00f3n M\u00f3vil Qro. 9-1-1 y sus reglas de operaci\u00f3n, una herramienta que permitir\u00e1 a la ciudadan\u00eda reportar emergencias de forma m\u00e1s r\u00e1pida y eficiente, adem\u00e1s de fortalecer la coordinaci\u00f3n con las autoridades y mejorar la capacidad de respuesta ante situaciones de riesgo.<\/p>\n<p>Este programa incorpora el uso de tecnolog\u00eda para facilitar el acceso al sistema de emergencias y contempla acciones para ampliar su alcance, como la posibilidad de apoyar con dispositivos m\u00f3viles a personas en situaci\u00f3n de vulnerabilidad, con el objetivo de acercar este servicio a m\u00e1s habitantes y contribuir a la seguridad y tranquilidad en el municipio.<\/p>\n<p>En otro punto de la orden del d\u00eda, se aprob\u00f3 el proyecto de reforma constitucional en materia del Poder Judicial del Estado de Quer\u00e9taro, el cual plantea una reestructuraci\u00f3n org\u00e1nica y funcional para alinearlo con la Constituci\u00f3n Federal. La reforma contempla la elecci\u00f3n por voto directo y secreto de magistraturas, juezas y jueces, as\u00ed como la creaci\u00f3n del Tribunal de Disciplina Judicial.<\/p>\n<p>Asimismo, impulsa el uso de mecanismos alternativos de soluci\u00f3n de controversias y la justicia c\u00edvica para atender conflictos cotidianos, con prioridad en la soluci\u00f3n de fondo y la justicia restaurativa, adem\u00e1s de garantizar transparencia y seguridad jur\u00eddica en la entidad.<\/p>\n<p>Finalmente, se aprobaron las propuestas de la Comisi\u00f3n de Hacienda, Patrimonio y Cuenta P\u00fablica, entre ellas el reconocimiento de pensi\u00f3n por viudez a Luciana Sallago Lira y Ma. Cristina Olvera Hern\u00e1ndez. En cuanto a la Comisi\u00f3n de Desarrollo Urbano y Ecolog\u00eda se autoriz\u00f3 la modificaci\u00f3n a la normatividad por zonificaci\u00f3n para el predio urbano identificado con clave catastral 14 01 001 17 944 051, Delegaci\u00f3n Josefa Vergara y Hern\u00e1ndez.<\/p>\n","protected":false},"excerpt":{"rendered":"<p>Quer\u00e9taro, Qro., 29 de abril de 2026.- En sesi\u00f3n ordinaria de Cabildo, el Ayuntamiento de Quer\u00e9taro aprob\u00f3 por mayor\u00eda de votos la ratificaci\u00f3n de Fernanda Padilla Mart\u00ednez como directora del Registro Civil Municipal, lo que permitir\u00e1 fortalecer la atenci\u00f3n a las familias queretanas con tr\u00e1mites m\u00e1s \u00e1giles, ordenados y con mayor certeza jur\u00eddica en los [&hellip;]<\/p>\n","protected":false},"author":1,"featured_media":42086,"comment_status":"open","ping_status":"open","sticky":false,"template":"","format":"standard","meta":{"_acf_changed":false,"ocean_post_layout":"","ocean_both_sidebars_style":"","ocean_both_sidebars_content_width":0,"ocean_both_sidebars_sidebars_width":0,"ocean_sidebar":"0","ocean_second_sidebar":"0","ocean_disable_margins":"enable","ocean_add_body_class":"","ocean_shortcode_before_top_bar":"","ocean_shortcode_after_top_bar":"","ocean_shortcode_before_header":"","ocean_shortcode_after_header":"","ocean_has_shortcode":"","ocean_shortcode_after_title":"","ocean_shortcode_before_footer_widgets":"","ocean_shortcode_after_footer_widgets":"","ocean_shortcode_before_footer_bottom":"","ocean_shortcode_after_footer_bottom":"","ocean_display_top_bar":"default","ocean_display_header":"default","ocean_header_style":"","ocean_center_header_left_menu":"0","ocean_custom_header_template":"0","ocean_custom_logo":0,"ocean_custom_retina_logo":0,"ocean_custom_logo_max_width":0,"ocean_custom_logo_tablet_max_width":0,"ocean_custom_logo_mobile_max_width":0,"ocean_custom_logo_max_height":0,"ocean_custom_logo_tablet_max_height":0,"ocean_custom_logo_mobile_max_height":0,"ocean_header_custom_menu":"0","ocean_menu_typo_font_family":"0","ocean_menu_typo_font_subset":"","ocean_menu_typo_font_size":0,"ocean_menu_typo_font_size_tablet":0,"ocean_menu_typo_font_size_mobile":0,"ocean_menu_typo_font_size_unit":"px","ocean_menu_typo_font_weight":"","ocean_menu_typo_font_weight_tablet":"","ocean_menu_typo_font_weight_mobile":"","ocean_menu_typo_transform":"","ocean_menu_typo_transform_tablet":"","ocean_menu_typo_transform_mobile":"","ocean_menu_typo_line_height":0,"ocean_menu_typo_line_height_tablet":0,"ocean_menu_typo_line_height_mobile":0,"ocean_menu_typo_line_height_unit":"","ocean_menu_typo_spacing":0,"ocean_menu_typo_spacing_tablet":0,"ocean_menu_typo_spacing_mobile":0,"ocean_menu_typo_spacing_unit":"","ocean_menu_link_color":"","ocean_menu_link_color_hover":"","ocean_menu_link_color_active":"","ocean_menu_link_background":"","ocean_menu_link_hover_background":"","ocean_menu_link_active_background":"","ocean_menu_social_links_bg":"","ocean_menu_social_hover_links_bg":"","ocean_menu_social_links_color":"","ocean_menu_social_hover_links_color":"","ocean_disable_title":"default","ocean_disable_heading":"default","ocean_post_title":"","ocean_post_subheading":"","ocean_post_title_style":"","ocean_post_title_background_color":"","ocean_post_title_background":0,"ocean_post_title_bg_image_position":"","ocean_post_title_bg_image_attachment":"","ocean_post_title_bg_image_repeat":"","ocean_post_title_bg_image_size":"","ocean_post_title_height":0,"ocean_post_title_bg_overlay":0.5,"ocean_post_title_bg_overlay_color":"","ocean_disable_breadcrumbs":"default","ocean_breadcrumbs_color":"","ocean_breadcrumbs_separator_color":"","ocean_breadcrumbs_links_color":"","ocean_breadcrumbs_links_hover_color":"","ocean_display_footer_widgets":"default","ocean_display_footer_bottom":"default","ocean_custom_footer_template":"0","ocean_post_oembed":"","ocean_post_self_hosted_media":"","ocean_post_video_embed":"","ocean_link_format":"","ocean_link_format_target":"self","ocean_quote_format":"","ocean_quote_format_link":"post","ocean_gallery_link_images":"on","ocean_gallery_id":[],"footnotes":""},"categories":[6],"tags":[],"class_list":["post-42085","post","type-post","status-publish","format-standard","has-post-thumbnail","hentry","category-queretaro-capital-e-industria","entry","has-media"],"acf":[],"yoast_head":"<!-- This site is optimized with the Yoast SEO plugin v24.7 - https:\/\/yoast.com\/wordpress\/plugins\/seo\/ -->\n<title>Nombra Ayuntamiento de Quer\u00e9taro a directora del Registro Civil y aprueba Aplicaci\u00f3n M\u00f3vil Qro. 911 - Nativo Quer\u00e9taro<\/title>\n<meta name=\"robots\" content=\"index, follow, max-snippet:-1, max-image-preview:large, max-video-preview:-1\" \/>\n<link rel=\"canonical\" href=\"https:\/\/nativoqueretaro.mx\/index.php\/2026\/04\/29\/nombra-ayuntamiento-de-queretaro-a-directora-del-registro-civil-y-aprueba-aplicacion-movil-qro-911\/\" \/>\n<meta property=\"og:locale\" content=\"es_MX\" \/>\n<meta property=\"og:type\" content=\"article\" \/>\n<meta property=\"og:title\" content=\"Nombra Ayuntamiento de Quer\u00e9taro a directora del Registro Civil y aprueba Aplicaci\u00f3n M\u00f3vil Qro. 911 - Nativo Quer\u00e9taro\" \/>\n<meta property=\"og:description\" content=\"Quer\u00e9taro, Qro., 29 de abril de 2026.- En sesi\u00f3n ordinaria de Cabildo, el Ayuntamiento de Quer\u00e9taro aprob\u00f3 por mayor\u00eda de votos la ratificaci\u00f3n de Fernanda Padilla Mart\u00ednez como directora del Registro Civil Municipal, lo que permitir\u00e1 fortalecer la atenci\u00f3n a las familias queretanas con tr\u00e1mites m\u00e1s \u00e1giles, ordenados y con mayor certeza jur\u00eddica en los [&hellip;]\" \/>\n<meta property=\"og:url\" content=\"https:\/\/nativoqueretaro.mx\/index.php\/2026\/04\/29\/nombra-ayuntamiento-de-queretaro-a-directora-del-registro-civil-y-aprueba-aplicacion-movil-qro-911\/\" \/>\n<meta property=\"og:site_name\" content=\"Nativo Quer\u00e9taro\" \/>\n<meta property=\"article:published_time\" content=\"2026-04-29T18:27:22+00:00\" \/>\n<meta property=\"og:image\" content=\"https:\/\/nativoqueretaro.mx\/wp-content\/uploads\/2026\/04\/Nombramiento-registro-civil-municipal.webp\" \/>\n\t<meta property=\"og:image:width\" content=\"852\" \/>\n\t<meta property=\"og:image:height\" content=\"500\" \/>\n\t<meta property=\"og:image:type\" content=\"image\/webp\" \/>\n<meta name=\"author\" content=\"NativoQro\" \/>\n<meta name=\"twitter:card\" content=\"summary_large_image\" \/>\n<meta name=\"twitter:label1\" content=\"Escrito por\" \/>\n\t<meta name=\"twitter:data1\" content=\"NativoQro\" \/>\n\t<meta name=\"twitter:label2\" content=\"Tiempo de lectura\" \/>\n\t<meta name=\"twitter:data2\" content=\"3 minutos\" \/>\n<script type=\"application\/ld+json\" class=\"yoast-schema-graph\">{\"@context\":\"https:\/\/schema.org\",\"@graph\":[{\"@type\":\"Article\",\"@id\":\"https:\/\/nativoqueretaro.mx\/index.php\/2026\/04\/29\/nombra-ayuntamiento-de-queretaro-a-directora-del-registro-civil-y-aprueba-aplicacion-movil-qro-911\/#article\",\"isPartOf\":{\"@id\":\"https:\/\/nativoqueretaro.mx\/index.php\/2026\/04\/29\/nombra-ayuntamiento-de-queretaro-a-directora-del-registro-civil-y-aprueba-aplicacion-movil-qro-911\/\"},\"author\":{\"name\":\"NativoQro\",\"@id\":\"https:\/\/nativoqueretaro.mx\/#\/schema\/person\/9cb2d9bff62be7a0a4a39066c9eac822\"},\"headline\":\"Nombra Ayuntamiento de Quer\u00e9taro a directora del Registro Civil y aprueba Aplicaci\u00f3n M\u00f3vil Qro. 911\",\"datePublished\":\"2026-04-29T18:27:22+00:00\",\"mainEntityOfPage\":{\"@id\":\"https:\/\/nativoqueretaro.mx\/index.php\/2026\/04\/29\/nombra-ayuntamiento-de-queretaro-a-directora-del-registro-civil-y-aprueba-aplicacion-movil-qro-911\/\"},\"wordCount\":491,\"commentCount\":0,\"publisher\":{\"@id\":\"https:\/\/nativoqueretaro.mx\/#organization\"},\"image\":{\"@id\":\"https:\/\/nativoqueretaro.mx\/index.php\/2026\/04\/29\/nombra-ayuntamiento-de-queretaro-a-directora-del-registro-civil-y-aprueba-aplicacion-movil-qro-911\/#primaryimage\"},\"thumbnailUrl\":\"https:\/\/nativoqueretaro.mx\/wp-content\/uploads\/2026\/04\/Nombramiento-registro-civil-municipal.webp\",\"articleSection\":[\"Quer\u00e9taro Capital e Industria\"],\"inLanguage\":\"es\",\"potentialAction\":[{\"@type\":\"CommentAction\",\"name\":\"Comment\",\"target\":[\"https:\/\/nativoqueretaro.mx\/index.php\/2026\/04\/29\/nombra-ayuntamiento-de-queretaro-a-directora-del-registro-civil-y-aprueba-aplicacion-movil-qro-911\/#respond\"]}]},{\"@type\":\"WebPage\",\"@id\":\"https:\/\/nativoqueretaro.mx\/index.php\/2026\/04\/29\/nombra-ayuntamiento-de-queretaro-a-directora-del-registro-civil-y-aprueba-aplicacion-movil-qro-911\/\",\"url\":\"https:\/\/nativoqueretaro.mx\/index.php\/2026\/04\/29\/nombra-ayuntamiento-de-queretaro-a-directora-del-registro-civil-y-aprueba-aplicacion-movil-qro-911\/\",\"name\":\"Nombra Ayuntamiento de Quer\u00e9taro a directora del Registro Civil y aprueba Aplicaci\u00f3n M\u00f3vil Qro. 911 - Nativo Quer\u00e9taro\",\"isPartOf\":{\"@id\":\"https:\/\/nativoqueretaro.mx\/#website\"},\"primaryImageOfPage\":{\"@id\":\"https:\/\/nativoqueretaro.mx\/index.php\/2026\/04\/29\/nombra-ayuntamiento-de-queretaro-a-directora-del-registro-civil-y-aprueba-aplicacion-movil-qro-911\/#primaryimage\"},\"image\":{\"@id\":\"https:\/\/nativoqueretaro.mx\/index.php\/2026\/04\/29\/nombra-ayuntamiento-de-queretaro-a-directora-del-registro-civil-y-aprueba-aplicacion-movil-qro-911\/#primaryimage\"},\"thumbnailUrl\":\"https:\/\/nativoqueretaro.mx\/wp-content\/uploads\/2026\/04\/Nombramiento-registro-civil-municipal.webp\",\"datePublished\":\"2026-04-29T18:27:22+00:00\",\"breadcrumb\":{\"@id\":\"https:\/\/nativoqueretaro.mx\/index.php\/2026\/04\/29\/nombra-ayuntamiento-de-queretaro-a-directora-del-registro-civil-y-aprueba-aplicacion-movil-qro-911\/#breadcrumb\"},\"inLanguage\":\"es\",\"potentialAction\":[{\"@type\":\"ReadAction\",\"target\":[\"https:\/\/nativoqueretaro.mx\/index.php\/2026\/04\/29\/nombra-ayuntamiento-de-queretaro-a-directora-del-registro-civil-y-aprueba-aplicacion-movil-qro-911\/\"]}]},{\"@type\":\"ImageObject\",\"inLanguage\":\"es\",\"@id\":\"https:\/\/nativoqueretaro.mx\/index.php\/2026\/04\/29\/nombra-ayuntamiento-de-queretaro-a-directora-del-registro-civil-y-aprueba-aplicacion-movil-qro-911\/#primaryimage\",\"url\":\"https:\/\/nativoqueretaro.mx\/wp-content\/uploads\/2026\/04\/Nombramiento-registro-civil-municipal.webp\",\"contentUrl\":\"https:\/\/nativoqueretaro.mx\/wp-content\/uploads\/2026\/04\/Nombramiento-registro-civil-municipal.webp\",\"width\":852,\"height\":500},{\"@type\":\"BreadcrumbList\",\"@id\":\"https:\/\/nativoqueretaro.mx\/index.php\/2026\/04\/29\/nombra-ayuntamiento-de-queretaro-a-directora-del-registro-civil-y-aprueba-aplicacion-movil-qro-911\/#breadcrumb\",\"itemListElement\":[{\"@type\":\"ListItem\",\"position\":1,\"name\":\"Home\",\"item\":\"https:\/\/nativoqueretaro.mx\/\"},{\"@type\":\"ListItem\",\"position\":2,\"name\":\"Nombra Ayuntamiento de Quer\u00e9taro a directora del Registro Civil y aprueba Aplicaci\u00f3n M\u00f3vil Qro. 911\"}]},{\"@type\":\"WebSite\",\"@id\":\"https:\/\/nativoqueretaro.mx\/#website\",\"url\":\"https:\/\/nativoqueretaro.mx\/\",\"name\":\"Nativo Quer\u00e9taro\",\"description\":\"\",\"publisher\":{\"@id\":\"https:\/\/nativoqueretaro.mx\/#organization\"},\"potentialAction\":[{\"@type\":\"SearchAction\",\"target\":{\"@type\":\"EntryPoint\",\"urlTemplate\":\"https:\/\/nativoqueretaro.mx\/?s={search_term_string}\"},\"query-input\":{\"@type\":\"PropertyValueSpecification\",\"valueRequired\":true,\"valueName\":\"search_term_string\"}}],\"inLanguage\":\"es\"},{\"@type\":\"Organization\",\"@id\":\"https:\/\/nativoqueretaro.mx\/#organization\",\"name\":\"Nativo Quer\u00e9taro\",\"url\":\"https:\/\/nativoqueretaro.mx\/\",\"logo\":{\"@type\":\"ImageObject\",\"inLanguage\":\"es\",\"@id\":\"https:\/\/nativoqueretaro.mx\/#\/schema\/logo\/image\/\",\"url\":\"https:\/\/nativoqueretaro.mx\/wp-content\/uploads\/2025\/01\/NATIVO_QRO_white.svg\",\"contentUrl\":\"https:\/\/nativoqueretaro.mx\/wp-content\/uploads\/2025\/01\/NATIVO_QRO_white.svg\",\"caption\":\"Nativo Quer\u00e9taro\"},\"image\":{\"@id\":\"https:\/\/nativoqueretaro.mx\/#\/schema\/logo\/image\/\"}},{\"@type\":\"Person\",\"@id\":\"https:\/\/nativoqueretaro.mx\/#\/schema\/person\/9cb2d9bff62be7a0a4a39066c9eac822\",\"name\":\"NativoQro\",\"image\":{\"@type\":\"ImageObject\",\"inLanguage\":\"es\",\"@id\":\"https:\/\/nativoqueretaro.mx\/#\/schema\/person\/image\/\",\"url\":\"https:\/\/secure.gravatar.com\/avatar\/0574151f0584a2a8056a6d87f37cd6abc6c709a951c8e822eb1ab470a5022bc5?s=96&d=mm&r=g\",\"contentUrl\":\"https:\/\/secure.gravatar.com\/avatar\/0574151f0584a2a8056a6d87f37cd6abc6c709a951c8e822eb1ab470a5022bc5?s=96&d=mm&r=g\",\"caption\":\"NativoQro\"},\"url\":\"https:\/\/nativoqueretaro.mx\/index.php\/author\/nativoadmin\/\"}]}<\/script>\n<!-- \/ Yoast SEO plugin. -->","yoast_head_json":{"title":"Nombra Ayuntamiento de Quer\u00e9taro a directora del Registro Civil y aprueba Aplicaci\u00f3n M\u00f3vil Qro. 911 - Nativo Quer\u00e9taro","robots":{"index":"index","follow":"follow","max-snippet":"max-snippet:-1","max-image-preview":"max-image-preview:large","max-video-preview":"max-video-preview:-1"},"canonical":"https:\/\/nativoqueretaro.mx\/index.php\/2026\/04\/29\/nombra-ayuntamiento-de-queretaro-a-directora-del-registro-civil-y-aprueba-aplicacion-movil-qro-911\/","og_locale":"es_MX","og_type":"article","og_title":"Nombra Ayuntamiento de Quer\u00e9taro a directora del Registro Civil y aprueba Aplicaci\u00f3n M\u00f3vil Qro. 911 - Nativo Quer\u00e9taro","og_description":"Quer\u00e9taro, Qro., 29 de abril de 2026.- En sesi\u00f3n ordinaria de Cabildo, el Ayuntamiento de Quer\u00e9taro aprob\u00f3 por mayor\u00eda de votos la ratificaci\u00f3n de Fernanda Padilla Mart\u00ednez como directora del Registro Civil Municipal, lo que permitir\u00e1 fortalecer la atenci\u00f3n a las familias queretanas con tr\u00e1mites m\u00e1s \u00e1giles, ordenados y con mayor certeza jur\u00eddica en los [&hellip;]","og_url":"https:\/\/nativoqueretaro.mx\/index.php\/2026\/04\/29\/nombra-ayuntamiento-de-queretaro-a-directora-del-registro-civil-y-aprueba-aplicacion-movil-qro-911\/","og_site_name":"Nativo Quer\u00e9taro","article_published_time":"2026-04-29T18:27:22+00:00","og_image":[{"width":852,"height":500,"url":"https:\/\/nativoqueretaro.mx\/wp-content\/uploads\/2026\/04\/Nombramiento-registro-civil-municipal.webp","type":"image\/webp"}],"author":"NativoQro","twitter_card":"summary_large_image","twitter_misc":{"Escrito por":"NativoQro","Tiempo de lectura":"3 minutos"},"schema":{"@context":"https:\/\/schema.org","@graph":[{"@type":"Article","@id":"https:\/\/nativoqueretaro.mx\/index.php\/2026\/04\/29\/nombra-ayuntamiento-de-queretaro-a-directora-del-registro-civil-y-aprueba-aplicacion-movil-qro-911\/#article","isPartOf":{"@id":"https:\/\/nativoqueretaro.mx\/index.php\/2026\/04\/29\/nombra-ayuntamiento-de-queretaro-a-directora-del-registro-civil-y-aprueba-aplicacion-movil-qro-911\/"},"author":{"name":"NativoQro","@id":"https:\/\/nativoqueretaro.mx\/#\/schema\/person\/9cb2d9bff62be7a0a4a39066c9eac822"},"headline":"Nombra Ayuntamiento de Quer\u00e9taro a directora del Registro Civil y aprueba Aplicaci\u00f3n M\u00f3vil Qro. 911","datePublished":"2026-04-29T18:27:22+00:00","mainEntityOfPage":{"@id":"https:\/\/nativoqueretaro.mx\/index.php\/2026\/04\/29\/nombra-ayuntamiento-de-queretaro-a-directora-del-registro-civil-y-aprueba-aplicacion-movil-qro-911\/"},"wordCount":491,"commentCount":0,"publisher":{"@id":"https:\/\/nativoqueretaro.mx\/#organization"},"image":{"@id":"https:\/\/nativoqueretaro.mx\/index.php\/2026\/04\/29\/nombra-ayuntamiento-de-queretaro-a-directora-del-registro-civil-y-aprueba-aplicacion-movil-qro-911\/#primaryimage"},"thumbnailUrl":"https:\/\/nativoqueretaro.mx\/wp-content\/uploads\/2026\/04\/Nombramiento-registro-civil-municipal.webp","articleSection":["Quer\u00e9taro Capital e Industria"],"inLanguage":"es","potentialAction":[{"@type":"CommentAction","name":"Comment","target":["https:\/\/nativoqueretaro.mx\/index.php\/2026\/04\/29\/nombra-ayuntamiento-de-queretaro-a-directora-del-registro-civil-y-aprueba-aplicacion-movil-qro-911\/#respond"]}]},{"@type":"WebPage","@id":"https:\/\/nativoqueretaro.mx\/index.php\/2026\/04\/29\/nombra-ayuntamiento-de-queretaro-a-directora-del-registro-civil-y-aprueba-aplicacion-movil-qro-911\/","url":"https:\/\/nativoqueretaro.mx\/index.php\/2026\/04\/29\/nombra-ayuntamiento-de-queretaro-a-directora-del-registro-civil-y-aprueba-aplicacion-movil-qro-911\/","name":"Nombra Ayuntamiento de Quer\u00e9taro a directora del Registro Civil y aprueba Aplicaci\u00f3n M\u00f3vil Qro. 911 - Nativo Quer\u00e9taro","isPartOf":{"@id":"https:\/\/nativoqueretaro.mx\/#website"},"primaryImageOfPage":{"@id":"https:\/\/nativoqueretaro.mx\/index.php\/2026\/04\/29\/nombra-ayuntamiento-de-queretaro-a-directora-del-registro-civil-y-aprueba-aplicacion-movil-qro-911\/#primaryimage"},"image":{"@id":"https:\/\/nativoqueretaro.mx\/index.php\/2026\/04\/29\/nombra-ayuntamiento-de-queretaro-a-directora-del-registro-civil-y-aprueba-aplicacion-movil-qro-911\/#primaryimage"},"thumbnailUrl":"https:\/\/nativoqueretaro.mx\/wp-content\/uploads\/2026\/04\/Nombramiento-registro-civil-municipal.webp","datePublished":"2026-04-29T18:27:22+00:00","breadcrumb":{"@id":"https:\/\/nativoqueretaro.mx\/index.php\/2026\/04\/29\/nombra-ayuntamiento-de-queretaro-a-directora-del-registro-civil-y-aprueba-aplicacion-movil-qro-911\/#breadcrumb"},"inLanguage":"es","potentialAction":[{"@type":"ReadAction","target":["https:\/\/nativoqueretaro.mx\/index.php\/2026\/04\/29\/nombra-ayuntamiento-de-queretaro-a-directora-del-registro-civil-y-aprueba-aplicacion-movil-qro-911\/"]}]},{"@type":"ImageObject","inLanguage":"es","@id":"https:\/\/nativoqueretaro.mx\/index.php\/2026\/04\/29\/nombra-ayuntamiento-de-queretaro-a-directora-del-registro-civil-y-aprueba-aplicacion-movil-qro-911\/#primaryimage","url":"https:\/\/nativoqueretaro.mx\/wp-content\/uploads\/2026\/04\/Nombramiento-registro-civil-municipal.webp","contentUrl":"https:\/\/nativoqueretaro.mx\/wp-content\/uploads\/2026\/04\/Nombramiento-registro-civil-municipal.webp","width":852,"height":500},{"@type":"BreadcrumbList","@id":"https:\/\/nativoqueretaro.mx\/index.php\/2026\/04\/29\/nombra-ayuntamiento-de-queretaro-a-directora-del-registro-civil-y-aprueba-aplicacion-movil-qro-911\/#breadcrumb","itemListElement":[{"@type":"ListItem","position":1,"name":"Home","item":"https:\/\/nativoqueretaro.mx\/"},{"@type":"ListItem","position":2,"name":"Nombra Ayuntamiento de Quer\u00e9taro a directora del Registro Civil y aprueba Aplicaci\u00f3n M\u00f3vil Qro. 911"}]},{"@type":"WebSite","@id":"https:\/\/nativoqueretaro.mx\/#website","url":"https:\/\/nativoqueretaro.mx\/","name":"Nativo Quer\u00e9taro","description":"","publisher":{"@id":"https:\/\/nativoqueretaro.mx\/#organization"},"potentialAction":[{"@type":"SearchAction","target":{"@type":"EntryPoint","urlTemplate":"https:\/\/nativoqueretaro.mx\/?s={search_term_string}"},"query-input":{"@type":"PropertyValueSpecification","valueRequired":true,"valueName":"search_term_string"}}],"inLanguage":"es"},{"@type":"Organization","@id":"https:\/\/nativoqueretaro.mx\/#organization","name":"Nativo Quer\u00e9taro","url":"https:\/\/nativoqueretaro.mx\/","logo":{"@type":"ImageObject","inLanguage":"es","@id":"https:\/\/nativoqueretaro.mx\/#\/schema\/logo\/image\/","url":"https:\/\/nativoqueretaro.mx\/wp-content\/uploads\/2025\/01\/NATIVO_QRO_white.svg","contentUrl":"https:\/\/nativoqueretaro.mx\/wp-content\/uploads\/2025\/01\/NATIVO_QRO_white.svg","caption":"Nativo Quer\u00e9taro"},"image":{"@id":"https:\/\/nativoqueretaro.mx\/#\/schema\/logo\/image\/"}},{"@type":"Person","@id":"https:\/\/nativoqueretaro.mx\/#\/schema\/person\/9cb2d9bff62be7a0a4a39066c9eac822","name":"NativoQro","image":{"@type":"ImageObject","inLanguage":"es","@id":"https:\/\/nativoqueretaro.mx\/#\/schema\/person\/image\/","url":"https:\/\/secure.gravatar.com\/avatar\/0574151f0584a2a8056a6d87f37cd6abc6c709a951c8e822eb1ab470a5022bc5?s=96&d=mm&r=g","contentUrl":"https:\/\/secure.gravatar.com\/avatar\/0574151f0584a2a8056a6d87f37cd6abc6c709a951c8e822eb1ab470a5022bc5?s=96&d=mm&r=g","caption":"NativoQro"},"url":"https:\/\/nativoqueretaro.mx\/index.php\/author\/nativoadmin\/"}]}},"_links":{"self":[{"href":"https:\/\/nativoqueretaro.mx\/index.php\/wp-json\/wp\/v2\/posts\/42085","targetHints":{"allow":["GET"]}}],"collection":[{"href":"https:\/\/nativoqueretaro.mx\/index.php\/wp-json\/wp\/v2\/posts"}],"about":[{"href":"https:\/\/nativoqueretaro.mx\/index.php\/wp-json\/wp\/v2\/types\/post"}],"author":[{"embeddable":true,"href":"https:\/\/nativoqueretaro.mx\/index.php\/wp-json\/wp\/v2\/users\/1"}],"replies":[{"embeddable":true,"href":"https:\/\/nativoqueretaro.mx\/index.php\/wp-json\/wp\/v2\/comments?post=42085"}],"version-history":[{"count":1,"href":"https:\/\/nativoqueretaro.mx\/index.php\/wp-json\/wp\/v2\/posts\/42085\/revisions"}],"predecessor-version":[{"id":42087,"href":"https:\/\/nativoqueretaro.mx\/index.php\/wp-json\/wp\/v2\/posts\/42085\/revisions\/42087"}],"wp:featuredmedia":[{"embeddable":true,"href":"https:\/\/nativoqueretaro.mx\/index.php\/wp-json\/wp\/v2\/media\/42086"}],"wp:attachment":[{"href":"https:\/\/nativoqueretaro.mx\/index.php\/wp-json\/wp\/v2\/media?parent=42085"}],"wp:term":[{"taxonomy":"category","embeddable":true,"href":"https:\/\/nativoqueretaro.mx\/index.php\/wp-json\/wp\/v2\/categories?post=42085"},{"taxonomy":"post_tag","embeddable":true,"href":"https:\/\/nativoqueretaro.mx\/index.php\/wp-json\/wp\/v2\/tags?post=42085"}],"curies":[{"name":"wp","href":"https:\/\/api.w.org\/{rel}","templated":true}]}}