{"id":42079,"date":"2026-04-28T21:57:03","date_gmt":"2026-04-28T21:57:03","guid":{"rendered":"https:\/\/nativoqueretaro.mx\/?p=42079"},"modified":"2026-04-28T21:57:03","modified_gmt":"2026-04-28T21:57:03","slug":"inicio-queretaro-su-participacion-en-el-tianguis-turistico-de-mexico","status":"publish","type":"post","link":"https:\/\/nativoqueretaro.mx\/index.php\/2026\/04\/28\/inicio-queretaro-su-participacion-en-el-tianguis-turistico-de-mexico\/","title":{"rendered":"Inici\u00f3 Quer\u00e9taro su participaci\u00f3n en el Tianguis Tur\u00edstico de M\u00e9xico"},"content":{"rendered":"<p>Acapulco, Gro., 28 de abril de 2026.- Este lunes inici\u00f3 la participaci\u00f3n de Quer\u00e9taro en la edici\u00f3n n\u00famero 50 del Tianguis Tur\u00edstico M\u00e9xico, que se realiza del 27 al 30 de abril en Acapulco, Guerrero. La comitiva queretana est\u00e1 integrada por funcionarios, empresarios y prestadores de servicios tur\u00edsticos del estado, encabezados por la secretaria de Turismo estatal, Adriana Vega V\u00e1zquez Mellado.<\/p>\n<p>La funcionaria detall\u00f3 que este evento permitir\u00e1 promover atractivos tur\u00edsticos como la Ruta del Arte, Queso y Vino, el Camino Inici\u00e1tico de Santiago, la cocina tradicional y el turismo de romance; adem\u00e1s de consolidar acciones en materia de conectividad para el destino, turismo social y alianzas estrat\u00e9gicas para fortalecer la promoci\u00f3n de Quer\u00e9taro a nivel internacional.<\/p>\n<p>\u201cLa presencia de Quer\u00e9taro en el tianguis nos permite fortalecer alianzas estrat\u00e9gicas con tour operadores y socios comerciales, para consolidar al estado como uno de los principales destinos estrat\u00e9gicos de M\u00e9xico\u201d, declar\u00f3.<\/p>\n<p>Se\u00f1al\u00f3 tambi\u00e9n que el Tianguis Tur\u00edstico permite al estado mostrar parte de su riqueza cultural, hist\u00f3rica, artesanal y gastron\u00f3mica, as\u00ed como su oferta para el turismo de romance, aventura, salud y bienestar (wellness), negocios y convenciones.<\/p>\n<p>Quer\u00e9taro cuenta con un pabell\u00f3n, donde tanto personal de la Secretar\u00eda de Turismo, empresarios y prestadores de servicios exponen\u00a0lo mejor de sus ofertas, realizar\u00e1n reuniones de negocios y resaltar\u00e1n las ventajas competitivas de la entidad.<\/p>\n","protected":false},"excerpt":{"rendered":"<p>Acapulco, Gro., 28 de abril de 2026.- Este lunes inici\u00f3 la participaci\u00f3n de Quer\u00e9taro en la edici\u00f3n n\u00famero 50 del Tianguis Tur\u00edstico M\u00e9xico, que se realiza del 27 al 30 de abril en Acapulco, Guerrero. La comitiva queretana est\u00e1 integrada por funcionarios, empresarios y prestadores de servicios tur\u00edsticos del estado, encabezados por la secretaria de [&hellip;]<\/p>\n","protected":false},"author":1,"featured_media":42080,"comment_status":"open","ping_status":"open","sticky":false,"template":"","format":"standard","meta":{"_acf_changed":false,"ocean_post_layout":"","ocean_both_sidebars_style":"","ocean_both_sidebars_content_width":0,"ocean_both_sidebars_sidebars_width":0,"ocean_sidebar":"0","ocean_second_sidebar":"0","ocean_disable_margins":"enable","ocean_add_body_class":"","ocean_shortcode_before_top_bar":"","ocean_shortcode_after_top_bar":"","ocean_shortcode_before_header":"","ocean_shortcode_after_header":"","ocean_has_shortcode":"","ocean_shortcode_after_title":"","ocean_shortcode_before_footer_widgets":"","ocean_shortcode_after_footer_widgets":"","ocean_shortcode_before_footer_bottom":"","ocean_shortcode_after_footer_bottom":"","ocean_display_top_bar":"default","ocean_display_header":"default","ocean_header_style":"","ocean_center_header_left_menu":"0","ocean_custom_header_template":"0","ocean_custom_logo":0,"ocean_custom_retina_logo":0,"ocean_custom_logo_max_width":0,"ocean_custom_logo_tablet_max_width":0,"ocean_custom_logo_mobile_max_width":0,"ocean_custom_logo_max_height":0,"ocean_custom_logo_tablet_max_height":0,"ocean_custom_logo_mobile_max_height":0,"ocean_header_custom_menu":"0","ocean_menu_typo_font_family":"0","ocean_menu_typo_font_subset":"","ocean_menu_typo_font_size":0,"ocean_menu_typo_font_size_tablet":0,"ocean_menu_typo_font_size_mobile":0,"ocean_menu_typo_font_size_unit":"px","ocean_menu_typo_font_weight":"","ocean_menu_typo_font_weight_tablet":"","ocean_menu_typo_font_weight_mobile":"","ocean_menu_typo_transform":"","ocean_menu_typo_transform_tablet":"","ocean_menu_typo_transform_mobile":"","ocean_menu_typo_line_height":0,"ocean_menu_typo_line_height_tablet":0,"ocean_menu_typo_line_height_mobile":0,"ocean_menu_typo_line_height_unit":"","ocean_menu_typo_spacing":0,"ocean_menu_typo_spacing_tablet":0,"ocean_menu_typo_spacing_mobile":0,"ocean_menu_typo_spacing_unit":"","ocean_menu_link_color":"","ocean_menu_link_color_hover":"","ocean_menu_link_color_active":"","ocean_menu_link_background":"","ocean_menu_link_hover_background":"","ocean_menu_link_active_background":"","ocean_menu_social_links_bg":"","ocean_menu_social_hover_links_bg":"","ocean_menu_social_links_color":"","ocean_menu_social_hover_links_color":"","ocean_disable_title":"default","ocean_disable_heading":"default","ocean_post_title":"","ocean_post_subheading":"","ocean_post_title_style":"","ocean_post_title_background_color":"","ocean_post_title_background":0,"ocean_post_title_bg_image_position":"","ocean_post_title_bg_image_attachment":"","ocean_post_title_bg_image_repeat":"","ocean_post_title_bg_image_size":"","ocean_post_title_height":0,"ocean_post_title_bg_overlay":0.5,"ocean_post_title_bg_overlay_color":"","ocean_disable_breadcrumbs":"default","ocean_breadcrumbs_color":"","ocean_breadcrumbs_separator_color":"","ocean_breadcrumbs_links_color":"","ocean_breadcrumbs_links_hover_color":"","ocean_display_footer_widgets":"default","ocean_display_footer_bottom":"default","ocean_custom_footer_template":"0","ocean_post_oembed":"","ocean_post_self_hosted_media":"","ocean_post_video_embed":"","ocean_link_format":"","ocean_link_format_target":"self","ocean_quote_format":"","ocean_quote_format_link":"post","ocean_gallery_link_images":"on","ocean_gallery_id":[],"footnotes":""},"categories":[89],"tags":[],"class_list":["post-42079","post","type-post","status-publish","format-standard","has-post-thumbnail","hentry","category-estado","entry","has-media"],"acf":[],"yoast_head":"<!-- This site is optimized with the Yoast SEO plugin v24.7 - https:\/\/yoast.com\/wordpress\/plugins\/seo\/ -->\n<title>Inici\u00f3 Quer\u00e9taro su participaci\u00f3n en el Tianguis Tur\u00edstico de M\u00e9xico - Nativo Quer\u00e9taro<\/title>\n<meta name=\"robots\" content=\"index, follow, max-snippet:-1, max-image-preview:large, max-video-preview:-1\" \/>\n<link rel=\"canonical\" href=\"https:\/\/nativoqueretaro.mx\/index.php\/2026\/04\/28\/inicio-queretaro-su-participacion-en-el-tianguis-turistico-de-mexico\/\" \/>\n<meta property=\"og:locale\" content=\"es_MX\" \/>\n<meta property=\"og:type\" content=\"article\" \/>\n<meta property=\"og:title\" content=\"Inici\u00f3 Quer\u00e9taro su participaci\u00f3n en el Tianguis Tur\u00edstico de M\u00e9xico - Nativo Quer\u00e9taro\" \/>\n<meta property=\"og:description\" content=\"Acapulco, Gro., 28 de abril de 2026.- Este lunes inici\u00f3 la participaci\u00f3n de Quer\u00e9taro en la edici\u00f3n n\u00famero 50 del Tianguis Tur\u00edstico M\u00e9xico, que se realiza del 27 al 30 de abril en Acapulco, Guerrero. La comitiva queretana est\u00e1 integrada por funcionarios, empresarios y prestadores de servicios tur\u00edsticos del estado, encabezados por la secretaria de [&hellip;]\" \/>\n<meta property=\"og:url\" content=\"https:\/\/nativoqueretaro.mx\/index.php\/2026\/04\/28\/inicio-queretaro-su-participacion-en-el-tianguis-turistico-de-mexico\/\" \/>\n<meta property=\"og:site_name\" content=\"Nativo Quer\u00e9taro\" \/>\n<meta property=\"article:published_time\" content=\"2026-04-28T21:57:03+00:00\" \/>\n<meta property=\"og:image\" content=\"https:\/\/nativoqueretaro.mx\/wp-content\/uploads\/2026\/04\/Tianguis-Turistico-2026-inicio-participacion-Queretaro2-852x500-1.webp\" \/>\n\t<meta property=\"og:image:width\" content=\"852\" \/>\n\t<meta property=\"og:image:height\" content=\"500\" \/>\n\t<meta property=\"og:image:type\" content=\"image\/webp\" \/>\n<meta name=\"author\" content=\"NativoQro\" \/>\n<meta name=\"twitter:card\" content=\"summary_large_image\" \/>\n<meta name=\"twitter:label1\" content=\"Escrito por\" \/>\n\t<meta name=\"twitter:data1\" content=\"NativoQro\" \/>\n\t<meta name=\"twitter:label2\" content=\"Tiempo de lectura\" \/>\n\t<meta name=\"twitter:data2\" content=\"2 minutos\" \/>\n<script type=\"application\/ld+json\" class=\"yoast-schema-graph\">{\"@context\":\"https:\/\/schema.org\",\"@graph\":[{\"@type\":\"Article\",\"@id\":\"https:\/\/nativoqueretaro.mx\/index.php\/2026\/04\/28\/inicio-queretaro-su-participacion-en-el-tianguis-turistico-de-mexico\/#article\",\"isPartOf\":{\"@id\":\"https:\/\/nativoqueretaro.mx\/index.php\/2026\/04\/28\/inicio-queretaro-su-participacion-en-el-tianguis-turistico-de-mexico\/\"},\"author\":{\"name\":\"NativoQro\",\"@id\":\"https:\/\/nativoqueretaro.mx\/#\/schema\/person\/9cb2d9bff62be7a0a4a39066c9eac822\"},\"headline\":\"Inici\u00f3 Quer\u00e9taro su participaci\u00f3n en el Tianguis Tur\u00edstico de M\u00e9xico\",\"datePublished\":\"2026-04-28T21:57:03+00:00\",\"mainEntityOfPage\":{\"@id\":\"https:\/\/nativoqueretaro.mx\/index.php\/2026\/04\/28\/inicio-queretaro-su-participacion-en-el-tianguis-turistico-de-mexico\/\"},\"wordCount\":259,\"commentCount\":0,\"publisher\":{\"@id\":\"https:\/\/nativoqueretaro.mx\/#organization\"},\"image\":{\"@id\":\"https:\/\/nativoqueretaro.mx\/index.php\/2026\/04\/28\/inicio-queretaro-su-participacion-en-el-tianguis-turistico-de-mexico\/#primaryimage\"},\"thumbnailUrl\":\"https:\/\/nativoqueretaro.mx\/wp-content\/uploads\/2026\/04\/Tianguis-Turistico-2026-inicio-participacion-Queretaro2-852x500-1.webp\",\"articleSection\":[\"Estado\"],\"inLanguage\":\"es\",\"potentialAction\":[{\"@type\":\"CommentAction\",\"name\":\"Comment\",\"target\":[\"https:\/\/nativoqueretaro.mx\/index.php\/2026\/04\/28\/inicio-queretaro-su-participacion-en-el-tianguis-turistico-de-mexico\/#respond\"]}]},{\"@type\":\"WebPage\",\"@id\":\"https:\/\/nativoqueretaro.mx\/index.php\/2026\/04\/28\/inicio-queretaro-su-participacion-en-el-tianguis-turistico-de-mexico\/\",\"url\":\"https:\/\/nativoqueretaro.mx\/index.php\/2026\/04\/28\/inicio-queretaro-su-participacion-en-el-tianguis-turistico-de-mexico\/\",\"name\":\"Inici\u00f3 Quer\u00e9taro su participaci\u00f3n en el Tianguis Tur\u00edstico de M\u00e9xico - Nativo Quer\u00e9taro\",\"isPartOf\":{\"@id\":\"https:\/\/nativoqueretaro.mx\/#website\"},\"primaryImageOfPage\":{\"@id\":\"https:\/\/nativoqueretaro.mx\/index.php\/2026\/04\/28\/inicio-queretaro-su-participacion-en-el-tianguis-turistico-de-mexico\/#primaryimage\"},\"image\":{\"@id\":\"https:\/\/nativoqueretaro.mx\/index.php\/2026\/04\/28\/inicio-queretaro-su-participacion-en-el-tianguis-turistico-de-mexico\/#primaryimage\"},\"thumbnailUrl\":\"https:\/\/nativoqueretaro.mx\/wp-content\/uploads\/2026\/04\/Tianguis-Turistico-2026-inicio-participacion-Queretaro2-852x500-1.webp\",\"datePublished\":\"2026-04-28T21:57:03+00:00\",\"breadcrumb\":{\"@id\":\"https:\/\/nativoqueretaro.mx\/index.php\/2026\/04\/28\/inicio-queretaro-su-participacion-en-el-tianguis-turistico-de-mexico\/#breadcrumb\"},\"inLanguage\":\"es\",\"potentialAction\":[{\"@type\":\"ReadAction\",\"target\":[\"https:\/\/nativoqueretaro.mx\/index.php\/2026\/04\/28\/inicio-queretaro-su-participacion-en-el-tianguis-turistico-de-mexico\/\"]}]},{\"@type\":\"ImageObject\",\"inLanguage\":\"es\",\"@id\":\"https:\/\/nativoqueretaro.mx\/index.php\/2026\/04\/28\/inicio-queretaro-su-participacion-en-el-tianguis-turistico-de-mexico\/#primaryimage\",\"url\":\"https:\/\/nativoqueretaro.mx\/wp-content\/uploads\/2026\/04\/Tianguis-Turistico-2026-inicio-participacion-Queretaro2-852x500-1.webp\",\"contentUrl\":\"https:\/\/nativoqueretaro.mx\/wp-content\/uploads\/2026\/04\/Tianguis-Turistico-2026-inicio-participacion-Queretaro2-852x500-1.webp\",\"width\":852,\"height\":500},{\"@type\":\"BreadcrumbList\",\"@id\":\"https:\/\/nativoqueretaro.mx\/index.php\/2026\/04\/28\/inicio-queretaro-su-participacion-en-el-tianguis-turistico-de-mexico\/#breadcrumb\",\"itemListElement\":[{\"@type\":\"ListItem\",\"position\":1,\"name\":\"Home\",\"item\":\"https:\/\/nativoqueretaro.mx\/\"},{\"@type\":\"ListItem\",\"position\":2,\"name\":\"Inici\u00f3 Quer\u00e9taro su participaci\u00f3n en el Tianguis Tur\u00edstico de M\u00e9xico\"}]},{\"@type\":\"WebSite\",\"@id\":\"https:\/\/nativoqueretaro.mx\/#website\",\"url\":\"https:\/\/nativoqueretaro.mx\/\",\"name\":\"Nativo Quer\u00e9taro\",\"description\":\"\",\"publisher\":{\"@id\":\"https:\/\/nativoqueretaro.mx\/#organization\"},\"potentialAction\":[{\"@type\":\"SearchAction\",\"target\":{\"@type\":\"EntryPoint\",\"urlTemplate\":\"https:\/\/nativoqueretaro.mx\/?s={search_term_string}\"},\"query-input\":{\"@type\":\"PropertyValueSpecification\",\"valueRequired\":true,\"valueName\":\"search_term_string\"}}],\"inLanguage\":\"es\"},{\"@type\":\"Organization\",\"@id\":\"https:\/\/nativoqueretaro.mx\/#organization\",\"name\":\"Nativo Quer\u00e9taro\",\"url\":\"https:\/\/nativoqueretaro.mx\/\",\"logo\":{\"@type\":\"ImageObject\",\"inLanguage\":\"es\",\"@id\":\"https:\/\/nativoqueretaro.mx\/#\/schema\/logo\/image\/\",\"url\":\"https:\/\/nativoqueretaro.mx\/wp-content\/uploads\/2025\/01\/NATIVO_QRO_white.svg\",\"contentUrl\":\"https:\/\/nativoqueretaro.mx\/wp-content\/uploads\/2025\/01\/NATIVO_QRO_white.svg\",\"caption\":\"Nativo Quer\u00e9taro\"},\"image\":{\"@id\":\"https:\/\/nativoqueretaro.mx\/#\/schema\/logo\/image\/\"}},{\"@type\":\"Person\",\"@id\":\"https:\/\/nativoqueretaro.mx\/#\/schema\/person\/9cb2d9bff62be7a0a4a39066c9eac822\",\"name\":\"NativoQro\",\"image\":{\"@type\":\"ImageObject\",\"inLanguage\":\"es\",\"@id\":\"https:\/\/nativoqueretaro.mx\/#\/schema\/person\/image\/\",\"url\":\"https:\/\/secure.gravatar.com\/avatar\/0574151f0584a2a8056a6d87f37cd6abc6c709a951c8e822eb1ab470a5022bc5?s=96&d=mm&r=g\",\"contentUrl\":\"https:\/\/secure.gravatar.com\/avatar\/0574151f0584a2a8056a6d87f37cd6abc6c709a951c8e822eb1ab470a5022bc5?s=96&d=mm&r=g\",\"caption\":\"NativoQro\"},\"url\":\"https:\/\/nativoqueretaro.mx\/index.php\/author\/nativoadmin\/\"}]}<\/script>\n<!-- \/ Yoast SEO plugin. -->","yoast_head_json":{"title":"Inici\u00f3 Quer\u00e9taro su participaci\u00f3n en el Tianguis Tur\u00edstico de M\u00e9xico - Nativo Quer\u00e9taro","robots":{"index":"index","follow":"follow","max-snippet":"max-snippet:-1","max-image-preview":"max-image-preview:large","max-video-preview":"max-video-preview:-1"},"canonical":"https:\/\/nativoqueretaro.mx\/index.php\/2026\/04\/28\/inicio-queretaro-su-participacion-en-el-tianguis-turistico-de-mexico\/","og_locale":"es_MX","og_type":"article","og_title":"Inici\u00f3 Quer\u00e9taro su participaci\u00f3n en el Tianguis Tur\u00edstico de M\u00e9xico - Nativo Quer\u00e9taro","og_description":"Acapulco, Gro., 28 de abril de 2026.- Este lunes inici\u00f3 la participaci\u00f3n de Quer\u00e9taro en la edici\u00f3n n\u00famero 50 del Tianguis Tur\u00edstico M\u00e9xico, que se realiza del 27 al 30 de abril en Acapulco, Guerrero. La comitiva queretana est\u00e1 integrada por funcionarios, empresarios y prestadores de servicios tur\u00edsticos del estado, encabezados por la secretaria de [&hellip;]","og_url":"https:\/\/nativoqueretaro.mx\/index.php\/2026\/04\/28\/inicio-queretaro-su-participacion-en-el-tianguis-turistico-de-mexico\/","og_site_name":"Nativo Quer\u00e9taro","article_published_time":"2026-04-28T21:57:03+00:00","og_image":[{"width":852,"height":500,"url":"https:\/\/nativoqueretaro.mx\/wp-content\/uploads\/2026\/04\/Tianguis-Turistico-2026-inicio-participacion-Queretaro2-852x500-1.webp","type":"image\/webp"}],"author":"NativoQro","twitter_card":"summary_large_image","twitter_misc":{"Escrito por":"NativoQro","Tiempo de lectura":"2 minutos"},"schema":{"@context":"https:\/\/schema.org","@graph":[{"@type":"Article","@id":"https:\/\/nativoqueretaro.mx\/index.php\/2026\/04\/28\/inicio-queretaro-su-participacion-en-el-tianguis-turistico-de-mexico\/#article","isPartOf":{"@id":"https:\/\/nativoqueretaro.mx\/index.php\/2026\/04\/28\/inicio-queretaro-su-participacion-en-el-tianguis-turistico-de-mexico\/"},"author":{"name":"NativoQro","@id":"https:\/\/nativoqueretaro.mx\/#\/schema\/person\/9cb2d9bff62be7a0a4a39066c9eac822"},"headline":"Inici\u00f3 Quer\u00e9taro su participaci\u00f3n en el Tianguis Tur\u00edstico de M\u00e9xico","datePublished":"2026-04-28T21:57:03+00:00","mainEntityOfPage":{"@id":"https:\/\/nativoqueretaro.mx\/index.php\/2026\/04\/28\/inicio-queretaro-su-participacion-en-el-tianguis-turistico-de-mexico\/"},"wordCount":259,"commentCount":0,"publisher":{"@id":"https:\/\/nativoqueretaro.mx\/#organization"},"image":{"@id":"https:\/\/nativoqueretaro.mx\/index.php\/2026\/04\/28\/inicio-queretaro-su-participacion-en-el-tianguis-turistico-de-mexico\/#primaryimage"},"thumbnailUrl":"https:\/\/nativoqueretaro.mx\/wp-content\/uploads\/2026\/04\/Tianguis-Turistico-2026-inicio-participacion-Queretaro2-852x500-1.webp","articleSection":["Estado"],"inLanguage":"es","potentialAction":[{"@type":"CommentAction","name":"Comment","target":["https:\/\/nativoqueretaro.mx\/index.php\/2026\/04\/28\/inicio-queretaro-su-participacion-en-el-tianguis-turistico-de-mexico\/#respond"]}]},{"@type":"WebPage","@id":"https:\/\/nativoqueretaro.mx\/index.php\/2026\/04\/28\/inicio-queretaro-su-participacion-en-el-tianguis-turistico-de-mexico\/","url":"https:\/\/nativoqueretaro.mx\/index.php\/2026\/04\/28\/inicio-queretaro-su-participacion-en-el-tianguis-turistico-de-mexico\/","name":"Inici\u00f3 Quer\u00e9taro su participaci\u00f3n en el Tianguis Tur\u00edstico de M\u00e9xico - Nativo Quer\u00e9taro","isPartOf":{"@id":"https:\/\/nativoqueretaro.mx\/#website"},"primaryImageOfPage":{"@id":"https:\/\/nativoqueretaro.mx\/index.php\/2026\/04\/28\/inicio-queretaro-su-participacion-en-el-tianguis-turistico-de-mexico\/#primaryimage"},"image":{"@id":"https:\/\/nativoqueretaro.mx\/index.php\/2026\/04\/28\/inicio-queretaro-su-participacion-en-el-tianguis-turistico-de-mexico\/#primaryimage"},"thumbnailUrl":"https:\/\/nativoqueretaro.mx\/wp-content\/uploads\/2026\/04\/Tianguis-Turistico-2026-inicio-participacion-Queretaro2-852x500-1.webp","datePublished":"2026-04-28T21:57:03+00:00","breadcrumb":{"@id":"https:\/\/nativoqueretaro.mx\/index.php\/2026\/04\/28\/inicio-queretaro-su-participacion-en-el-tianguis-turistico-de-mexico\/#breadcrumb"},"inLanguage":"es","potentialAction":[{"@type":"ReadAction","target":["https:\/\/nativoqueretaro.mx\/index.php\/2026\/04\/28\/inicio-queretaro-su-participacion-en-el-tianguis-turistico-de-mexico\/"]}]},{"@type":"ImageObject","inLanguage":"es","@id":"https:\/\/nativoqueretaro.mx\/index.php\/2026\/04\/28\/inicio-queretaro-su-participacion-en-el-tianguis-turistico-de-mexico\/#primaryimage","url":"https:\/\/nativoqueretaro.mx\/wp-content\/uploads\/2026\/04\/Tianguis-Turistico-2026-inicio-participacion-Queretaro2-852x500-1.webp","contentUrl":"https:\/\/nativoqueretaro.mx\/wp-content\/uploads\/2026\/04\/Tianguis-Turistico-2026-inicio-participacion-Queretaro2-852x500-1.webp","width":852,"height":500},{"@type":"BreadcrumbList","@id":"https:\/\/nativoqueretaro.mx\/index.php\/2026\/04\/28\/inicio-queretaro-su-participacion-en-el-tianguis-turistico-de-mexico\/#breadcrumb","itemListElement":[{"@type":"ListItem","position":1,"name":"Home","item":"https:\/\/nativoqueretaro.mx\/"},{"@type":"ListItem","position":2,"name":"Inici\u00f3 Quer\u00e9taro su participaci\u00f3n en el Tianguis Tur\u00edstico de M\u00e9xico"}]},{"@type":"WebSite","@id":"https:\/\/nativoqueretaro.mx\/#website","url":"https:\/\/nativoqueretaro.mx\/","name":"Nativo Quer\u00e9taro","description":"","publisher":{"@id":"https:\/\/nativoqueretaro.mx\/#organization"},"potentialAction":[{"@type":"SearchAction","target":{"@type":"EntryPoint","urlTemplate":"https:\/\/nativoqueretaro.mx\/?s={search_term_string}"},"query-input":{"@type":"PropertyValueSpecification","valueRequired":true,"valueName":"search_term_string"}}],"inLanguage":"es"},{"@type":"Organization","@id":"https:\/\/nativoqueretaro.mx\/#organization","name":"Nativo Quer\u00e9taro","url":"https:\/\/nativoqueretaro.mx\/","logo":{"@type":"ImageObject","inLanguage":"es","@id":"https:\/\/nativoqueretaro.mx\/#\/schema\/logo\/image\/","url":"https:\/\/nativoqueretaro.mx\/wp-content\/uploads\/2025\/01\/NATIVO_QRO_white.svg","contentUrl":"https:\/\/nativoqueretaro.mx\/wp-content\/uploads\/2025\/01\/NATIVO_QRO_white.svg","caption":"Nativo Quer\u00e9taro"},"image":{"@id":"https:\/\/nativoqueretaro.mx\/#\/schema\/logo\/image\/"}},{"@type":"Person","@id":"https:\/\/nativoqueretaro.mx\/#\/schema\/person\/9cb2d9bff62be7a0a4a39066c9eac822","name":"NativoQro","image":{"@type":"ImageObject","inLanguage":"es","@id":"https:\/\/nativoqueretaro.mx\/#\/schema\/person\/image\/","url":"https:\/\/secure.gravatar.com\/avatar\/0574151f0584a2a8056a6d87f37cd6abc6c709a951c8e822eb1ab470a5022bc5?s=96&d=mm&r=g","contentUrl":"https:\/\/secure.gravatar.com\/avatar\/0574151f0584a2a8056a6d87f37cd6abc6c709a951c8e822eb1ab470a5022bc5?s=96&d=mm&r=g","caption":"NativoQro"},"url":"https:\/\/nativoqueretaro.mx\/index.php\/author\/nativoadmin\/"}]}},"_links":{"self":[{"href":"https:\/\/nativoqueretaro.mx\/index.php\/wp-json\/wp\/v2\/posts\/42079","targetHints":{"allow":["GET"]}}],"collection":[{"href":"https:\/\/nativoqueretaro.mx\/index.php\/wp-json\/wp\/v2\/posts"}],"about":[{"href":"https:\/\/nativoqueretaro.mx\/index.php\/wp-json\/wp\/v2\/types\/post"}],"author":[{"embeddable":true,"href":"https:\/\/nativoqueretaro.mx\/index.php\/wp-json\/wp\/v2\/users\/1"}],"replies":[{"embeddable":true,"href":"https:\/\/nativoqueretaro.mx\/index.php\/wp-json\/wp\/v2\/comments?post=42079"}],"version-history":[{"count":1,"href":"https:\/\/nativoqueretaro.mx\/index.php\/wp-json\/wp\/v2\/posts\/42079\/revisions"}],"predecessor-version":[{"id":42081,"href":"https:\/\/nativoqueretaro.mx\/index.php\/wp-json\/wp\/v2\/posts\/42079\/revisions\/42081"}],"wp:featuredmedia":[{"embeddable":true,"href":"https:\/\/nativoqueretaro.mx\/index.php\/wp-json\/wp\/v2\/media\/42080"}],"wp:attachment":[{"href":"https:\/\/nativoqueretaro.mx\/index.php\/wp-json\/wp\/v2\/media?parent=42079"}],"wp:term":[{"taxonomy":"category","embeddable":true,"href":"https:\/\/nativoqueretaro.mx\/index.php\/wp-json\/wp\/v2\/categories?post=42079"},{"taxonomy":"post_tag","embeddable":true,"href":"https:\/\/nativoqueretaro.mx\/index.php\/wp-json\/wp\/v2\/tags?post=42079"}],"curies":[{"name":"wp","href":"https:\/\/api.w.org\/{rel}","templated":true}]}}