{"id":42060,"date":"2026-04-27T14:58:48","date_gmt":"2026-04-27T14:58:48","guid":{"rendered":"https:\/\/nativoqueretaro.mx\/?p=42060"},"modified":"2026-04-27T14:58:48","modified_gmt":"2026-04-27T14:58:48","slug":"presidenta-sheinbaum-inauguro-tren-al-aeropuerto-felipe-angeles","status":"publish","type":"post","link":"https:\/\/nativoqueretaro.mx\/index.php\/2026\/04\/27\/presidenta-sheinbaum-inauguro-tren-al-aeropuerto-felipe-angeles\/","title":{"rendered":"Presidenta Sheinbaum inaugur\u00f3 tren al Aeropuerto Felipe \u00c1ngeles"},"content":{"rendered":"<p>Ciudad de M\u00e9xico, 27 de abril de 2026.- La presidenta Claudia Sheinbaum Pardo inaugur\u00f3 el Tren Felipe \u00c1ngeles, Buenavista-AIFA, que conecta al norte de la Ciudad de M\u00e9xico con el Aeropuerto Internacional Felipe \u00c1ngeles, en el Estado de M\u00e9xico, en menos de 60 minutos, al inicio de las operaciones, y posteriormente en 43 minutos. Se estima una demanda de 57 mil pasajeros diarios.<\/p>\n<p>\u201cEso es lo que representa el rescate de los trenes de pasajeros: que las y los mexicanos, y los visitantes que llegan a nuestro pa\u00eds, tengan el acceso a la movilidad. Y que el pueblo de M\u00e9xico tenga el derecho a una movilidad de primer nivel\u201d, agreg\u00f3.<\/p>\n<p>Como parte del homenaje a las mujeres de la historia de M\u00e9xico, la presidenta solicit\u00f3 al director del AIFA, Isidoro Pastor, nombrar Clara Krause a la estaci\u00f3n terminal en el AIFA, en reconocimiento a la esposa del general Felipe \u00c1ngeles, cuyos restos fueron repatriados en agosto de 2024.<\/p>\n<p>El director general de la Agencia de Trenes y Transporte P\u00fablico Integrado (ATTRAPI), Andr\u00e9s Lajous Loaeza, detall\u00f3 que la longitud de la obra es de 41 km: 18 km de Buenavista-Lecher\u00eda y 22.94 km de Lecher\u00eda-AIFA. Se\u00f1al\u00f3 que la v\u00eda de Buenavista y AIFA est\u00e1 dise\u00f1ada para hacer el recorrido en 43 minutos y en el inicio de operaciones ser\u00e1 de 60 minutos, con una velocidad promedio de 65 km\/h y m\u00e1xima de 130 km\/h. Tendr\u00e1 una demanda estimada de 57 mil pasajeros diarios, pero con capacidad de movilizar a m\u00e1s de 80 mil personas. El ingreso ser\u00e1 por medio de las Tarjetas de Movilidad Integrada y del Suburbano.<\/p>\n<p>Inform\u00f3 que cuenta con seis estaciones nuevas: Cueyamil, La Loma, Teyahualco, Prados Sur, Cajiga, y Xaltocan, as\u00ed como la estaci\u00f3n Terminal AIFA-Clara Krause. Adem\u00e1s, tendr\u00e1 conexi\u00f3n con el Tren Suburbano Buenavista-Cuautitl\u00e1n, la L\u00ednea B del Metro, las l\u00edneas 1, 3 y 4 del Metrob\u00fas; y con Ecobici en la Ciudad de M\u00e9xico. Mientras que en el Estado de M\u00e9xico se conecta con Mexib\u00fas y el transporte p\u00fablico local.<\/p>\n<p>El director general del Banco Nacional de Obras y Servicios P\u00fablicos (Banobras), Jorge Mendoza S\u00e1nchez, inform\u00f3 que iniciar\u00e1 operaciones con cuatro de los 10 trenes que dar\u00e1n servicio de lunes a viernes de 5:00 a 00:00 h, s\u00e1bados de 06:00 a 00:00 h y domingos y d\u00edas festivos de 07:00 a 00:00 h. La tarifa promocional en el primer mes de operaci\u00f3n ser\u00e1 de 45 pesos desde cualquier estaci\u00f3n hasta el AIFA y de 11.50 pesos entre estaciones intermedias; posteriormente, se dar\u00e1n a conocer las tarifas definitivas. La frecuencia de trenes ser\u00e1 de 30 minutos y el objetivo es reducirlo a 12 minutos conforme se incorporen los dem\u00e1s trenes.<\/p>\n<p>El ingeniero residente de la obra de la Secretar\u00eda de la Defensa Nacional, Iv\u00e1n Hern\u00e1ndez Uribe, destac\u00f3 que esta obra gener\u00f3 m\u00e1s de 20 mil empleos para su construcci\u00f3n, alrededor de 2 mil 200 contratados por mes, y record\u00f3 que la participaci\u00f3n del Ej\u00e9rcito mexicano en la construcci\u00f3n de estos proyectos garantiza eficiencia, transparencia\u00a0y compromiso con la patria. Asimismo, la construcci\u00f3n beneficia a 799 mil 240 habitantes de distintas comunidades, tales como Tultitl\u00e1n, Tultepec, Nextlalpan y Zumpango.<\/p>\n<p>El gobernador de Hidalgo, Julio Menchaca Salazar, destac\u00f3 que obras como estas resuelven una necesidad de movilidad importante en una de las zonas metropolitanas m\u00e1s grandes del mundo.<\/p>\n<p>La jefa de gobierno de la Ciudad de M\u00e9xico, Clara Brugada, dijo que la estaci\u00f3n Buenavista se consolida como la estaci\u00f3n ferroviaria de la capital del pa\u00eds y con este tren se impulsa la movilidad en la zona metropolitana y se suma a otros proyectos que conectan con el Estado de M\u00e9xico, como son el Troleb\u00fas elevado de Chalco y el Tren El Insurgente, que representa una transformaci\u00f3n sin precedentes de la movilidad en el Valle de M\u00e9xico.<\/p>\n<p>La gobernadora del Estado de M\u00e9xico, Delfina G\u00f3mez, agradeci\u00f3 a la mandataria por esta obra que va a reducir distancias con la Ciudad de M\u00e9xico y que permite a muchas localidades el acceso a un transporte p\u00fablico digno.<\/p>\n","protected":false},"excerpt":{"rendered":"<p>Ciudad de M\u00e9xico, 27 de abril de 2026.- La presidenta Claudia Sheinbaum Pardo inaugur\u00f3 el Tren Felipe \u00c1ngeles, Buenavista-AIFA, que conecta al norte de la Ciudad de M\u00e9xico con el Aeropuerto Internacional Felipe \u00c1ngeles, en el Estado de M\u00e9xico, en menos de 60 minutos, al inicio de las operaciones, y posteriormente en 43 minutos. Se [&hellip;]<\/p>\n","protected":false},"author":1,"featured_media":42061,"comment_status":"open","ping_status":"open","sticky":false,"template":"","format":"standard","meta":{"_acf_changed":false,"ocean_post_layout":"","ocean_both_sidebars_style":"","ocean_both_sidebars_content_width":0,"ocean_both_sidebars_sidebars_width":0,"ocean_sidebar":"0","ocean_second_sidebar":"0","ocean_disable_margins":"enable","ocean_add_body_class":"","ocean_shortcode_before_top_bar":"","ocean_shortcode_after_top_bar":"","ocean_shortcode_before_header":"","ocean_shortcode_after_header":"","ocean_has_shortcode":"","ocean_shortcode_after_title":"","ocean_shortcode_before_footer_widgets":"","ocean_shortcode_after_footer_widgets":"","ocean_shortcode_before_footer_bottom":"","ocean_shortcode_after_footer_bottom":"","ocean_display_top_bar":"default","ocean_display_header":"default","ocean_header_style":"","ocean_center_header_left_menu":"0","ocean_custom_header_template":"0","ocean_custom_logo":0,"ocean_custom_retina_logo":0,"ocean_custom_logo_max_width":0,"ocean_custom_logo_tablet_max_width":0,"ocean_custom_logo_mobile_max_width":0,"ocean_custom_logo_max_height":0,"ocean_custom_logo_tablet_max_height":0,"ocean_custom_logo_mobile_max_height":0,"ocean_header_custom_menu":"0","ocean_menu_typo_font_family":"0","ocean_menu_typo_font_subset":"","ocean_menu_typo_font_size":0,"ocean_menu_typo_font_size_tablet":0,"ocean_menu_typo_font_size_mobile":0,"ocean_menu_typo_font_size_unit":"px","ocean_menu_typo_font_weight":"","ocean_menu_typo_font_weight_tablet":"","ocean_menu_typo_font_weight_mobile":"","ocean_menu_typo_transform":"","ocean_menu_typo_transform_tablet":"","ocean_menu_typo_transform_mobile":"","ocean_menu_typo_line_height":0,"ocean_menu_typo_line_height_tablet":0,"ocean_menu_typo_line_height_mobile":0,"ocean_menu_typo_line_height_unit":"","ocean_menu_typo_spacing":0,"ocean_menu_typo_spacing_tablet":0,"ocean_menu_typo_spacing_mobile":0,"ocean_menu_typo_spacing_unit":"","ocean_menu_link_color":"","ocean_menu_link_color_hover":"","ocean_menu_link_color_active":"","ocean_menu_link_background":"","ocean_menu_link_hover_background":"","ocean_menu_link_active_background":"","ocean_menu_social_links_bg":"","ocean_menu_social_hover_links_bg":"","ocean_menu_social_links_color":"","ocean_menu_social_hover_links_color":"","ocean_disable_title":"default","ocean_disable_heading":"default","ocean_post_title":"","ocean_post_subheading":"","ocean_post_title_style":"","ocean_post_title_background_color":"","ocean_post_title_background":0,"ocean_post_title_bg_image_position":"","ocean_post_title_bg_image_attachment":"","ocean_post_title_bg_image_repeat":"","ocean_post_title_bg_image_size":"","ocean_post_title_height":0,"ocean_post_title_bg_overlay":0.5,"ocean_post_title_bg_overlay_color":"","ocean_disable_breadcrumbs":"default","ocean_breadcrumbs_color":"","ocean_breadcrumbs_separator_color":"","ocean_breadcrumbs_links_color":"","ocean_breadcrumbs_links_hover_color":"","ocean_display_footer_widgets":"default","ocean_display_footer_bottom":"default","ocean_custom_footer_template":"0","ocean_post_oembed":"","ocean_post_self_hosted_media":"","ocean_post_video_embed":"","ocean_link_format":"","ocean_link_format_target":"self","ocean_quote_format":"","ocean_quote_format_link":"post","ocean_gallery_link_images":"on","ocean_gallery_id":[],"footnotes":""},"categories":[7],"tags":[],"class_list":["post-42060","post","type-post","status-publish","format-standard","has-post-thumbnail","hentry","category-nacional","entry","has-media"],"acf":[],"yoast_head":"<!-- This site is optimized with the Yoast SEO plugin v24.7 - https:\/\/yoast.com\/wordpress\/plugins\/seo\/ -->\n<title>Presidenta Sheinbaum inaugur\u00f3 tren al Aeropuerto Felipe \u00c1ngeles - Nativo Quer\u00e9taro<\/title>\n<meta name=\"robots\" content=\"index, follow, max-snippet:-1, max-image-preview:large, max-video-preview:-1\" \/>\n<link rel=\"canonical\" href=\"https:\/\/nativoqueretaro.mx\/index.php\/2026\/04\/27\/presidenta-sheinbaum-inauguro-tren-al-aeropuerto-felipe-angeles\/\" \/>\n<meta property=\"og:locale\" content=\"es_MX\" \/>\n<meta property=\"og:type\" content=\"article\" \/>\n<meta property=\"og:title\" content=\"Presidenta Sheinbaum inaugur\u00f3 tren al Aeropuerto Felipe \u00c1ngeles - Nativo Quer\u00e9taro\" \/>\n<meta property=\"og:description\" content=\"Ciudad de M\u00e9xico, 27 de abril de 2026.- La presidenta Claudia Sheinbaum Pardo inaugur\u00f3 el Tren Felipe \u00c1ngeles, Buenavista-AIFA, que conecta al norte de la Ciudad de M\u00e9xico con el Aeropuerto Internacional Felipe \u00c1ngeles, en el Estado de M\u00e9xico, en menos de 60 minutos, al inicio de las operaciones, y posteriormente en 43 minutos. Se [&hellip;]\" \/>\n<meta property=\"og:url\" content=\"https:\/\/nativoqueretaro.mx\/index.php\/2026\/04\/27\/presidenta-sheinbaum-inauguro-tren-al-aeropuerto-felipe-angeles\/\" \/>\n<meta property=\"og:site_name\" content=\"Nativo Quer\u00e9taro\" \/>\n<meta property=\"article:published_time\" content=\"2026-04-27T14:58:48+00:00\" \/>\n<meta property=\"og:image\" content=\"https:\/\/nativoqueretaro.mx\/wp-content\/uploads\/2026\/04\/Inaugura-Sheinbaum-tren-al-AIFA-abril-2026-suburbano2-852x500-1.webp\" \/>\n\t<meta property=\"og:image:width\" content=\"852\" \/>\n\t<meta property=\"og:image:height\" content=\"500\" \/>\n\t<meta property=\"og:image:type\" content=\"image\/webp\" \/>\n<meta name=\"author\" content=\"NativoQro\" \/>\n<meta name=\"twitter:card\" content=\"summary_large_image\" \/>\n<meta name=\"twitter:label1\" content=\"Escrito por\" \/>\n\t<meta name=\"twitter:data1\" content=\"NativoQro\" \/>\n\t<meta name=\"twitter:label2\" content=\"Tiempo de lectura\" \/>\n\t<meta name=\"twitter:data2\" content=\"4 minutos\" \/>\n<script type=\"application\/ld+json\" class=\"yoast-schema-graph\">{\"@context\":\"https:\/\/schema.org\",\"@graph\":[{\"@type\":\"Article\",\"@id\":\"https:\/\/nativoqueretaro.mx\/index.php\/2026\/04\/27\/presidenta-sheinbaum-inauguro-tren-al-aeropuerto-felipe-angeles\/#article\",\"isPartOf\":{\"@id\":\"https:\/\/nativoqueretaro.mx\/index.php\/2026\/04\/27\/presidenta-sheinbaum-inauguro-tren-al-aeropuerto-felipe-angeles\/\"},\"author\":{\"name\":\"NativoQro\",\"@id\":\"https:\/\/nativoqueretaro.mx\/#\/schema\/person\/9cb2d9bff62be7a0a4a39066c9eac822\"},\"headline\":\"Presidenta Sheinbaum inaugur\u00f3 tren al Aeropuerto Felipe \u00c1ngeles\",\"datePublished\":\"2026-04-27T14:58:48+00:00\",\"mainEntityOfPage\":{\"@id\":\"https:\/\/nativoqueretaro.mx\/index.php\/2026\/04\/27\/presidenta-sheinbaum-inauguro-tren-al-aeropuerto-felipe-angeles\/\"},\"wordCount\":702,\"commentCount\":0,\"publisher\":{\"@id\":\"https:\/\/nativoqueretaro.mx\/#organization\"},\"image\":{\"@id\":\"https:\/\/nativoqueretaro.mx\/index.php\/2026\/04\/27\/presidenta-sheinbaum-inauguro-tren-al-aeropuerto-felipe-angeles\/#primaryimage\"},\"thumbnailUrl\":\"https:\/\/nativoqueretaro.mx\/wp-content\/uploads\/2026\/04\/Inaugura-Sheinbaum-tren-al-AIFA-abril-2026-suburbano2-852x500-1.webp\",\"articleSection\":[\"Nacional\"],\"inLanguage\":\"es\",\"potentialAction\":[{\"@type\":\"CommentAction\",\"name\":\"Comment\",\"target\":[\"https:\/\/nativoqueretaro.mx\/index.php\/2026\/04\/27\/presidenta-sheinbaum-inauguro-tren-al-aeropuerto-felipe-angeles\/#respond\"]}]},{\"@type\":\"WebPage\",\"@id\":\"https:\/\/nativoqueretaro.mx\/index.php\/2026\/04\/27\/presidenta-sheinbaum-inauguro-tren-al-aeropuerto-felipe-angeles\/\",\"url\":\"https:\/\/nativoqueretaro.mx\/index.php\/2026\/04\/27\/presidenta-sheinbaum-inauguro-tren-al-aeropuerto-felipe-angeles\/\",\"name\":\"Presidenta Sheinbaum inaugur\u00f3 tren al Aeropuerto Felipe \u00c1ngeles - Nativo Quer\u00e9taro\",\"isPartOf\":{\"@id\":\"https:\/\/nativoqueretaro.mx\/#website\"},\"primaryImageOfPage\":{\"@id\":\"https:\/\/nativoqueretaro.mx\/index.php\/2026\/04\/27\/presidenta-sheinbaum-inauguro-tren-al-aeropuerto-felipe-angeles\/#primaryimage\"},\"image\":{\"@id\":\"https:\/\/nativoqueretaro.mx\/index.php\/2026\/04\/27\/presidenta-sheinbaum-inauguro-tren-al-aeropuerto-felipe-angeles\/#primaryimage\"},\"thumbnailUrl\":\"https:\/\/nativoqueretaro.mx\/wp-content\/uploads\/2026\/04\/Inaugura-Sheinbaum-tren-al-AIFA-abril-2026-suburbano2-852x500-1.webp\",\"datePublished\":\"2026-04-27T14:58:48+00:00\",\"breadcrumb\":{\"@id\":\"https:\/\/nativoqueretaro.mx\/index.php\/2026\/04\/27\/presidenta-sheinbaum-inauguro-tren-al-aeropuerto-felipe-angeles\/#breadcrumb\"},\"inLanguage\":\"es\",\"potentialAction\":[{\"@type\":\"ReadAction\",\"target\":[\"https:\/\/nativoqueretaro.mx\/index.php\/2026\/04\/27\/presidenta-sheinbaum-inauguro-tren-al-aeropuerto-felipe-angeles\/\"]}]},{\"@type\":\"ImageObject\",\"inLanguage\":\"es\",\"@id\":\"https:\/\/nativoqueretaro.mx\/index.php\/2026\/04\/27\/presidenta-sheinbaum-inauguro-tren-al-aeropuerto-felipe-angeles\/#primaryimage\",\"url\":\"https:\/\/nativoqueretaro.mx\/wp-content\/uploads\/2026\/04\/Inaugura-Sheinbaum-tren-al-AIFA-abril-2026-suburbano2-852x500-1.webp\",\"contentUrl\":\"https:\/\/nativoqueretaro.mx\/wp-content\/uploads\/2026\/04\/Inaugura-Sheinbaum-tren-al-AIFA-abril-2026-suburbano2-852x500-1.webp\",\"width\":852,\"height\":500},{\"@type\":\"BreadcrumbList\",\"@id\":\"https:\/\/nativoqueretaro.mx\/index.php\/2026\/04\/27\/presidenta-sheinbaum-inauguro-tren-al-aeropuerto-felipe-angeles\/#breadcrumb\",\"itemListElement\":[{\"@type\":\"ListItem\",\"position\":1,\"name\":\"Home\",\"item\":\"https:\/\/nativoqueretaro.mx\/\"},{\"@type\":\"ListItem\",\"position\":2,\"name\":\"Presidenta Sheinbaum inaugur\u00f3 tren al Aeropuerto Felipe \u00c1ngeles\"}]},{\"@type\":\"WebSite\",\"@id\":\"https:\/\/nativoqueretaro.mx\/#website\",\"url\":\"https:\/\/nativoqueretaro.mx\/\",\"name\":\"Nativo Quer\u00e9taro\",\"description\":\"\",\"publisher\":{\"@id\":\"https:\/\/nativoqueretaro.mx\/#organization\"},\"potentialAction\":[{\"@type\":\"SearchAction\",\"target\":{\"@type\":\"EntryPoint\",\"urlTemplate\":\"https:\/\/nativoqueretaro.mx\/?s={search_term_string}\"},\"query-input\":{\"@type\":\"PropertyValueSpecification\",\"valueRequired\":true,\"valueName\":\"search_term_string\"}}],\"inLanguage\":\"es\"},{\"@type\":\"Organization\",\"@id\":\"https:\/\/nativoqueretaro.mx\/#organization\",\"name\":\"Nativo Quer\u00e9taro\",\"url\":\"https:\/\/nativoqueretaro.mx\/\",\"logo\":{\"@type\":\"ImageObject\",\"inLanguage\":\"es\",\"@id\":\"https:\/\/nativoqueretaro.mx\/#\/schema\/logo\/image\/\",\"url\":\"https:\/\/nativoqueretaro.mx\/wp-content\/uploads\/2025\/01\/NATIVO_QRO_white.svg\",\"contentUrl\":\"https:\/\/nativoqueretaro.mx\/wp-content\/uploads\/2025\/01\/NATIVO_QRO_white.svg\",\"caption\":\"Nativo Quer\u00e9taro\"},\"image\":{\"@id\":\"https:\/\/nativoqueretaro.mx\/#\/schema\/logo\/image\/\"}},{\"@type\":\"Person\",\"@id\":\"https:\/\/nativoqueretaro.mx\/#\/schema\/person\/9cb2d9bff62be7a0a4a39066c9eac822\",\"name\":\"NativoQro\",\"image\":{\"@type\":\"ImageObject\",\"inLanguage\":\"es\",\"@id\":\"https:\/\/nativoqueretaro.mx\/#\/schema\/person\/image\/\",\"url\":\"https:\/\/secure.gravatar.com\/avatar\/0574151f0584a2a8056a6d87f37cd6abc6c709a951c8e822eb1ab470a5022bc5?s=96&d=mm&r=g\",\"contentUrl\":\"https:\/\/secure.gravatar.com\/avatar\/0574151f0584a2a8056a6d87f37cd6abc6c709a951c8e822eb1ab470a5022bc5?s=96&d=mm&r=g\",\"caption\":\"NativoQro\"},\"url\":\"https:\/\/nativoqueretaro.mx\/index.php\/author\/nativoadmin\/\"}]}<\/script>\n<!-- \/ Yoast SEO plugin. -->","yoast_head_json":{"title":"Presidenta Sheinbaum inaugur\u00f3 tren al Aeropuerto Felipe \u00c1ngeles - Nativo Quer\u00e9taro","robots":{"index":"index","follow":"follow","max-snippet":"max-snippet:-1","max-image-preview":"max-image-preview:large","max-video-preview":"max-video-preview:-1"},"canonical":"https:\/\/nativoqueretaro.mx\/index.php\/2026\/04\/27\/presidenta-sheinbaum-inauguro-tren-al-aeropuerto-felipe-angeles\/","og_locale":"es_MX","og_type":"article","og_title":"Presidenta Sheinbaum inaugur\u00f3 tren al Aeropuerto Felipe \u00c1ngeles - Nativo Quer\u00e9taro","og_description":"Ciudad de M\u00e9xico, 27 de abril de 2026.- La presidenta Claudia Sheinbaum Pardo inaugur\u00f3 el Tren Felipe \u00c1ngeles, Buenavista-AIFA, que conecta al norte de la Ciudad de M\u00e9xico con el Aeropuerto Internacional Felipe \u00c1ngeles, en el Estado de M\u00e9xico, en menos de 60 minutos, al inicio de las operaciones, y posteriormente en 43 minutos. Se [&hellip;]","og_url":"https:\/\/nativoqueretaro.mx\/index.php\/2026\/04\/27\/presidenta-sheinbaum-inauguro-tren-al-aeropuerto-felipe-angeles\/","og_site_name":"Nativo Quer\u00e9taro","article_published_time":"2026-04-27T14:58:48+00:00","og_image":[{"width":852,"height":500,"url":"https:\/\/nativoqueretaro.mx\/wp-content\/uploads\/2026\/04\/Inaugura-Sheinbaum-tren-al-AIFA-abril-2026-suburbano2-852x500-1.webp","type":"image\/webp"}],"author":"NativoQro","twitter_card":"summary_large_image","twitter_misc":{"Escrito por":"NativoQro","Tiempo de lectura":"4 minutos"},"schema":{"@context":"https:\/\/schema.org","@graph":[{"@type":"Article","@id":"https:\/\/nativoqueretaro.mx\/index.php\/2026\/04\/27\/presidenta-sheinbaum-inauguro-tren-al-aeropuerto-felipe-angeles\/#article","isPartOf":{"@id":"https:\/\/nativoqueretaro.mx\/index.php\/2026\/04\/27\/presidenta-sheinbaum-inauguro-tren-al-aeropuerto-felipe-angeles\/"},"author":{"name":"NativoQro","@id":"https:\/\/nativoqueretaro.mx\/#\/schema\/person\/9cb2d9bff62be7a0a4a39066c9eac822"},"headline":"Presidenta Sheinbaum inaugur\u00f3 tren al Aeropuerto Felipe \u00c1ngeles","datePublished":"2026-04-27T14:58:48+00:00","mainEntityOfPage":{"@id":"https:\/\/nativoqueretaro.mx\/index.php\/2026\/04\/27\/presidenta-sheinbaum-inauguro-tren-al-aeropuerto-felipe-angeles\/"},"wordCount":702,"commentCount":0,"publisher":{"@id":"https:\/\/nativoqueretaro.mx\/#organization"},"image":{"@id":"https:\/\/nativoqueretaro.mx\/index.php\/2026\/04\/27\/presidenta-sheinbaum-inauguro-tren-al-aeropuerto-felipe-angeles\/#primaryimage"},"thumbnailUrl":"https:\/\/nativoqueretaro.mx\/wp-content\/uploads\/2026\/04\/Inaugura-Sheinbaum-tren-al-AIFA-abril-2026-suburbano2-852x500-1.webp","articleSection":["Nacional"],"inLanguage":"es","potentialAction":[{"@type":"CommentAction","name":"Comment","target":["https:\/\/nativoqueretaro.mx\/index.php\/2026\/04\/27\/presidenta-sheinbaum-inauguro-tren-al-aeropuerto-felipe-angeles\/#respond"]}]},{"@type":"WebPage","@id":"https:\/\/nativoqueretaro.mx\/index.php\/2026\/04\/27\/presidenta-sheinbaum-inauguro-tren-al-aeropuerto-felipe-angeles\/","url":"https:\/\/nativoqueretaro.mx\/index.php\/2026\/04\/27\/presidenta-sheinbaum-inauguro-tren-al-aeropuerto-felipe-angeles\/","name":"Presidenta Sheinbaum inaugur\u00f3 tren al Aeropuerto Felipe \u00c1ngeles - Nativo Quer\u00e9taro","isPartOf":{"@id":"https:\/\/nativoqueretaro.mx\/#website"},"primaryImageOfPage":{"@id":"https:\/\/nativoqueretaro.mx\/index.php\/2026\/04\/27\/presidenta-sheinbaum-inauguro-tren-al-aeropuerto-felipe-angeles\/#primaryimage"},"image":{"@id":"https:\/\/nativoqueretaro.mx\/index.php\/2026\/04\/27\/presidenta-sheinbaum-inauguro-tren-al-aeropuerto-felipe-angeles\/#primaryimage"},"thumbnailUrl":"https:\/\/nativoqueretaro.mx\/wp-content\/uploads\/2026\/04\/Inaugura-Sheinbaum-tren-al-AIFA-abril-2026-suburbano2-852x500-1.webp","datePublished":"2026-04-27T14:58:48+00:00","breadcrumb":{"@id":"https:\/\/nativoqueretaro.mx\/index.php\/2026\/04\/27\/presidenta-sheinbaum-inauguro-tren-al-aeropuerto-felipe-angeles\/#breadcrumb"},"inLanguage":"es","potentialAction":[{"@type":"ReadAction","target":["https:\/\/nativoqueretaro.mx\/index.php\/2026\/04\/27\/presidenta-sheinbaum-inauguro-tren-al-aeropuerto-felipe-angeles\/"]}]},{"@type":"ImageObject","inLanguage":"es","@id":"https:\/\/nativoqueretaro.mx\/index.php\/2026\/04\/27\/presidenta-sheinbaum-inauguro-tren-al-aeropuerto-felipe-angeles\/#primaryimage","url":"https:\/\/nativoqueretaro.mx\/wp-content\/uploads\/2026\/04\/Inaugura-Sheinbaum-tren-al-AIFA-abril-2026-suburbano2-852x500-1.webp","contentUrl":"https:\/\/nativoqueretaro.mx\/wp-content\/uploads\/2026\/04\/Inaugura-Sheinbaum-tren-al-AIFA-abril-2026-suburbano2-852x500-1.webp","width":852,"height":500},{"@type":"BreadcrumbList","@id":"https:\/\/nativoqueretaro.mx\/index.php\/2026\/04\/27\/presidenta-sheinbaum-inauguro-tren-al-aeropuerto-felipe-angeles\/#breadcrumb","itemListElement":[{"@type":"ListItem","position":1,"name":"Home","item":"https:\/\/nativoqueretaro.mx\/"},{"@type":"ListItem","position":2,"name":"Presidenta Sheinbaum inaugur\u00f3 tren al Aeropuerto Felipe \u00c1ngeles"}]},{"@type":"WebSite","@id":"https:\/\/nativoqueretaro.mx\/#website","url":"https:\/\/nativoqueretaro.mx\/","name":"Nativo Quer\u00e9taro","description":"","publisher":{"@id":"https:\/\/nativoqueretaro.mx\/#organization"},"potentialAction":[{"@type":"SearchAction","target":{"@type":"EntryPoint","urlTemplate":"https:\/\/nativoqueretaro.mx\/?s={search_term_string}"},"query-input":{"@type":"PropertyValueSpecification","valueRequired":true,"valueName":"search_term_string"}}],"inLanguage":"es"},{"@type":"Organization","@id":"https:\/\/nativoqueretaro.mx\/#organization","name":"Nativo Quer\u00e9taro","url":"https:\/\/nativoqueretaro.mx\/","logo":{"@type":"ImageObject","inLanguage":"es","@id":"https:\/\/nativoqueretaro.mx\/#\/schema\/logo\/image\/","url":"https:\/\/nativoqueretaro.mx\/wp-content\/uploads\/2025\/01\/NATIVO_QRO_white.svg","contentUrl":"https:\/\/nativoqueretaro.mx\/wp-content\/uploads\/2025\/01\/NATIVO_QRO_white.svg","caption":"Nativo Quer\u00e9taro"},"image":{"@id":"https:\/\/nativoqueretaro.mx\/#\/schema\/logo\/image\/"}},{"@type":"Person","@id":"https:\/\/nativoqueretaro.mx\/#\/schema\/person\/9cb2d9bff62be7a0a4a39066c9eac822","name":"NativoQro","image":{"@type":"ImageObject","inLanguage":"es","@id":"https:\/\/nativoqueretaro.mx\/#\/schema\/person\/image\/","url":"https:\/\/secure.gravatar.com\/avatar\/0574151f0584a2a8056a6d87f37cd6abc6c709a951c8e822eb1ab470a5022bc5?s=96&d=mm&r=g","contentUrl":"https:\/\/secure.gravatar.com\/avatar\/0574151f0584a2a8056a6d87f37cd6abc6c709a951c8e822eb1ab470a5022bc5?s=96&d=mm&r=g","caption":"NativoQro"},"url":"https:\/\/nativoqueretaro.mx\/index.php\/author\/nativoadmin\/"}]}},"_links":{"self":[{"href":"https:\/\/nativoqueretaro.mx\/index.php\/wp-json\/wp\/v2\/posts\/42060","targetHints":{"allow":["GET"]}}],"collection":[{"href":"https:\/\/nativoqueretaro.mx\/index.php\/wp-json\/wp\/v2\/posts"}],"about":[{"href":"https:\/\/nativoqueretaro.mx\/index.php\/wp-json\/wp\/v2\/types\/post"}],"author":[{"embeddable":true,"href":"https:\/\/nativoqueretaro.mx\/index.php\/wp-json\/wp\/v2\/users\/1"}],"replies":[{"embeddable":true,"href":"https:\/\/nativoqueretaro.mx\/index.php\/wp-json\/wp\/v2\/comments?post=42060"}],"version-history":[{"count":1,"href":"https:\/\/nativoqueretaro.mx\/index.php\/wp-json\/wp\/v2\/posts\/42060\/revisions"}],"predecessor-version":[{"id":42062,"href":"https:\/\/nativoqueretaro.mx\/index.php\/wp-json\/wp\/v2\/posts\/42060\/revisions\/42062"}],"wp:featuredmedia":[{"embeddable":true,"href":"https:\/\/nativoqueretaro.mx\/index.php\/wp-json\/wp\/v2\/media\/42061"}],"wp:attachment":[{"href":"https:\/\/nativoqueretaro.mx\/index.php\/wp-json\/wp\/v2\/media?parent=42060"}],"wp:term":[{"taxonomy":"category","embeddable":true,"href":"https:\/\/nativoqueretaro.mx\/index.php\/wp-json\/wp\/v2\/categories?post=42060"},{"taxonomy":"post_tag","embeddable":true,"href":"https:\/\/nativoqueretaro.mx\/index.php\/wp-json\/wp\/v2\/tags?post=42060"}],"curies":[{"name":"wp","href":"https:\/\/api.w.org\/{rel}","templated":true}]}}