{"id":41643,"date":"2026-03-17T18:48:33","date_gmt":"2026-03-17T18:48:33","guid":{"rendered":"https:\/\/nativoqueretaro.mx\/?p=41643"},"modified":"2026-03-17T18:48:33","modified_gmt":"2026-03-17T18:48:33","slug":"cae-globo-aerostatico-en-teotihuacan-con-saldo-de-dos-turistas-lesionados","status":"publish","type":"post","link":"https:\/\/nativoqueretaro.mx\/index.php\/2026\/03\/17\/cae-globo-aerostatico-en-teotihuacan-con-saldo-de-dos-turistas-lesionados\/","title":{"rendered":"Cae globo aerost\u00e1tico en Teotihuac\u00e1n con saldo de dos turistas lesionados"},"content":{"rendered":"<p>Quer\u00e9taro, Qro., 17 de marzo de 2026.- La ma\u00f1ana de este lunes se registr\u00f3 la ca\u00edda de un globo aerost\u00e1tico que realizaba un vuelo tur\u00edstico sobre el Valle de Teotihuac\u00e1n, en el Estado de M\u00e9xico, dejando como saldo dos turistas brit\u00e1nicos lesionados.<\/p>\n<p>El incidente ocurri\u00f3 cuando la aeronave roz\u00f3 cables de alta tensi\u00f3n cuando pretend\u00eda aterrizar en unos campos de f\u00fatbol, en la comunidad de San Lorenzo Tlalmimilolpan, lo que provoc\u00f3 una descarga el\u00e9ctrica y oblig\u00f3 al descenso abrupto del globo.<\/p>\n<p>Tras el impacto, dos turistas de nacionalidad brit\u00e1nica resultaron con lesiones y fueron atendidos por param\u00e9dicos en el lugar, para posteriormente ser trasladados a un hospital cercano, donde se reportaron fuera de peligro.<\/p>\n<p>Personal de Protecci\u00f3n Civil, polic\u00edas municipales y servicios de emergencia acudieron al sitio para asegurar la zona y brindar atenci\u00f3n a los pasajeros. Las autoridades tambi\u00e9n iniciaron una investigaci\u00f3n para determinar las condiciones en que se realizaba el vuelo y la posible responsabilidad del piloto.<\/p>\n<p>Con informaci\u00f3n de\u00a0<a href=\"https:\/\/www.jornada.com.mx\/noticia\/2026\/03\/16\/estados\/se-desploma-globo-aerostatico-que-sobrevolaba-teotihuacan-dos-lesionados\">La Jornada<\/a><\/p>\n","protected":false},"excerpt":{"rendered":"<p>Quer\u00e9taro, Qro., 17 de marzo de 2026.- La ma\u00f1ana de este lunes se registr\u00f3 la ca\u00edda de un globo aerost\u00e1tico que realizaba un vuelo tur\u00edstico sobre el Valle de Teotihuac\u00e1n, en el Estado de M\u00e9xico, dejando como saldo dos turistas brit\u00e1nicos lesionados. El incidente ocurri\u00f3 cuando la aeronave roz\u00f3 cables de alta tensi\u00f3n cuando pretend\u00eda [&hellip;]<\/p>\n","protected":false},"author":1,"featured_media":41644,"comment_status":"open","ping_status":"open","sticky":false,"template":"","format":"standard","meta":{"_acf_changed":false,"ocean_post_layout":"","ocean_both_sidebars_style":"","ocean_both_sidebars_content_width":0,"ocean_both_sidebars_sidebars_width":0,"ocean_sidebar":"0","ocean_second_sidebar":"0","ocean_disable_margins":"enable","ocean_add_body_class":"","ocean_shortcode_before_top_bar":"","ocean_shortcode_after_top_bar":"","ocean_shortcode_before_header":"","ocean_shortcode_after_header":"","ocean_has_shortcode":"","ocean_shortcode_after_title":"","ocean_shortcode_before_footer_widgets":"","ocean_shortcode_after_footer_widgets":"","ocean_shortcode_before_footer_bottom":"","ocean_shortcode_after_footer_bottom":"","ocean_display_top_bar":"default","ocean_display_header":"default","ocean_header_style":"","ocean_center_header_left_menu":"0","ocean_custom_header_template":"0","ocean_custom_logo":0,"ocean_custom_retina_logo":0,"ocean_custom_logo_max_width":0,"ocean_custom_logo_tablet_max_width":0,"ocean_custom_logo_mobile_max_width":0,"ocean_custom_logo_max_height":0,"ocean_custom_logo_tablet_max_height":0,"ocean_custom_logo_mobile_max_height":0,"ocean_header_custom_menu":"0","ocean_menu_typo_font_family":"0","ocean_menu_typo_font_subset":"","ocean_menu_typo_font_size":0,"ocean_menu_typo_font_size_tablet":0,"ocean_menu_typo_font_size_mobile":0,"ocean_menu_typo_font_size_unit":"px","ocean_menu_typo_font_weight":"","ocean_menu_typo_font_weight_tablet":"","ocean_menu_typo_font_weight_mobile":"","ocean_menu_typo_transform":"","ocean_menu_typo_transform_tablet":"","ocean_menu_typo_transform_mobile":"","ocean_menu_typo_line_height":0,"ocean_menu_typo_line_height_tablet":0,"ocean_menu_typo_line_height_mobile":0,"ocean_menu_typo_line_height_unit":"","ocean_menu_typo_spacing":0,"ocean_menu_typo_spacing_tablet":0,"ocean_menu_typo_spacing_mobile":0,"ocean_menu_typo_spacing_unit":"","ocean_menu_link_color":"","ocean_menu_link_color_hover":"","ocean_menu_link_color_active":"","ocean_menu_link_background":"","ocean_menu_link_hover_background":"","ocean_menu_link_active_background":"","ocean_menu_social_links_bg":"","ocean_menu_social_hover_links_bg":"","ocean_menu_social_links_color":"","ocean_menu_social_hover_links_color":"","ocean_disable_title":"default","ocean_disable_heading":"default","ocean_post_title":"","ocean_post_subheading":"","ocean_post_title_style":"","ocean_post_title_background_color":"","ocean_post_title_background":0,"ocean_post_title_bg_image_position":"","ocean_post_title_bg_image_attachment":"","ocean_post_title_bg_image_repeat":"","ocean_post_title_bg_image_size":"","ocean_post_title_height":0,"ocean_post_title_bg_overlay":0.5,"ocean_post_title_bg_overlay_color":"","ocean_disable_breadcrumbs":"default","ocean_breadcrumbs_color":"","ocean_breadcrumbs_separator_color":"","ocean_breadcrumbs_links_color":"","ocean_breadcrumbs_links_hover_color":"","ocean_display_footer_widgets":"default","ocean_display_footer_bottom":"default","ocean_custom_footer_template":"0","ocean_post_oembed":"","ocean_post_self_hosted_media":"","ocean_post_video_embed":"","ocean_link_format":"","ocean_link_format_target":"self","ocean_quote_format":"","ocean_quote_format_link":"post","ocean_gallery_link_images":"on","ocean_gallery_id":[],"footnotes":""},"categories":[7],"tags":[],"class_list":["post-41643","post","type-post","status-publish","format-standard","has-post-thumbnail","hentry","category-nacional","entry","has-media"],"acf":[],"yoast_head":"<!-- This site is optimized with the Yoast SEO plugin v24.7 - https:\/\/yoast.com\/wordpress\/plugins\/seo\/ -->\n<title>Cae globo aerost\u00e1tico en Teotihuac\u00e1n con saldo de dos turistas lesionados - Nativo Quer\u00e9taro<\/title>\n<meta name=\"robots\" content=\"index, follow, max-snippet:-1, max-image-preview:large, max-video-preview:-1\" \/>\n<link rel=\"canonical\" href=\"https:\/\/nativoqueretaro.mx\/index.php\/2026\/03\/17\/cae-globo-aerostatico-en-teotihuacan-con-saldo-de-dos-turistas-lesionados\/\" \/>\n<meta property=\"og:locale\" content=\"es_MX\" \/>\n<meta property=\"og:type\" content=\"article\" \/>\n<meta property=\"og:title\" content=\"Cae globo aerost\u00e1tico en Teotihuac\u00e1n con saldo de dos turistas lesionados - Nativo Quer\u00e9taro\" \/>\n<meta property=\"og:description\" content=\"Quer\u00e9taro, Qro., 17 de marzo de 2026.- La ma\u00f1ana de este lunes se registr\u00f3 la ca\u00edda de un globo aerost\u00e1tico que realizaba un vuelo tur\u00edstico sobre el Valle de Teotihuac\u00e1n, en el Estado de M\u00e9xico, dejando como saldo dos turistas brit\u00e1nicos lesionados. El incidente ocurri\u00f3 cuando la aeronave roz\u00f3 cables de alta tensi\u00f3n cuando pretend\u00eda [&hellip;]\" \/>\n<meta property=\"og:url\" content=\"https:\/\/nativoqueretaro.mx\/index.php\/2026\/03\/17\/cae-globo-aerostatico-en-teotihuacan-con-saldo-de-dos-turistas-lesionados\/\" \/>\n<meta property=\"og:site_name\" content=\"Nativo Quer\u00e9taro\" \/>\n<meta property=\"article:published_time\" content=\"2026-03-17T18:48:33+00:00\" \/>\n<meta property=\"og:image\" content=\"https:\/\/nativoqueretaro.mx\/wp-content\/uploads\/2026\/03\/Cae-globo-aurostatico.webp\" \/>\n\t<meta property=\"og:image:width\" content=\"852\" \/>\n\t<meta property=\"og:image:height\" content=\"500\" \/>\n\t<meta property=\"og:image:type\" content=\"image\/webp\" \/>\n<meta name=\"author\" content=\"NativoQro\" \/>\n<meta name=\"twitter:card\" content=\"summary_large_image\" \/>\n<meta name=\"twitter:label1\" content=\"Escrito por\" \/>\n\t<meta name=\"twitter:data1\" content=\"NativoQro\" \/>\n\t<meta name=\"twitter:label2\" content=\"Tiempo de lectura\" \/>\n\t<meta name=\"twitter:data2\" content=\"1 minuto\" \/>\n<script type=\"application\/ld+json\" class=\"yoast-schema-graph\">{\"@context\":\"https:\/\/schema.org\",\"@graph\":[{\"@type\":\"Article\",\"@id\":\"https:\/\/nativoqueretaro.mx\/index.php\/2026\/03\/17\/cae-globo-aerostatico-en-teotihuacan-con-saldo-de-dos-turistas-lesionados\/#article\",\"isPartOf\":{\"@id\":\"https:\/\/nativoqueretaro.mx\/index.php\/2026\/03\/17\/cae-globo-aerostatico-en-teotihuacan-con-saldo-de-dos-turistas-lesionados\/\"},\"author\":{\"name\":\"NativoQro\",\"@id\":\"https:\/\/nativoqueretaro.mx\/#\/schema\/person\/9cb2d9bff62be7a0a4a39066c9eac822\"},\"headline\":\"Cae globo aerost\u00e1tico en Teotihuac\u00e1n con saldo de dos turistas lesionados\",\"datePublished\":\"2026-03-17T18:48:33+00:00\",\"mainEntityOfPage\":{\"@id\":\"https:\/\/nativoqueretaro.mx\/index.php\/2026\/03\/17\/cae-globo-aerostatico-en-teotihuacan-con-saldo-de-dos-turistas-lesionados\/\"},\"wordCount\":196,\"commentCount\":0,\"publisher\":{\"@id\":\"https:\/\/nativoqueretaro.mx\/#organization\"},\"image\":{\"@id\":\"https:\/\/nativoqueretaro.mx\/index.php\/2026\/03\/17\/cae-globo-aerostatico-en-teotihuacan-con-saldo-de-dos-turistas-lesionados\/#primaryimage\"},\"thumbnailUrl\":\"https:\/\/nativoqueretaro.mx\/wp-content\/uploads\/2026\/03\/Cae-globo-aurostatico.webp\",\"articleSection\":[\"Nacional\"],\"inLanguage\":\"es\",\"potentialAction\":[{\"@type\":\"CommentAction\",\"name\":\"Comment\",\"target\":[\"https:\/\/nativoqueretaro.mx\/index.php\/2026\/03\/17\/cae-globo-aerostatico-en-teotihuacan-con-saldo-de-dos-turistas-lesionados\/#respond\"]}]},{\"@type\":\"WebPage\",\"@id\":\"https:\/\/nativoqueretaro.mx\/index.php\/2026\/03\/17\/cae-globo-aerostatico-en-teotihuacan-con-saldo-de-dos-turistas-lesionados\/\",\"url\":\"https:\/\/nativoqueretaro.mx\/index.php\/2026\/03\/17\/cae-globo-aerostatico-en-teotihuacan-con-saldo-de-dos-turistas-lesionados\/\",\"name\":\"Cae globo aerost\u00e1tico en Teotihuac\u00e1n con saldo de dos turistas lesionados - Nativo Quer\u00e9taro\",\"isPartOf\":{\"@id\":\"https:\/\/nativoqueretaro.mx\/#website\"},\"primaryImageOfPage\":{\"@id\":\"https:\/\/nativoqueretaro.mx\/index.php\/2026\/03\/17\/cae-globo-aerostatico-en-teotihuacan-con-saldo-de-dos-turistas-lesionados\/#primaryimage\"},\"image\":{\"@id\":\"https:\/\/nativoqueretaro.mx\/index.php\/2026\/03\/17\/cae-globo-aerostatico-en-teotihuacan-con-saldo-de-dos-turistas-lesionados\/#primaryimage\"},\"thumbnailUrl\":\"https:\/\/nativoqueretaro.mx\/wp-content\/uploads\/2026\/03\/Cae-globo-aurostatico.webp\",\"datePublished\":\"2026-03-17T18:48:33+00:00\",\"breadcrumb\":{\"@id\":\"https:\/\/nativoqueretaro.mx\/index.php\/2026\/03\/17\/cae-globo-aerostatico-en-teotihuacan-con-saldo-de-dos-turistas-lesionados\/#breadcrumb\"},\"inLanguage\":\"es\",\"potentialAction\":[{\"@type\":\"ReadAction\",\"target\":[\"https:\/\/nativoqueretaro.mx\/index.php\/2026\/03\/17\/cae-globo-aerostatico-en-teotihuacan-con-saldo-de-dos-turistas-lesionados\/\"]}]},{\"@type\":\"ImageObject\",\"inLanguage\":\"es\",\"@id\":\"https:\/\/nativoqueretaro.mx\/index.php\/2026\/03\/17\/cae-globo-aerostatico-en-teotihuacan-con-saldo-de-dos-turistas-lesionados\/#primaryimage\",\"url\":\"https:\/\/nativoqueretaro.mx\/wp-content\/uploads\/2026\/03\/Cae-globo-aurostatico.webp\",\"contentUrl\":\"https:\/\/nativoqueretaro.mx\/wp-content\/uploads\/2026\/03\/Cae-globo-aurostatico.webp\",\"width\":852,\"height\":500},{\"@type\":\"BreadcrumbList\",\"@id\":\"https:\/\/nativoqueretaro.mx\/index.php\/2026\/03\/17\/cae-globo-aerostatico-en-teotihuacan-con-saldo-de-dos-turistas-lesionados\/#breadcrumb\",\"itemListElement\":[{\"@type\":\"ListItem\",\"position\":1,\"name\":\"Home\",\"item\":\"https:\/\/nativoqueretaro.mx\/\"},{\"@type\":\"ListItem\",\"position\":2,\"name\":\"Cae globo aerost\u00e1tico en Teotihuac\u00e1n con saldo de dos turistas lesionados\"}]},{\"@type\":\"WebSite\",\"@id\":\"https:\/\/nativoqueretaro.mx\/#website\",\"url\":\"https:\/\/nativoqueretaro.mx\/\",\"name\":\"Nativo Quer\u00e9taro\",\"description\":\"\",\"publisher\":{\"@id\":\"https:\/\/nativoqueretaro.mx\/#organization\"},\"potentialAction\":[{\"@type\":\"SearchAction\",\"target\":{\"@type\":\"EntryPoint\",\"urlTemplate\":\"https:\/\/nativoqueretaro.mx\/?s={search_term_string}\"},\"query-input\":{\"@type\":\"PropertyValueSpecification\",\"valueRequired\":true,\"valueName\":\"search_term_string\"}}],\"inLanguage\":\"es\"},{\"@type\":\"Organization\",\"@id\":\"https:\/\/nativoqueretaro.mx\/#organization\",\"name\":\"Nativo Quer\u00e9taro\",\"url\":\"https:\/\/nativoqueretaro.mx\/\",\"logo\":{\"@type\":\"ImageObject\",\"inLanguage\":\"es\",\"@id\":\"https:\/\/nativoqueretaro.mx\/#\/schema\/logo\/image\/\",\"url\":\"https:\/\/nativoqueretaro.mx\/wp-content\/uploads\/2025\/01\/NATIVO_QRO_white.svg\",\"contentUrl\":\"https:\/\/nativoqueretaro.mx\/wp-content\/uploads\/2025\/01\/NATIVO_QRO_white.svg\",\"caption\":\"Nativo Quer\u00e9taro\"},\"image\":{\"@id\":\"https:\/\/nativoqueretaro.mx\/#\/schema\/logo\/image\/\"}},{\"@type\":\"Person\",\"@id\":\"https:\/\/nativoqueretaro.mx\/#\/schema\/person\/9cb2d9bff62be7a0a4a39066c9eac822\",\"name\":\"NativoQro\",\"image\":{\"@type\":\"ImageObject\",\"inLanguage\":\"es\",\"@id\":\"https:\/\/nativoqueretaro.mx\/#\/schema\/person\/image\/\",\"url\":\"https:\/\/secure.gravatar.com\/avatar\/0574151f0584a2a8056a6d87f37cd6abc6c709a951c8e822eb1ab470a5022bc5?s=96&d=mm&r=g\",\"contentUrl\":\"https:\/\/secure.gravatar.com\/avatar\/0574151f0584a2a8056a6d87f37cd6abc6c709a951c8e822eb1ab470a5022bc5?s=96&d=mm&r=g\",\"caption\":\"NativoQro\"},\"url\":\"https:\/\/nativoqueretaro.mx\/index.php\/author\/nativoadmin\/\"}]}<\/script>\n<!-- \/ Yoast SEO plugin. -->","yoast_head_json":{"title":"Cae globo aerost\u00e1tico en Teotihuac\u00e1n con saldo de dos turistas lesionados - Nativo Quer\u00e9taro","robots":{"index":"index","follow":"follow","max-snippet":"max-snippet:-1","max-image-preview":"max-image-preview:large","max-video-preview":"max-video-preview:-1"},"canonical":"https:\/\/nativoqueretaro.mx\/index.php\/2026\/03\/17\/cae-globo-aerostatico-en-teotihuacan-con-saldo-de-dos-turistas-lesionados\/","og_locale":"es_MX","og_type":"article","og_title":"Cae globo aerost\u00e1tico en Teotihuac\u00e1n con saldo de dos turistas lesionados - Nativo Quer\u00e9taro","og_description":"Quer\u00e9taro, Qro., 17 de marzo de 2026.- La ma\u00f1ana de este lunes se registr\u00f3 la ca\u00edda de un globo aerost\u00e1tico que realizaba un vuelo tur\u00edstico sobre el Valle de Teotihuac\u00e1n, en el Estado de M\u00e9xico, dejando como saldo dos turistas brit\u00e1nicos lesionados. El incidente ocurri\u00f3 cuando la aeronave roz\u00f3 cables de alta tensi\u00f3n cuando pretend\u00eda [&hellip;]","og_url":"https:\/\/nativoqueretaro.mx\/index.php\/2026\/03\/17\/cae-globo-aerostatico-en-teotihuacan-con-saldo-de-dos-turistas-lesionados\/","og_site_name":"Nativo Quer\u00e9taro","article_published_time":"2026-03-17T18:48:33+00:00","og_image":[{"width":852,"height":500,"url":"https:\/\/nativoqueretaro.mx\/wp-content\/uploads\/2026\/03\/Cae-globo-aurostatico.webp","type":"image\/webp"}],"author":"NativoQro","twitter_card":"summary_large_image","twitter_misc":{"Escrito por":"NativoQro","Tiempo de lectura":"1 minuto"},"schema":{"@context":"https:\/\/schema.org","@graph":[{"@type":"Article","@id":"https:\/\/nativoqueretaro.mx\/index.php\/2026\/03\/17\/cae-globo-aerostatico-en-teotihuacan-con-saldo-de-dos-turistas-lesionados\/#article","isPartOf":{"@id":"https:\/\/nativoqueretaro.mx\/index.php\/2026\/03\/17\/cae-globo-aerostatico-en-teotihuacan-con-saldo-de-dos-turistas-lesionados\/"},"author":{"name":"NativoQro","@id":"https:\/\/nativoqueretaro.mx\/#\/schema\/person\/9cb2d9bff62be7a0a4a39066c9eac822"},"headline":"Cae globo aerost\u00e1tico en Teotihuac\u00e1n con saldo de dos turistas lesionados","datePublished":"2026-03-17T18:48:33+00:00","mainEntityOfPage":{"@id":"https:\/\/nativoqueretaro.mx\/index.php\/2026\/03\/17\/cae-globo-aerostatico-en-teotihuacan-con-saldo-de-dos-turistas-lesionados\/"},"wordCount":196,"commentCount":0,"publisher":{"@id":"https:\/\/nativoqueretaro.mx\/#organization"},"image":{"@id":"https:\/\/nativoqueretaro.mx\/index.php\/2026\/03\/17\/cae-globo-aerostatico-en-teotihuacan-con-saldo-de-dos-turistas-lesionados\/#primaryimage"},"thumbnailUrl":"https:\/\/nativoqueretaro.mx\/wp-content\/uploads\/2026\/03\/Cae-globo-aurostatico.webp","articleSection":["Nacional"],"inLanguage":"es","potentialAction":[{"@type":"CommentAction","name":"Comment","target":["https:\/\/nativoqueretaro.mx\/index.php\/2026\/03\/17\/cae-globo-aerostatico-en-teotihuacan-con-saldo-de-dos-turistas-lesionados\/#respond"]}]},{"@type":"WebPage","@id":"https:\/\/nativoqueretaro.mx\/index.php\/2026\/03\/17\/cae-globo-aerostatico-en-teotihuacan-con-saldo-de-dos-turistas-lesionados\/","url":"https:\/\/nativoqueretaro.mx\/index.php\/2026\/03\/17\/cae-globo-aerostatico-en-teotihuacan-con-saldo-de-dos-turistas-lesionados\/","name":"Cae globo aerost\u00e1tico en Teotihuac\u00e1n con saldo de dos turistas lesionados - Nativo Quer\u00e9taro","isPartOf":{"@id":"https:\/\/nativoqueretaro.mx\/#website"},"primaryImageOfPage":{"@id":"https:\/\/nativoqueretaro.mx\/index.php\/2026\/03\/17\/cae-globo-aerostatico-en-teotihuacan-con-saldo-de-dos-turistas-lesionados\/#primaryimage"},"image":{"@id":"https:\/\/nativoqueretaro.mx\/index.php\/2026\/03\/17\/cae-globo-aerostatico-en-teotihuacan-con-saldo-de-dos-turistas-lesionados\/#primaryimage"},"thumbnailUrl":"https:\/\/nativoqueretaro.mx\/wp-content\/uploads\/2026\/03\/Cae-globo-aurostatico.webp","datePublished":"2026-03-17T18:48:33+00:00","breadcrumb":{"@id":"https:\/\/nativoqueretaro.mx\/index.php\/2026\/03\/17\/cae-globo-aerostatico-en-teotihuacan-con-saldo-de-dos-turistas-lesionados\/#breadcrumb"},"inLanguage":"es","potentialAction":[{"@type":"ReadAction","target":["https:\/\/nativoqueretaro.mx\/index.php\/2026\/03\/17\/cae-globo-aerostatico-en-teotihuacan-con-saldo-de-dos-turistas-lesionados\/"]}]},{"@type":"ImageObject","inLanguage":"es","@id":"https:\/\/nativoqueretaro.mx\/index.php\/2026\/03\/17\/cae-globo-aerostatico-en-teotihuacan-con-saldo-de-dos-turistas-lesionados\/#primaryimage","url":"https:\/\/nativoqueretaro.mx\/wp-content\/uploads\/2026\/03\/Cae-globo-aurostatico.webp","contentUrl":"https:\/\/nativoqueretaro.mx\/wp-content\/uploads\/2026\/03\/Cae-globo-aurostatico.webp","width":852,"height":500},{"@type":"BreadcrumbList","@id":"https:\/\/nativoqueretaro.mx\/index.php\/2026\/03\/17\/cae-globo-aerostatico-en-teotihuacan-con-saldo-de-dos-turistas-lesionados\/#breadcrumb","itemListElement":[{"@type":"ListItem","position":1,"name":"Home","item":"https:\/\/nativoqueretaro.mx\/"},{"@type":"ListItem","position":2,"name":"Cae globo aerost\u00e1tico en Teotihuac\u00e1n con saldo de dos turistas lesionados"}]},{"@type":"WebSite","@id":"https:\/\/nativoqueretaro.mx\/#website","url":"https:\/\/nativoqueretaro.mx\/","name":"Nativo Quer\u00e9taro","description":"","publisher":{"@id":"https:\/\/nativoqueretaro.mx\/#organization"},"potentialAction":[{"@type":"SearchAction","target":{"@type":"EntryPoint","urlTemplate":"https:\/\/nativoqueretaro.mx\/?s={search_term_string}"},"query-input":{"@type":"PropertyValueSpecification","valueRequired":true,"valueName":"search_term_string"}}],"inLanguage":"es"},{"@type":"Organization","@id":"https:\/\/nativoqueretaro.mx\/#organization","name":"Nativo Quer\u00e9taro","url":"https:\/\/nativoqueretaro.mx\/","logo":{"@type":"ImageObject","inLanguage":"es","@id":"https:\/\/nativoqueretaro.mx\/#\/schema\/logo\/image\/","url":"https:\/\/nativoqueretaro.mx\/wp-content\/uploads\/2025\/01\/NATIVO_QRO_white.svg","contentUrl":"https:\/\/nativoqueretaro.mx\/wp-content\/uploads\/2025\/01\/NATIVO_QRO_white.svg","caption":"Nativo Quer\u00e9taro"},"image":{"@id":"https:\/\/nativoqueretaro.mx\/#\/schema\/logo\/image\/"}},{"@type":"Person","@id":"https:\/\/nativoqueretaro.mx\/#\/schema\/person\/9cb2d9bff62be7a0a4a39066c9eac822","name":"NativoQro","image":{"@type":"ImageObject","inLanguage":"es","@id":"https:\/\/nativoqueretaro.mx\/#\/schema\/person\/image\/","url":"https:\/\/secure.gravatar.com\/avatar\/0574151f0584a2a8056a6d87f37cd6abc6c709a951c8e822eb1ab470a5022bc5?s=96&d=mm&r=g","contentUrl":"https:\/\/secure.gravatar.com\/avatar\/0574151f0584a2a8056a6d87f37cd6abc6c709a951c8e822eb1ab470a5022bc5?s=96&d=mm&r=g","caption":"NativoQro"},"url":"https:\/\/nativoqueretaro.mx\/index.php\/author\/nativoadmin\/"}]}},"_links":{"self":[{"href":"https:\/\/nativoqueretaro.mx\/index.php\/wp-json\/wp\/v2\/posts\/41643","targetHints":{"allow":["GET"]}}],"collection":[{"href":"https:\/\/nativoqueretaro.mx\/index.php\/wp-json\/wp\/v2\/posts"}],"about":[{"href":"https:\/\/nativoqueretaro.mx\/index.php\/wp-json\/wp\/v2\/types\/post"}],"author":[{"embeddable":true,"href":"https:\/\/nativoqueretaro.mx\/index.php\/wp-json\/wp\/v2\/users\/1"}],"replies":[{"embeddable":true,"href":"https:\/\/nativoqueretaro.mx\/index.php\/wp-json\/wp\/v2\/comments?post=41643"}],"version-history":[{"count":1,"href":"https:\/\/nativoqueretaro.mx\/index.php\/wp-json\/wp\/v2\/posts\/41643\/revisions"}],"predecessor-version":[{"id":41645,"href":"https:\/\/nativoqueretaro.mx\/index.php\/wp-json\/wp\/v2\/posts\/41643\/revisions\/41645"}],"wp:featuredmedia":[{"embeddable":true,"href":"https:\/\/nativoqueretaro.mx\/index.php\/wp-json\/wp\/v2\/media\/41644"}],"wp:attachment":[{"href":"https:\/\/nativoqueretaro.mx\/index.php\/wp-json\/wp\/v2\/media?parent=41643"}],"wp:term":[{"taxonomy":"category","embeddable":true,"href":"https:\/\/nativoqueretaro.mx\/index.php\/wp-json\/wp\/v2\/categories?post=41643"},{"taxonomy":"post_tag","embeddable":true,"href":"https:\/\/nativoqueretaro.mx\/index.php\/wp-json\/wp\/v2\/tags?post=41643"}],"curies":[{"name":"wp","href":"https:\/\/api.w.org\/{rel}","templated":true}]}}