{"id":41625,"date":"2026-03-15T20:05:23","date_gmt":"2026-03-15T20:05:23","guid":{"rendered":"https:\/\/nativoqueretaro.mx\/?p=41625"},"modified":"2026-03-15T20:05:23","modified_gmt":"2026-03-15T20:05:23","slug":"beneficia-gobierno-de-san-juan-del-rio-a-habitantes-con-programa-viernes-en-la-valla","status":"publish","type":"post","link":"https:\/\/nativoqueretaro.mx\/index.php\/2026\/03\/15\/beneficia-gobierno-de-san-juan-del-rio-a-habitantes-con-programa-viernes-en-la-valla\/","title":{"rendered":"Beneficia gobierno de San Juan del R\u00edo a habitantes con programa \u201cViernes en La Valla\u201d"},"content":{"rendered":"<p>Durante la segunda edici\u00f3n del Programa \u201cViernes en La Valla\u201d -que tambi\u00e9n representa la octava del esquema de jornadas de trabajo en comunidades que implementa el gobierno municipal de San Juan del R\u00edo, presidido por el alcalde Roberto Cabrera Valencia, se llevaron a cabo acciones en beneficio de la ciudadan\u00eda, tales como poda, deshierbe, identificaci\u00f3n individual de ganado, asesor\u00edas, entrega de apoyos, donaciones, rehabilitaci\u00f3n de espacios p\u00fablicos y reforestaci\u00f3n, entre otras.<\/p>\n<p>En esta edici\u00f3n -en la que tambi\u00e9n se brindaron m\u00e1s de 330 atenciones en mesas de servicio por parte de diferentes dependencias de la Administraci\u00f3n-, Roberto Cabrera e integrantes del Gabinete Municipal sostuvieron un encuentro con liderazgos de la comunidad, con el objetivo de fomentar la corresponsabilidad entre las y los ciudadanos y el gobierno, fortalecer el equipo y, de esta manera, tener una Mejor Comunidad, una Mejor Sociedad, un Mejor San Juan y fortalecer un Legado de Bien Com\u00fan.<\/p>\n<p>En esta ocasi\u00f3n, la Secretar\u00eda de Obras P\u00fablicas y Desarrollo Urbano, a trav\u00e9s de la Direcci\u00f3n de Obra Institucional, llev\u00f3 a cabo labores de pintura vial en las calles \u00c1lvaro Obreg\u00f3n, Emiliano Zapata y Alameda, pint\u00f3 22 reductores de velocidad y coloc\u00f3 tres se\u00f1al\u00e9ticas de cruce escolar. Por medio de la Direcci\u00f3n de Ecolog\u00eda, la misma dependencia recolect\u00f3 pl\u00e1stico, vidrio, metal, aluminio, electr\u00f3nicos y pilas; adem\u00e1s de realizar una reforestaci\u00f3n en el Colegio de Bachilleres del Estado de Quer\u00e9taro plantel 30 y en la entrada de la localidad.<\/p>\n<p>La Secretar\u00eda de Desarrollo Social, por su parte, llev\u00f3 talleres de lectoescritura, rehabilit\u00f3 las instalaciones de la cancha de basquetbol de La Loma-La Valla y entreg\u00f3 productos a bajo costo, as\u00ed como la donaci\u00f3n de jitomate. La Secretar\u00eda de Desarrollo Agropecuario implement\u00f3 acciones de identificaci\u00f3n individual de ganado, asesor\u00edas t\u00e9cnicas y brind\u00f3 informaci\u00f3n sobre la elaboraci\u00f3n de huertos en casa. En tanto, la Secretar\u00eda de Servicios P\u00fablicos Municipales deshierb\u00f3, pod\u00f3 y barri\u00f3 en distintos puntos de La Valla.<\/p>\n<p>En las mesas de servicio, donde se ofrecieron m\u00e1s de 330 atenciones, participaron el Sistema Municipal para el Desarrollo Integral de la Familia (DIF), la Junta de Agua Potable y Alcantarillado Municipal (JAPAM), Secretar\u00eda de la Mujer, Secretar\u00eda de Obras P\u00fablicas y Desarrollo Urbano, Secretar\u00eda de Desarrollo Social, Secretar\u00eda de Desarrollo Agropecuario, Secretar\u00eda de Seguridad P\u00fablica Municipal, Secretar\u00eda de Finanzas, la Coordinaci\u00f3n de Desarrollo Econ\u00f3mico y se puso en marcha una campa\u00f1a de salud visual.<\/p>\n","protected":false},"excerpt":{"rendered":"<p>Durante la segunda edici\u00f3n del Programa \u201cViernes en La Valla\u201d -que tambi\u00e9n representa la octava del esquema de jornadas de trabajo en comunidades que implementa el gobierno municipal de San Juan del R\u00edo, presidido por el alcalde Roberto Cabrera Valencia, se llevaron a cabo acciones en beneficio de la ciudadan\u00eda, tales como poda, deshierbe, identificaci\u00f3n [&hellip;]<\/p>\n","protected":false},"author":1,"featured_media":41626,"comment_status":"open","ping_status":"open","sticky":false,"template":"","format":"standard","meta":{"_acf_changed":false,"ocean_post_layout":"","ocean_both_sidebars_style":"","ocean_both_sidebars_content_width":0,"ocean_both_sidebars_sidebars_width":0,"ocean_sidebar":"0","ocean_second_sidebar":"0","ocean_disable_margins":"enable","ocean_add_body_class":"","ocean_shortcode_before_top_bar":"","ocean_shortcode_after_top_bar":"","ocean_shortcode_before_header":"","ocean_shortcode_after_header":"","ocean_has_shortcode":"","ocean_shortcode_after_title":"","ocean_shortcode_before_footer_widgets":"","ocean_shortcode_after_footer_widgets":"","ocean_shortcode_before_footer_bottom":"","ocean_shortcode_after_footer_bottom":"","ocean_display_top_bar":"default","ocean_display_header":"default","ocean_header_style":"","ocean_center_header_left_menu":"0","ocean_custom_header_template":"0","ocean_custom_logo":0,"ocean_custom_retina_logo":0,"ocean_custom_logo_max_width":0,"ocean_custom_logo_tablet_max_width":0,"ocean_custom_logo_mobile_max_width":0,"ocean_custom_logo_max_height":0,"ocean_custom_logo_tablet_max_height":0,"ocean_custom_logo_mobile_max_height":0,"ocean_header_custom_menu":"0","ocean_menu_typo_font_family":"0","ocean_menu_typo_font_subset":"","ocean_menu_typo_font_size":0,"ocean_menu_typo_font_size_tablet":0,"ocean_menu_typo_font_size_mobile":0,"ocean_menu_typo_font_size_unit":"px","ocean_menu_typo_font_weight":"","ocean_menu_typo_font_weight_tablet":"","ocean_menu_typo_font_weight_mobile":"","ocean_menu_typo_transform":"","ocean_menu_typo_transform_tablet":"","ocean_menu_typo_transform_mobile":"","ocean_menu_typo_line_height":0,"ocean_menu_typo_line_height_tablet":0,"ocean_menu_typo_line_height_mobile":0,"ocean_menu_typo_line_height_unit":"","ocean_menu_typo_spacing":0,"ocean_menu_typo_spacing_tablet":0,"ocean_menu_typo_spacing_mobile":0,"ocean_menu_typo_spacing_unit":"","ocean_menu_link_color":"","ocean_menu_link_color_hover":"","ocean_menu_link_color_active":"","ocean_menu_link_background":"","ocean_menu_link_hover_background":"","ocean_menu_link_active_background":"","ocean_menu_social_links_bg":"","ocean_menu_social_hover_links_bg":"","ocean_menu_social_links_color":"","ocean_menu_social_hover_links_color":"","ocean_disable_title":"default","ocean_disable_heading":"default","ocean_post_title":"","ocean_post_subheading":"","ocean_post_title_style":"","ocean_post_title_background_color":"","ocean_post_title_background":0,"ocean_post_title_bg_image_position":"","ocean_post_title_bg_image_attachment":"","ocean_post_title_bg_image_repeat":"","ocean_post_title_bg_image_size":"","ocean_post_title_height":0,"ocean_post_title_bg_overlay":0.5,"ocean_post_title_bg_overlay_color":"","ocean_disable_breadcrumbs":"default","ocean_breadcrumbs_color":"","ocean_breadcrumbs_separator_color":"","ocean_breadcrumbs_links_color":"","ocean_breadcrumbs_links_hover_color":"","ocean_display_footer_widgets":"default","ocean_display_footer_bottom":"default","ocean_custom_footer_template":"0","ocean_post_oembed":"","ocean_post_self_hosted_media":"","ocean_post_video_embed":"","ocean_link_format":"","ocean_link_format_target":"self","ocean_quote_format":"","ocean_quote_format_link":"post","ocean_gallery_link_images":"on","ocean_gallery_id":[],"footnotes":""},"categories":[5],"tags":[],"class_list":["post-41625","post","type-post","status-publish","format-standard","has-post-thumbnail","hentry","category-san-juan-del-rio","entry","has-media"],"acf":[],"yoast_head":"<!-- This site is optimized with the Yoast SEO plugin v24.7 - https:\/\/yoast.com\/wordpress\/plugins\/seo\/ -->\n<title>Beneficia gobierno de San Juan del R\u00edo a habitantes con programa \u201cViernes en La Valla\u201d - Nativo Quer\u00e9taro<\/title>\n<meta name=\"robots\" content=\"index, follow, max-snippet:-1, max-image-preview:large, max-video-preview:-1\" \/>\n<link rel=\"canonical\" href=\"https:\/\/nativoqueretaro.mx\/index.php\/2026\/03\/15\/beneficia-gobierno-de-san-juan-del-rio-a-habitantes-con-programa-viernes-en-la-valla\/\" \/>\n<meta property=\"og:locale\" content=\"es_MX\" \/>\n<meta property=\"og:type\" content=\"article\" \/>\n<meta property=\"og:title\" content=\"Beneficia gobierno de San Juan del R\u00edo a habitantes con programa \u201cViernes en La Valla\u201d - Nativo Quer\u00e9taro\" \/>\n<meta property=\"og:description\" content=\"Durante la segunda edici\u00f3n del Programa \u201cViernes en La Valla\u201d -que tambi\u00e9n representa la octava del esquema de jornadas de trabajo en comunidades que implementa el gobierno municipal de San Juan del R\u00edo, presidido por el alcalde Roberto Cabrera Valencia, se llevaron a cabo acciones en beneficio de la ciudadan\u00eda, tales como poda, deshierbe, identificaci\u00f3n [&hellip;]\" \/>\n<meta property=\"og:url\" content=\"https:\/\/nativoqueretaro.mx\/index.php\/2026\/03\/15\/beneficia-gobierno-de-san-juan-del-rio-a-habitantes-con-programa-viernes-en-la-valla\/\" \/>\n<meta property=\"og:site_name\" content=\"Nativo Quer\u00e9taro\" \/>\n<meta property=\"article:published_time\" content=\"2026-03-15T20:05:23+00:00\" \/>\n<meta property=\"og:image\" content=\"https:\/\/nativoqueretaro.mx\/wp-content\/uploads\/2026\/03\/WhatsApp-Image-2026-03-13-at-6.01.12-PM-1-852x500-1.webp\" \/>\n\t<meta property=\"og:image:width\" content=\"852\" \/>\n\t<meta property=\"og:image:height\" content=\"500\" \/>\n\t<meta property=\"og:image:type\" content=\"image\/webp\" \/>\n<meta name=\"author\" content=\"NativoQro\" \/>\n<meta name=\"twitter:card\" content=\"summary_large_image\" \/>\n<meta name=\"twitter:label1\" content=\"Escrito por\" \/>\n\t<meta name=\"twitter:data1\" content=\"NativoQro\" \/>\n\t<meta name=\"twitter:label2\" content=\"Tiempo de lectura\" \/>\n\t<meta name=\"twitter:data2\" content=\"2 minutos\" \/>\n<script type=\"application\/ld+json\" class=\"yoast-schema-graph\">{\"@context\":\"https:\/\/schema.org\",\"@graph\":[{\"@type\":\"Article\",\"@id\":\"https:\/\/nativoqueretaro.mx\/index.php\/2026\/03\/15\/beneficia-gobierno-de-san-juan-del-rio-a-habitantes-con-programa-viernes-en-la-valla\/#article\",\"isPartOf\":{\"@id\":\"https:\/\/nativoqueretaro.mx\/index.php\/2026\/03\/15\/beneficia-gobierno-de-san-juan-del-rio-a-habitantes-con-programa-viernes-en-la-valla\/\"},\"author\":{\"name\":\"NativoQro\",\"@id\":\"https:\/\/nativoqueretaro.mx\/#\/schema\/person\/9cb2d9bff62be7a0a4a39066c9eac822\"},\"headline\":\"Beneficia gobierno de San Juan del R\u00edo a habitantes con programa \u201cViernes en La Valla\u201d\",\"datePublished\":\"2026-03-15T20:05:23+00:00\",\"mainEntityOfPage\":{\"@id\":\"https:\/\/nativoqueretaro.mx\/index.php\/2026\/03\/15\/beneficia-gobierno-de-san-juan-del-rio-a-habitantes-con-programa-viernes-en-la-valla\/\"},\"wordCount\":455,\"commentCount\":0,\"publisher\":{\"@id\":\"https:\/\/nativoqueretaro.mx\/#organization\"},\"image\":{\"@id\":\"https:\/\/nativoqueretaro.mx\/index.php\/2026\/03\/15\/beneficia-gobierno-de-san-juan-del-rio-a-habitantes-con-programa-viernes-en-la-valla\/#primaryimage\"},\"thumbnailUrl\":\"https:\/\/nativoqueretaro.mx\/wp-content\/uploads\/2026\/03\/WhatsApp-Image-2026-03-13-at-6.01.12-PM-1-852x500-1.webp\",\"articleSection\":[\"San Juan del R\u00edo\"],\"inLanguage\":\"es\",\"potentialAction\":[{\"@type\":\"CommentAction\",\"name\":\"Comment\",\"target\":[\"https:\/\/nativoqueretaro.mx\/index.php\/2026\/03\/15\/beneficia-gobierno-de-san-juan-del-rio-a-habitantes-con-programa-viernes-en-la-valla\/#respond\"]}]},{\"@type\":\"WebPage\",\"@id\":\"https:\/\/nativoqueretaro.mx\/index.php\/2026\/03\/15\/beneficia-gobierno-de-san-juan-del-rio-a-habitantes-con-programa-viernes-en-la-valla\/\",\"url\":\"https:\/\/nativoqueretaro.mx\/index.php\/2026\/03\/15\/beneficia-gobierno-de-san-juan-del-rio-a-habitantes-con-programa-viernes-en-la-valla\/\",\"name\":\"Beneficia gobierno de San Juan del R\u00edo a habitantes con programa \u201cViernes en La Valla\u201d - Nativo Quer\u00e9taro\",\"isPartOf\":{\"@id\":\"https:\/\/nativoqueretaro.mx\/#website\"},\"primaryImageOfPage\":{\"@id\":\"https:\/\/nativoqueretaro.mx\/index.php\/2026\/03\/15\/beneficia-gobierno-de-san-juan-del-rio-a-habitantes-con-programa-viernes-en-la-valla\/#primaryimage\"},\"image\":{\"@id\":\"https:\/\/nativoqueretaro.mx\/index.php\/2026\/03\/15\/beneficia-gobierno-de-san-juan-del-rio-a-habitantes-con-programa-viernes-en-la-valla\/#primaryimage\"},\"thumbnailUrl\":\"https:\/\/nativoqueretaro.mx\/wp-content\/uploads\/2026\/03\/WhatsApp-Image-2026-03-13-at-6.01.12-PM-1-852x500-1.webp\",\"datePublished\":\"2026-03-15T20:05:23+00:00\",\"breadcrumb\":{\"@id\":\"https:\/\/nativoqueretaro.mx\/index.php\/2026\/03\/15\/beneficia-gobierno-de-san-juan-del-rio-a-habitantes-con-programa-viernes-en-la-valla\/#breadcrumb\"},\"inLanguage\":\"es\",\"potentialAction\":[{\"@type\":\"ReadAction\",\"target\":[\"https:\/\/nativoqueretaro.mx\/index.php\/2026\/03\/15\/beneficia-gobierno-de-san-juan-del-rio-a-habitantes-con-programa-viernes-en-la-valla\/\"]}]},{\"@type\":\"ImageObject\",\"inLanguage\":\"es\",\"@id\":\"https:\/\/nativoqueretaro.mx\/index.php\/2026\/03\/15\/beneficia-gobierno-de-san-juan-del-rio-a-habitantes-con-programa-viernes-en-la-valla\/#primaryimage\",\"url\":\"https:\/\/nativoqueretaro.mx\/wp-content\/uploads\/2026\/03\/WhatsApp-Image-2026-03-13-at-6.01.12-PM-1-852x500-1.webp\",\"contentUrl\":\"https:\/\/nativoqueretaro.mx\/wp-content\/uploads\/2026\/03\/WhatsApp-Image-2026-03-13-at-6.01.12-PM-1-852x500-1.webp\",\"width\":852,\"height\":500},{\"@type\":\"BreadcrumbList\",\"@id\":\"https:\/\/nativoqueretaro.mx\/index.php\/2026\/03\/15\/beneficia-gobierno-de-san-juan-del-rio-a-habitantes-con-programa-viernes-en-la-valla\/#breadcrumb\",\"itemListElement\":[{\"@type\":\"ListItem\",\"position\":1,\"name\":\"Home\",\"item\":\"https:\/\/nativoqueretaro.mx\/\"},{\"@type\":\"ListItem\",\"position\":2,\"name\":\"Beneficia gobierno de San Juan del R\u00edo a habitantes con programa \u201cViernes en La Valla\u201d\"}]},{\"@type\":\"WebSite\",\"@id\":\"https:\/\/nativoqueretaro.mx\/#website\",\"url\":\"https:\/\/nativoqueretaro.mx\/\",\"name\":\"Nativo Quer\u00e9taro\",\"description\":\"\",\"publisher\":{\"@id\":\"https:\/\/nativoqueretaro.mx\/#organization\"},\"potentialAction\":[{\"@type\":\"SearchAction\",\"target\":{\"@type\":\"EntryPoint\",\"urlTemplate\":\"https:\/\/nativoqueretaro.mx\/?s={search_term_string}\"},\"query-input\":{\"@type\":\"PropertyValueSpecification\",\"valueRequired\":true,\"valueName\":\"search_term_string\"}}],\"inLanguage\":\"es\"},{\"@type\":\"Organization\",\"@id\":\"https:\/\/nativoqueretaro.mx\/#organization\",\"name\":\"Nativo Quer\u00e9taro\",\"url\":\"https:\/\/nativoqueretaro.mx\/\",\"logo\":{\"@type\":\"ImageObject\",\"inLanguage\":\"es\",\"@id\":\"https:\/\/nativoqueretaro.mx\/#\/schema\/logo\/image\/\",\"url\":\"https:\/\/nativoqueretaro.mx\/wp-content\/uploads\/2025\/01\/NATIVO_QRO_white.svg\",\"contentUrl\":\"https:\/\/nativoqueretaro.mx\/wp-content\/uploads\/2025\/01\/NATIVO_QRO_white.svg\",\"caption\":\"Nativo Quer\u00e9taro\"},\"image\":{\"@id\":\"https:\/\/nativoqueretaro.mx\/#\/schema\/logo\/image\/\"}},{\"@type\":\"Person\",\"@id\":\"https:\/\/nativoqueretaro.mx\/#\/schema\/person\/9cb2d9bff62be7a0a4a39066c9eac822\",\"name\":\"NativoQro\",\"image\":{\"@type\":\"ImageObject\",\"inLanguage\":\"es\",\"@id\":\"https:\/\/nativoqueretaro.mx\/#\/schema\/person\/image\/\",\"url\":\"https:\/\/secure.gravatar.com\/avatar\/0574151f0584a2a8056a6d87f37cd6abc6c709a951c8e822eb1ab470a5022bc5?s=96&d=mm&r=g\",\"contentUrl\":\"https:\/\/secure.gravatar.com\/avatar\/0574151f0584a2a8056a6d87f37cd6abc6c709a951c8e822eb1ab470a5022bc5?s=96&d=mm&r=g\",\"caption\":\"NativoQro\"},\"url\":\"https:\/\/nativoqueretaro.mx\/index.php\/author\/nativoadmin\/\"}]}<\/script>\n<!-- \/ Yoast SEO plugin. -->","yoast_head_json":{"title":"Beneficia gobierno de San Juan del R\u00edo a habitantes con programa \u201cViernes en La Valla\u201d - Nativo Quer\u00e9taro","robots":{"index":"index","follow":"follow","max-snippet":"max-snippet:-1","max-image-preview":"max-image-preview:large","max-video-preview":"max-video-preview:-1"},"canonical":"https:\/\/nativoqueretaro.mx\/index.php\/2026\/03\/15\/beneficia-gobierno-de-san-juan-del-rio-a-habitantes-con-programa-viernes-en-la-valla\/","og_locale":"es_MX","og_type":"article","og_title":"Beneficia gobierno de San Juan del R\u00edo a habitantes con programa \u201cViernes en La Valla\u201d - Nativo Quer\u00e9taro","og_description":"Durante la segunda edici\u00f3n del Programa \u201cViernes en La Valla\u201d -que tambi\u00e9n representa la octava del esquema de jornadas de trabajo en comunidades que implementa el gobierno municipal de San Juan del R\u00edo, presidido por el alcalde Roberto Cabrera Valencia, se llevaron a cabo acciones en beneficio de la ciudadan\u00eda, tales como poda, deshierbe, identificaci\u00f3n [&hellip;]","og_url":"https:\/\/nativoqueretaro.mx\/index.php\/2026\/03\/15\/beneficia-gobierno-de-san-juan-del-rio-a-habitantes-con-programa-viernes-en-la-valla\/","og_site_name":"Nativo Quer\u00e9taro","article_published_time":"2026-03-15T20:05:23+00:00","og_image":[{"width":852,"height":500,"url":"https:\/\/nativoqueretaro.mx\/wp-content\/uploads\/2026\/03\/WhatsApp-Image-2026-03-13-at-6.01.12-PM-1-852x500-1.webp","type":"image\/webp"}],"author":"NativoQro","twitter_card":"summary_large_image","twitter_misc":{"Escrito por":"NativoQro","Tiempo de lectura":"2 minutos"},"schema":{"@context":"https:\/\/schema.org","@graph":[{"@type":"Article","@id":"https:\/\/nativoqueretaro.mx\/index.php\/2026\/03\/15\/beneficia-gobierno-de-san-juan-del-rio-a-habitantes-con-programa-viernes-en-la-valla\/#article","isPartOf":{"@id":"https:\/\/nativoqueretaro.mx\/index.php\/2026\/03\/15\/beneficia-gobierno-de-san-juan-del-rio-a-habitantes-con-programa-viernes-en-la-valla\/"},"author":{"name":"NativoQro","@id":"https:\/\/nativoqueretaro.mx\/#\/schema\/person\/9cb2d9bff62be7a0a4a39066c9eac822"},"headline":"Beneficia gobierno de San Juan del R\u00edo a habitantes con programa \u201cViernes en La Valla\u201d","datePublished":"2026-03-15T20:05:23+00:00","mainEntityOfPage":{"@id":"https:\/\/nativoqueretaro.mx\/index.php\/2026\/03\/15\/beneficia-gobierno-de-san-juan-del-rio-a-habitantes-con-programa-viernes-en-la-valla\/"},"wordCount":455,"commentCount":0,"publisher":{"@id":"https:\/\/nativoqueretaro.mx\/#organization"},"image":{"@id":"https:\/\/nativoqueretaro.mx\/index.php\/2026\/03\/15\/beneficia-gobierno-de-san-juan-del-rio-a-habitantes-con-programa-viernes-en-la-valla\/#primaryimage"},"thumbnailUrl":"https:\/\/nativoqueretaro.mx\/wp-content\/uploads\/2026\/03\/WhatsApp-Image-2026-03-13-at-6.01.12-PM-1-852x500-1.webp","articleSection":["San Juan del R\u00edo"],"inLanguage":"es","potentialAction":[{"@type":"CommentAction","name":"Comment","target":["https:\/\/nativoqueretaro.mx\/index.php\/2026\/03\/15\/beneficia-gobierno-de-san-juan-del-rio-a-habitantes-con-programa-viernes-en-la-valla\/#respond"]}]},{"@type":"WebPage","@id":"https:\/\/nativoqueretaro.mx\/index.php\/2026\/03\/15\/beneficia-gobierno-de-san-juan-del-rio-a-habitantes-con-programa-viernes-en-la-valla\/","url":"https:\/\/nativoqueretaro.mx\/index.php\/2026\/03\/15\/beneficia-gobierno-de-san-juan-del-rio-a-habitantes-con-programa-viernes-en-la-valla\/","name":"Beneficia gobierno de San Juan del R\u00edo a habitantes con programa \u201cViernes en La Valla\u201d - Nativo Quer\u00e9taro","isPartOf":{"@id":"https:\/\/nativoqueretaro.mx\/#website"},"primaryImageOfPage":{"@id":"https:\/\/nativoqueretaro.mx\/index.php\/2026\/03\/15\/beneficia-gobierno-de-san-juan-del-rio-a-habitantes-con-programa-viernes-en-la-valla\/#primaryimage"},"image":{"@id":"https:\/\/nativoqueretaro.mx\/index.php\/2026\/03\/15\/beneficia-gobierno-de-san-juan-del-rio-a-habitantes-con-programa-viernes-en-la-valla\/#primaryimage"},"thumbnailUrl":"https:\/\/nativoqueretaro.mx\/wp-content\/uploads\/2026\/03\/WhatsApp-Image-2026-03-13-at-6.01.12-PM-1-852x500-1.webp","datePublished":"2026-03-15T20:05:23+00:00","breadcrumb":{"@id":"https:\/\/nativoqueretaro.mx\/index.php\/2026\/03\/15\/beneficia-gobierno-de-san-juan-del-rio-a-habitantes-con-programa-viernes-en-la-valla\/#breadcrumb"},"inLanguage":"es","potentialAction":[{"@type":"ReadAction","target":["https:\/\/nativoqueretaro.mx\/index.php\/2026\/03\/15\/beneficia-gobierno-de-san-juan-del-rio-a-habitantes-con-programa-viernes-en-la-valla\/"]}]},{"@type":"ImageObject","inLanguage":"es","@id":"https:\/\/nativoqueretaro.mx\/index.php\/2026\/03\/15\/beneficia-gobierno-de-san-juan-del-rio-a-habitantes-con-programa-viernes-en-la-valla\/#primaryimage","url":"https:\/\/nativoqueretaro.mx\/wp-content\/uploads\/2026\/03\/WhatsApp-Image-2026-03-13-at-6.01.12-PM-1-852x500-1.webp","contentUrl":"https:\/\/nativoqueretaro.mx\/wp-content\/uploads\/2026\/03\/WhatsApp-Image-2026-03-13-at-6.01.12-PM-1-852x500-1.webp","width":852,"height":500},{"@type":"BreadcrumbList","@id":"https:\/\/nativoqueretaro.mx\/index.php\/2026\/03\/15\/beneficia-gobierno-de-san-juan-del-rio-a-habitantes-con-programa-viernes-en-la-valla\/#breadcrumb","itemListElement":[{"@type":"ListItem","position":1,"name":"Home","item":"https:\/\/nativoqueretaro.mx\/"},{"@type":"ListItem","position":2,"name":"Beneficia gobierno de San Juan del R\u00edo a habitantes con programa \u201cViernes en La Valla\u201d"}]},{"@type":"WebSite","@id":"https:\/\/nativoqueretaro.mx\/#website","url":"https:\/\/nativoqueretaro.mx\/","name":"Nativo Quer\u00e9taro","description":"","publisher":{"@id":"https:\/\/nativoqueretaro.mx\/#organization"},"potentialAction":[{"@type":"SearchAction","target":{"@type":"EntryPoint","urlTemplate":"https:\/\/nativoqueretaro.mx\/?s={search_term_string}"},"query-input":{"@type":"PropertyValueSpecification","valueRequired":true,"valueName":"search_term_string"}}],"inLanguage":"es"},{"@type":"Organization","@id":"https:\/\/nativoqueretaro.mx\/#organization","name":"Nativo Quer\u00e9taro","url":"https:\/\/nativoqueretaro.mx\/","logo":{"@type":"ImageObject","inLanguage":"es","@id":"https:\/\/nativoqueretaro.mx\/#\/schema\/logo\/image\/","url":"https:\/\/nativoqueretaro.mx\/wp-content\/uploads\/2025\/01\/NATIVO_QRO_white.svg","contentUrl":"https:\/\/nativoqueretaro.mx\/wp-content\/uploads\/2025\/01\/NATIVO_QRO_white.svg","caption":"Nativo Quer\u00e9taro"},"image":{"@id":"https:\/\/nativoqueretaro.mx\/#\/schema\/logo\/image\/"}},{"@type":"Person","@id":"https:\/\/nativoqueretaro.mx\/#\/schema\/person\/9cb2d9bff62be7a0a4a39066c9eac822","name":"NativoQro","image":{"@type":"ImageObject","inLanguage":"es","@id":"https:\/\/nativoqueretaro.mx\/#\/schema\/person\/image\/","url":"https:\/\/secure.gravatar.com\/avatar\/0574151f0584a2a8056a6d87f37cd6abc6c709a951c8e822eb1ab470a5022bc5?s=96&d=mm&r=g","contentUrl":"https:\/\/secure.gravatar.com\/avatar\/0574151f0584a2a8056a6d87f37cd6abc6c709a951c8e822eb1ab470a5022bc5?s=96&d=mm&r=g","caption":"NativoQro"},"url":"https:\/\/nativoqueretaro.mx\/index.php\/author\/nativoadmin\/"}]}},"_links":{"self":[{"href":"https:\/\/nativoqueretaro.mx\/index.php\/wp-json\/wp\/v2\/posts\/41625","targetHints":{"allow":["GET"]}}],"collection":[{"href":"https:\/\/nativoqueretaro.mx\/index.php\/wp-json\/wp\/v2\/posts"}],"about":[{"href":"https:\/\/nativoqueretaro.mx\/index.php\/wp-json\/wp\/v2\/types\/post"}],"author":[{"embeddable":true,"href":"https:\/\/nativoqueretaro.mx\/index.php\/wp-json\/wp\/v2\/users\/1"}],"replies":[{"embeddable":true,"href":"https:\/\/nativoqueretaro.mx\/index.php\/wp-json\/wp\/v2\/comments?post=41625"}],"version-history":[{"count":1,"href":"https:\/\/nativoqueretaro.mx\/index.php\/wp-json\/wp\/v2\/posts\/41625\/revisions"}],"predecessor-version":[{"id":41627,"href":"https:\/\/nativoqueretaro.mx\/index.php\/wp-json\/wp\/v2\/posts\/41625\/revisions\/41627"}],"wp:featuredmedia":[{"embeddable":true,"href":"https:\/\/nativoqueretaro.mx\/index.php\/wp-json\/wp\/v2\/media\/41626"}],"wp:attachment":[{"href":"https:\/\/nativoqueretaro.mx\/index.php\/wp-json\/wp\/v2\/media?parent=41625"}],"wp:term":[{"taxonomy":"category","embeddable":true,"href":"https:\/\/nativoqueretaro.mx\/index.php\/wp-json\/wp\/v2\/categories?post=41625"},{"taxonomy":"post_tag","embeddable":true,"href":"https:\/\/nativoqueretaro.mx\/index.php\/wp-json\/wp\/v2\/tags?post=41625"}],"curies":[{"name":"wp","href":"https:\/\/api.w.org\/{rel}","templated":true}]}}