{"id":41609,"date":"2026-03-13T18:44:33","date_gmt":"2026-03-13T18:44:33","guid":{"rendered":"https:\/\/nativoqueretaro.mx\/?p=41609"},"modified":"2026-03-13T18:48:17","modified_gmt":"2026-03-13T18:48:17","slug":"enviara-presidenta-claudia-sheinbaum-plan-b-de-la-reforma-electoral","status":"publish","type":"post","link":"https:\/\/nativoqueretaro.mx\/index.php\/2026\/03\/13\/enviara-presidenta-claudia-sheinbaum-plan-b-de-la-reforma-electoral\/","title":{"rendered":"Enviar\u00e1 presidenta Claudia Sheinbaum Plan B de la reforma electoral"},"content":{"rendered":"<p>Ciudad de M\u00e9xico, 13 de marzo de 2026.- La presidenta de M\u00e9xico, Claudia Sheinbaum Pardo, inform\u00f3 que el pr\u00f3ximo lunes 16 de marzo enviar\u00e1 el Plan B de la iniciativa de Reforma electoral que consiste en disminuir los privilegios en Congresos locales y en municipios, destinar un tope m\u00e1ximo de los recursos que se les destinan, as\u00ed como fortalecer la consulta popular.<\/p>\n<p>\u201cEsencialmente, Plan B: disminuir los privilegios y fortalecer la decisi\u00f3n de la gente, la participaci\u00f3n popular. Nosotros tenemos un mandato y una convicci\u00f3n y un principio: a nosotros no se nos olvida de d\u00f3nde vinimos. Pero, adem\u00e1s, si algo ha demostrado la Cuarta Transformaci\u00f3n es que la honestidad da resultados, que la austeridad republicana da resultados, que acabar con los privilegios da resultados. Entonces, vamos a avanzar, vamos a avanzar todos los partidos (\u2026) Entonces, no se nos olvide cu\u00e1l es el objetivo de la Transformaci\u00f3n: erradicar el r\u00e9gimen de corrupci\u00f3n y privilegios. Y vamos avanzando. Hemos avanzado mucho y todav\u00eda nos falta\u201d, asegur\u00f3 en la conferencia matutina \u201cLas ma\u00f1aneras del pueblo\u201d.<\/p>\n<p>Este cambio, detall\u00f3 la Jefa del Ejecutivo Federal, generar\u00eda un ahorro aproximado de 4 mil millones de pesos (mdp) que se destinar\u00e1 directamente a los estados y municipios.<\/p>\n<p>Adem\u00e1s, detall\u00f3 que al enviar la primera iniciativa de la Reforma Electoral cumpli\u00f3 con el compromiso que hizo con las mexicanas y mexicanos, ya que durante a\u00f1os el objetivo fue acabar con el r\u00e9gimen de corrupci\u00f3n y privilegios, en este caso de los partidos pol\u00edticos y de las instituciones electorales, porque al pueblo de M\u00e9xico le parece excesiva la cantidad de recursos p\u00fablicos que se le destinan a los partidos pol\u00edticos, en un pa\u00eds de grandes necesidades.<\/p>\n<p>\u201cCumpl\u00ed con la gente y eso para m\u00ed es de principios. Yo me compromet\u00ed a que iba a enviar una reforma que tuviera que ver con lo que ped\u00eda la gente y yo cumpl\u00ed primero, y segundo, pues es muy importante ver qui\u00e9n vot\u00f3 porque disminuyan los privilegios\u201d, agreg\u00f3.<\/p>\n<p>&nbsp;<\/p>\n","protected":false},"excerpt":{"rendered":"<p>Ciudad de M\u00e9xico, 13 de marzo de 2026.- La presidenta de M\u00e9xico, Claudia Sheinbaum Pardo, inform\u00f3 que el pr\u00f3ximo lunes 16 de marzo enviar\u00e1 el Plan B de la iniciativa de Reforma electoral que consiste en disminuir los privilegios en Congresos locales y en municipios, destinar un tope m\u00e1ximo de los recursos que se les [&hellip;]<\/p>\n","protected":false},"author":1,"featured_media":41610,"comment_status":"open","ping_status":"open","sticky":false,"template":"","format":"standard","meta":{"_acf_changed":false,"ocean_post_layout":"","ocean_both_sidebars_style":"","ocean_both_sidebars_content_width":0,"ocean_both_sidebars_sidebars_width":0,"ocean_sidebar":"0","ocean_second_sidebar":"0","ocean_disable_margins":"enable","ocean_add_body_class":"","ocean_shortcode_before_top_bar":"","ocean_shortcode_after_top_bar":"","ocean_shortcode_before_header":"","ocean_shortcode_after_header":"","ocean_has_shortcode":"","ocean_shortcode_after_title":"","ocean_shortcode_before_footer_widgets":"","ocean_shortcode_after_footer_widgets":"","ocean_shortcode_before_footer_bottom":"","ocean_shortcode_after_footer_bottom":"","ocean_display_top_bar":"default","ocean_display_header":"default","ocean_header_style":"","ocean_center_header_left_menu":"0","ocean_custom_header_template":"0","ocean_custom_logo":0,"ocean_custom_retina_logo":0,"ocean_custom_logo_max_width":0,"ocean_custom_logo_tablet_max_width":0,"ocean_custom_logo_mobile_max_width":0,"ocean_custom_logo_max_height":0,"ocean_custom_logo_tablet_max_height":0,"ocean_custom_logo_mobile_max_height":0,"ocean_header_custom_menu":"0","ocean_menu_typo_font_family":"0","ocean_menu_typo_font_subset":"","ocean_menu_typo_font_size":0,"ocean_menu_typo_font_size_tablet":0,"ocean_menu_typo_font_size_mobile":0,"ocean_menu_typo_font_size_unit":"px","ocean_menu_typo_font_weight":"","ocean_menu_typo_font_weight_tablet":"","ocean_menu_typo_font_weight_mobile":"","ocean_menu_typo_transform":"","ocean_menu_typo_transform_tablet":"","ocean_menu_typo_transform_mobile":"","ocean_menu_typo_line_height":0,"ocean_menu_typo_line_height_tablet":0,"ocean_menu_typo_line_height_mobile":0,"ocean_menu_typo_line_height_unit":"","ocean_menu_typo_spacing":0,"ocean_menu_typo_spacing_tablet":0,"ocean_menu_typo_spacing_mobile":0,"ocean_menu_typo_spacing_unit":"","ocean_menu_link_color":"","ocean_menu_link_color_hover":"","ocean_menu_link_color_active":"","ocean_menu_link_background":"","ocean_menu_link_hover_background":"","ocean_menu_link_active_background":"","ocean_menu_social_links_bg":"","ocean_menu_social_hover_links_bg":"","ocean_menu_social_links_color":"","ocean_menu_social_hover_links_color":"","ocean_disable_title":"default","ocean_disable_heading":"default","ocean_post_title":"","ocean_post_subheading":"","ocean_post_title_style":"","ocean_post_title_background_color":"","ocean_post_title_background":0,"ocean_post_title_bg_image_position":"","ocean_post_title_bg_image_attachment":"","ocean_post_title_bg_image_repeat":"","ocean_post_title_bg_image_size":"","ocean_post_title_height":0,"ocean_post_title_bg_overlay":0.5,"ocean_post_title_bg_overlay_color":"","ocean_disable_breadcrumbs":"default","ocean_breadcrumbs_color":"","ocean_breadcrumbs_separator_color":"","ocean_breadcrumbs_links_color":"","ocean_breadcrumbs_links_hover_color":"","ocean_display_footer_widgets":"default","ocean_display_footer_bottom":"default","ocean_custom_footer_template":"0","ocean_post_oembed":"","ocean_post_self_hosted_media":"","ocean_post_video_embed":"","ocean_link_format":"","ocean_link_format_target":"self","ocean_quote_format":"","ocean_quote_format_link":"post","ocean_gallery_link_images":"on","ocean_gallery_id":[],"footnotes":""},"categories":[7],"tags":[],"class_list":["post-41609","post","type-post","status-publish","format-standard","has-post-thumbnail","hentry","category-nacional","entry","has-media"],"acf":[],"yoast_head":"<!-- This site is optimized with the Yoast SEO plugin v24.7 - https:\/\/yoast.com\/wordpress\/plugins\/seo\/ -->\n<title>Enviar\u00e1 presidenta Claudia Sheinbaum Plan B de la reforma electoral - Nativo Quer\u00e9taro<\/title>\n<meta name=\"robots\" content=\"index, follow, max-snippet:-1, max-image-preview:large, max-video-preview:-1\" \/>\n<link rel=\"canonical\" href=\"https:\/\/nativoqueretaro.mx\/index.php\/2026\/03\/13\/enviara-presidenta-claudia-sheinbaum-plan-b-de-la-reforma-electoral\/\" \/>\n<meta property=\"og:locale\" content=\"es_MX\" \/>\n<meta property=\"og:type\" content=\"article\" \/>\n<meta property=\"og:title\" content=\"Enviar\u00e1 presidenta Claudia Sheinbaum Plan B de la reforma electoral - Nativo Quer\u00e9taro\" \/>\n<meta property=\"og:description\" content=\"Ciudad de M\u00e9xico, 13 de marzo de 2026.- La presidenta de M\u00e9xico, Claudia Sheinbaum Pardo, inform\u00f3 que el pr\u00f3ximo lunes 16 de marzo enviar\u00e1 el Plan B de la iniciativa de Reforma electoral que consiste en disminuir los privilegios en Congresos locales y en municipios, destinar un tope m\u00e1ximo de los recursos que se les [&hellip;]\" \/>\n<meta property=\"og:url\" content=\"https:\/\/nativoqueretaro.mx\/index.php\/2026\/03\/13\/enviara-presidenta-claudia-sheinbaum-plan-b-de-la-reforma-electoral\/\" \/>\n<meta property=\"og:site_name\" content=\"Nativo Quer\u00e9taro\" \/>\n<meta property=\"article:published_time\" content=\"2026-03-13T18:44:33+00:00\" \/>\n<meta property=\"article:modified_time\" content=\"2026-03-13T18:48:17+00:00\" \/>\n<meta property=\"og:image\" content=\"https:\/\/nativoqueretaro.mx\/wp-content\/uploads\/2026\/03\/Enviara-presidenta-plan-b-reforma.webp\" \/>\n\t<meta property=\"og:image:width\" content=\"852\" \/>\n\t<meta property=\"og:image:height\" content=\"500\" \/>\n\t<meta property=\"og:image:type\" content=\"image\/webp\" \/>\n<meta name=\"author\" content=\"NativoQro\" \/>\n<meta name=\"twitter:card\" content=\"summary_large_image\" \/>\n<meta name=\"twitter:label1\" content=\"Escrito por\" \/>\n\t<meta name=\"twitter:data1\" content=\"NativoQro\" \/>\n\t<meta name=\"twitter:label2\" content=\"Tiempo de lectura\" \/>\n\t<meta name=\"twitter:data2\" content=\"2 minutos\" \/>\n<script type=\"application\/ld+json\" class=\"yoast-schema-graph\">{\"@context\":\"https:\/\/schema.org\",\"@graph\":[{\"@type\":\"Article\",\"@id\":\"https:\/\/nativoqueretaro.mx\/index.php\/2026\/03\/13\/enviara-presidenta-claudia-sheinbaum-plan-b-de-la-reforma-electoral\/#article\",\"isPartOf\":{\"@id\":\"https:\/\/nativoqueretaro.mx\/index.php\/2026\/03\/13\/enviara-presidenta-claudia-sheinbaum-plan-b-de-la-reforma-electoral\/\"},\"author\":{\"name\":\"NativoQro\",\"@id\":\"https:\/\/nativoqueretaro.mx\/#\/schema\/person\/9cb2d9bff62be7a0a4a39066c9eac822\"},\"headline\":\"Enviar\u00e1 presidenta Claudia Sheinbaum Plan B de la reforma electoral\",\"datePublished\":\"2026-03-13T18:44:33+00:00\",\"dateModified\":\"2026-03-13T18:48:17+00:00\",\"mainEntityOfPage\":{\"@id\":\"https:\/\/nativoqueretaro.mx\/index.php\/2026\/03\/13\/enviara-presidenta-claudia-sheinbaum-plan-b-de-la-reforma-electoral\/\"},\"wordCount\":363,\"commentCount\":0,\"publisher\":{\"@id\":\"https:\/\/nativoqueretaro.mx\/#organization\"},\"image\":{\"@id\":\"https:\/\/nativoqueretaro.mx\/index.php\/2026\/03\/13\/enviara-presidenta-claudia-sheinbaum-plan-b-de-la-reforma-electoral\/#primaryimage\"},\"thumbnailUrl\":\"https:\/\/nativoqueretaro.mx\/wp-content\/uploads\/2026\/03\/Enviara-presidenta-plan-b-reforma.webp\",\"articleSection\":[\"Nacional\"],\"inLanguage\":\"es\",\"potentialAction\":[{\"@type\":\"CommentAction\",\"name\":\"Comment\",\"target\":[\"https:\/\/nativoqueretaro.mx\/index.php\/2026\/03\/13\/enviara-presidenta-claudia-sheinbaum-plan-b-de-la-reforma-electoral\/#respond\"]}]},{\"@type\":\"WebPage\",\"@id\":\"https:\/\/nativoqueretaro.mx\/index.php\/2026\/03\/13\/enviara-presidenta-claudia-sheinbaum-plan-b-de-la-reforma-electoral\/\",\"url\":\"https:\/\/nativoqueretaro.mx\/index.php\/2026\/03\/13\/enviara-presidenta-claudia-sheinbaum-plan-b-de-la-reforma-electoral\/\",\"name\":\"Enviar\u00e1 presidenta Claudia Sheinbaum Plan B de la reforma electoral - Nativo Quer\u00e9taro\",\"isPartOf\":{\"@id\":\"https:\/\/nativoqueretaro.mx\/#website\"},\"primaryImageOfPage\":{\"@id\":\"https:\/\/nativoqueretaro.mx\/index.php\/2026\/03\/13\/enviara-presidenta-claudia-sheinbaum-plan-b-de-la-reforma-electoral\/#primaryimage\"},\"image\":{\"@id\":\"https:\/\/nativoqueretaro.mx\/index.php\/2026\/03\/13\/enviara-presidenta-claudia-sheinbaum-plan-b-de-la-reforma-electoral\/#primaryimage\"},\"thumbnailUrl\":\"https:\/\/nativoqueretaro.mx\/wp-content\/uploads\/2026\/03\/Enviara-presidenta-plan-b-reforma.webp\",\"datePublished\":\"2026-03-13T18:44:33+00:00\",\"dateModified\":\"2026-03-13T18:48:17+00:00\",\"breadcrumb\":{\"@id\":\"https:\/\/nativoqueretaro.mx\/index.php\/2026\/03\/13\/enviara-presidenta-claudia-sheinbaum-plan-b-de-la-reforma-electoral\/#breadcrumb\"},\"inLanguage\":\"es\",\"potentialAction\":[{\"@type\":\"ReadAction\",\"target\":[\"https:\/\/nativoqueretaro.mx\/index.php\/2026\/03\/13\/enviara-presidenta-claudia-sheinbaum-plan-b-de-la-reforma-electoral\/\"]}]},{\"@type\":\"ImageObject\",\"inLanguage\":\"es\",\"@id\":\"https:\/\/nativoqueretaro.mx\/index.php\/2026\/03\/13\/enviara-presidenta-claudia-sheinbaum-plan-b-de-la-reforma-electoral\/#primaryimage\",\"url\":\"https:\/\/nativoqueretaro.mx\/wp-content\/uploads\/2026\/03\/Enviara-presidenta-plan-b-reforma.webp\",\"contentUrl\":\"https:\/\/nativoqueretaro.mx\/wp-content\/uploads\/2026\/03\/Enviara-presidenta-plan-b-reforma.webp\",\"width\":852,\"height\":500},{\"@type\":\"BreadcrumbList\",\"@id\":\"https:\/\/nativoqueretaro.mx\/index.php\/2026\/03\/13\/enviara-presidenta-claudia-sheinbaum-plan-b-de-la-reforma-electoral\/#breadcrumb\",\"itemListElement\":[{\"@type\":\"ListItem\",\"position\":1,\"name\":\"Home\",\"item\":\"https:\/\/nativoqueretaro.mx\/\"},{\"@type\":\"ListItem\",\"position\":2,\"name\":\"Enviar\u00e1 presidenta Claudia Sheinbaum Plan B de la reforma electoral\"}]},{\"@type\":\"WebSite\",\"@id\":\"https:\/\/nativoqueretaro.mx\/#website\",\"url\":\"https:\/\/nativoqueretaro.mx\/\",\"name\":\"Nativo Quer\u00e9taro\",\"description\":\"\",\"publisher\":{\"@id\":\"https:\/\/nativoqueretaro.mx\/#organization\"},\"potentialAction\":[{\"@type\":\"SearchAction\",\"target\":{\"@type\":\"EntryPoint\",\"urlTemplate\":\"https:\/\/nativoqueretaro.mx\/?s={search_term_string}\"},\"query-input\":{\"@type\":\"PropertyValueSpecification\",\"valueRequired\":true,\"valueName\":\"search_term_string\"}}],\"inLanguage\":\"es\"},{\"@type\":\"Organization\",\"@id\":\"https:\/\/nativoqueretaro.mx\/#organization\",\"name\":\"Nativo Quer\u00e9taro\",\"url\":\"https:\/\/nativoqueretaro.mx\/\",\"logo\":{\"@type\":\"ImageObject\",\"inLanguage\":\"es\",\"@id\":\"https:\/\/nativoqueretaro.mx\/#\/schema\/logo\/image\/\",\"url\":\"https:\/\/nativoqueretaro.mx\/wp-content\/uploads\/2025\/01\/NATIVO_QRO_white.svg\",\"contentUrl\":\"https:\/\/nativoqueretaro.mx\/wp-content\/uploads\/2025\/01\/NATIVO_QRO_white.svg\",\"caption\":\"Nativo Quer\u00e9taro\"},\"image\":{\"@id\":\"https:\/\/nativoqueretaro.mx\/#\/schema\/logo\/image\/\"}},{\"@type\":\"Person\",\"@id\":\"https:\/\/nativoqueretaro.mx\/#\/schema\/person\/9cb2d9bff62be7a0a4a39066c9eac822\",\"name\":\"NativoQro\",\"image\":{\"@type\":\"ImageObject\",\"inLanguage\":\"es\",\"@id\":\"https:\/\/nativoqueretaro.mx\/#\/schema\/person\/image\/\",\"url\":\"https:\/\/secure.gravatar.com\/avatar\/0574151f0584a2a8056a6d87f37cd6abc6c709a951c8e822eb1ab470a5022bc5?s=96&d=mm&r=g\",\"contentUrl\":\"https:\/\/secure.gravatar.com\/avatar\/0574151f0584a2a8056a6d87f37cd6abc6c709a951c8e822eb1ab470a5022bc5?s=96&d=mm&r=g\",\"caption\":\"NativoQro\"},\"url\":\"https:\/\/nativoqueretaro.mx\/index.php\/author\/nativoadmin\/\"}]}<\/script>\n<!-- \/ Yoast SEO plugin. -->","yoast_head_json":{"title":"Enviar\u00e1 presidenta Claudia Sheinbaum Plan B de la reforma electoral - Nativo Quer\u00e9taro","robots":{"index":"index","follow":"follow","max-snippet":"max-snippet:-1","max-image-preview":"max-image-preview:large","max-video-preview":"max-video-preview:-1"},"canonical":"https:\/\/nativoqueretaro.mx\/index.php\/2026\/03\/13\/enviara-presidenta-claudia-sheinbaum-plan-b-de-la-reforma-electoral\/","og_locale":"es_MX","og_type":"article","og_title":"Enviar\u00e1 presidenta Claudia Sheinbaum Plan B de la reforma electoral - Nativo Quer\u00e9taro","og_description":"Ciudad de M\u00e9xico, 13 de marzo de 2026.- La presidenta de M\u00e9xico, Claudia Sheinbaum Pardo, inform\u00f3 que el pr\u00f3ximo lunes 16 de marzo enviar\u00e1 el Plan B de la iniciativa de Reforma electoral que consiste en disminuir los privilegios en Congresos locales y en municipios, destinar un tope m\u00e1ximo de los recursos que se les [&hellip;]","og_url":"https:\/\/nativoqueretaro.mx\/index.php\/2026\/03\/13\/enviara-presidenta-claudia-sheinbaum-plan-b-de-la-reforma-electoral\/","og_site_name":"Nativo Quer\u00e9taro","article_published_time":"2026-03-13T18:44:33+00:00","article_modified_time":"2026-03-13T18:48:17+00:00","og_image":[{"width":852,"height":500,"url":"https:\/\/nativoqueretaro.mx\/wp-content\/uploads\/2026\/03\/Enviara-presidenta-plan-b-reforma.webp","type":"image\/webp"}],"author":"NativoQro","twitter_card":"summary_large_image","twitter_misc":{"Escrito por":"NativoQro","Tiempo de lectura":"2 minutos"},"schema":{"@context":"https:\/\/schema.org","@graph":[{"@type":"Article","@id":"https:\/\/nativoqueretaro.mx\/index.php\/2026\/03\/13\/enviara-presidenta-claudia-sheinbaum-plan-b-de-la-reforma-electoral\/#article","isPartOf":{"@id":"https:\/\/nativoqueretaro.mx\/index.php\/2026\/03\/13\/enviara-presidenta-claudia-sheinbaum-plan-b-de-la-reforma-electoral\/"},"author":{"name":"NativoQro","@id":"https:\/\/nativoqueretaro.mx\/#\/schema\/person\/9cb2d9bff62be7a0a4a39066c9eac822"},"headline":"Enviar\u00e1 presidenta Claudia Sheinbaum Plan B de la reforma electoral","datePublished":"2026-03-13T18:44:33+00:00","dateModified":"2026-03-13T18:48:17+00:00","mainEntityOfPage":{"@id":"https:\/\/nativoqueretaro.mx\/index.php\/2026\/03\/13\/enviara-presidenta-claudia-sheinbaum-plan-b-de-la-reforma-electoral\/"},"wordCount":363,"commentCount":0,"publisher":{"@id":"https:\/\/nativoqueretaro.mx\/#organization"},"image":{"@id":"https:\/\/nativoqueretaro.mx\/index.php\/2026\/03\/13\/enviara-presidenta-claudia-sheinbaum-plan-b-de-la-reforma-electoral\/#primaryimage"},"thumbnailUrl":"https:\/\/nativoqueretaro.mx\/wp-content\/uploads\/2026\/03\/Enviara-presidenta-plan-b-reforma.webp","articleSection":["Nacional"],"inLanguage":"es","potentialAction":[{"@type":"CommentAction","name":"Comment","target":["https:\/\/nativoqueretaro.mx\/index.php\/2026\/03\/13\/enviara-presidenta-claudia-sheinbaum-plan-b-de-la-reforma-electoral\/#respond"]}]},{"@type":"WebPage","@id":"https:\/\/nativoqueretaro.mx\/index.php\/2026\/03\/13\/enviara-presidenta-claudia-sheinbaum-plan-b-de-la-reforma-electoral\/","url":"https:\/\/nativoqueretaro.mx\/index.php\/2026\/03\/13\/enviara-presidenta-claudia-sheinbaum-plan-b-de-la-reforma-electoral\/","name":"Enviar\u00e1 presidenta Claudia Sheinbaum Plan B de la reforma electoral - Nativo Quer\u00e9taro","isPartOf":{"@id":"https:\/\/nativoqueretaro.mx\/#website"},"primaryImageOfPage":{"@id":"https:\/\/nativoqueretaro.mx\/index.php\/2026\/03\/13\/enviara-presidenta-claudia-sheinbaum-plan-b-de-la-reforma-electoral\/#primaryimage"},"image":{"@id":"https:\/\/nativoqueretaro.mx\/index.php\/2026\/03\/13\/enviara-presidenta-claudia-sheinbaum-plan-b-de-la-reforma-electoral\/#primaryimage"},"thumbnailUrl":"https:\/\/nativoqueretaro.mx\/wp-content\/uploads\/2026\/03\/Enviara-presidenta-plan-b-reforma.webp","datePublished":"2026-03-13T18:44:33+00:00","dateModified":"2026-03-13T18:48:17+00:00","breadcrumb":{"@id":"https:\/\/nativoqueretaro.mx\/index.php\/2026\/03\/13\/enviara-presidenta-claudia-sheinbaum-plan-b-de-la-reforma-electoral\/#breadcrumb"},"inLanguage":"es","potentialAction":[{"@type":"ReadAction","target":["https:\/\/nativoqueretaro.mx\/index.php\/2026\/03\/13\/enviara-presidenta-claudia-sheinbaum-plan-b-de-la-reforma-electoral\/"]}]},{"@type":"ImageObject","inLanguage":"es","@id":"https:\/\/nativoqueretaro.mx\/index.php\/2026\/03\/13\/enviara-presidenta-claudia-sheinbaum-plan-b-de-la-reforma-electoral\/#primaryimage","url":"https:\/\/nativoqueretaro.mx\/wp-content\/uploads\/2026\/03\/Enviara-presidenta-plan-b-reforma.webp","contentUrl":"https:\/\/nativoqueretaro.mx\/wp-content\/uploads\/2026\/03\/Enviara-presidenta-plan-b-reforma.webp","width":852,"height":500},{"@type":"BreadcrumbList","@id":"https:\/\/nativoqueretaro.mx\/index.php\/2026\/03\/13\/enviara-presidenta-claudia-sheinbaum-plan-b-de-la-reforma-electoral\/#breadcrumb","itemListElement":[{"@type":"ListItem","position":1,"name":"Home","item":"https:\/\/nativoqueretaro.mx\/"},{"@type":"ListItem","position":2,"name":"Enviar\u00e1 presidenta Claudia Sheinbaum Plan B de la reforma electoral"}]},{"@type":"WebSite","@id":"https:\/\/nativoqueretaro.mx\/#website","url":"https:\/\/nativoqueretaro.mx\/","name":"Nativo Quer\u00e9taro","description":"","publisher":{"@id":"https:\/\/nativoqueretaro.mx\/#organization"},"potentialAction":[{"@type":"SearchAction","target":{"@type":"EntryPoint","urlTemplate":"https:\/\/nativoqueretaro.mx\/?s={search_term_string}"},"query-input":{"@type":"PropertyValueSpecification","valueRequired":true,"valueName":"search_term_string"}}],"inLanguage":"es"},{"@type":"Organization","@id":"https:\/\/nativoqueretaro.mx\/#organization","name":"Nativo Quer\u00e9taro","url":"https:\/\/nativoqueretaro.mx\/","logo":{"@type":"ImageObject","inLanguage":"es","@id":"https:\/\/nativoqueretaro.mx\/#\/schema\/logo\/image\/","url":"https:\/\/nativoqueretaro.mx\/wp-content\/uploads\/2025\/01\/NATIVO_QRO_white.svg","contentUrl":"https:\/\/nativoqueretaro.mx\/wp-content\/uploads\/2025\/01\/NATIVO_QRO_white.svg","caption":"Nativo Quer\u00e9taro"},"image":{"@id":"https:\/\/nativoqueretaro.mx\/#\/schema\/logo\/image\/"}},{"@type":"Person","@id":"https:\/\/nativoqueretaro.mx\/#\/schema\/person\/9cb2d9bff62be7a0a4a39066c9eac822","name":"NativoQro","image":{"@type":"ImageObject","inLanguage":"es","@id":"https:\/\/nativoqueretaro.mx\/#\/schema\/person\/image\/","url":"https:\/\/secure.gravatar.com\/avatar\/0574151f0584a2a8056a6d87f37cd6abc6c709a951c8e822eb1ab470a5022bc5?s=96&d=mm&r=g","contentUrl":"https:\/\/secure.gravatar.com\/avatar\/0574151f0584a2a8056a6d87f37cd6abc6c709a951c8e822eb1ab470a5022bc5?s=96&d=mm&r=g","caption":"NativoQro"},"url":"https:\/\/nativoqueretaro.mx\/index.php\/author\/nativoadmin\/"}]}},"_links":{"self":[{"href":"https:\/\/nativoqueretaro.mx\/index.php\/wp-json\/wp\/v2\/posts\/41609","targetHints":{"allow":["GET"]}}],"collection":[{"href":"https:\/\/nativoqueretaro.mx\/index.php\/wp-json\/wp\/v2\/posts"}],"about":[{"href":"https:\/\/nativoqueretaro.mx\/index.php\/wp-json\/wp\/v2\/types\/post"}],"author":[{"embeddable":true,"href":"https:\/\/nativoqueretaro.mx\/index.php\/wp-json\/wp\/v2\/users\/1"}],"replies":[{"embeddable":true,"href":"https:\/\/nativoqueretaro.mx\/index.php\/wp-json\/wp\/v2\/comments?post=41609"}],"version-history":[{"count":1,"href":"https:\/\/nativoqueretaro.mx\/index.php\/wp-json\/wp\/v2\/posts\/41609\/revisions"}],"predecessor-version":[{"id":41611,"href":"https:\/\/nativoqueretaro.mx\/index.php\/wp-json\/wp\/v2\/posts\/41609\/revisions\/41611"}],"wp:featuredmedia":[{"embeddable":true,"href":"https:\/\/nativoqueretaro.mx\/index.php\/wp-json\/wp\/v2\/media\/41610"}],"wp:attachment":[{"href":"https:\/\/nativoqueretaro.mx\/index.php\/wp-json\/wp\/v2\/media?parent=41609"}],"wp:term":[{"taxonomy":"category","embeddable":true,"href":"https:\/\/nativoqueretaro.mx\/index.php\/wp-json\/wp\/v2\/categories?post=41609"},{"taxonomy":"post_tag","embeddable":true,"href":"https:\/\/nativoqueretaro.mx\/index.php\/wp-json\/wp\/v2\/tags?post=41609"}],"curies":[{"name":"wp","href":"https:\/\/api.w.org\/{rel}","templated":true}]}}