{"id":41606,"date":"2026-03-13T18:42:14","date_gmt":"2026-03-13T18:42:14","guid":{"rendered":"https:\/\/nativoqueretaro.mx\/?p=41606"},"modified":"2026-03-13T18:45:15","modified_gmt":"2026-03-13T18:45:15","slug":"supervisa-chepe-guerrero-trabajos-de-rehabilitacion-del-camino-a-san-rafael","status":"publish","type":"post","link":"https:\/\/nativoqueretaro.mx\/index.php\/2026\/03\/13\/supervisa-chepe-guerrero-trabajos-de-rehabilitacion-del-camino-a-san-rafael\/","title":{"rendered":"Supervisa Chepe Guerrero trabajos de rehabilitaci\u00f3n del Camino a San Rafael"},"content":{"rendered":"<p>Corregidora, Qro., 13 de marzo de 2026.- El presidente municipal de Corregidora, Chepe Guerrero, supervis\u00f3 los trabajos de rehabilitaci\u00f3n y pavimentaci\u00f3n del Camino a San Rafael, una vialidad clave para la movilidad de habitantes de distintas comunidades como Pur\u00edsima de San Rafael, Puerta de San Rafael, Presa de Bravo y Arroyo Hondo.<\/p>\n<p>Durante el recorrido, el alcalde destac\u00f3 que esta intervenci\u00f3n responde a una solicitud reiterada de las y los delegados, as\u00ed como vecinos de la zona. Los trabajos se realizan mediante un esquema de colaboraci\u00f3n interinstitucional: la Comisi\u00f3n Estatal de Infraestructura (CEI) aporta maquinaria y mano de obra; el Municipio de Corregidora proporciona el material asf\u00e1ltico; y el \u00e1rea de Mantenimiento Vial, de la Secretar\u00eda de Obras P\u00fablicas, realiza labores manuales como bacheo, retiro y reposici\u00f3n de topes, as\u00ed como otros trabajos complementarios.<\/p>\n<p>\u201cLos camineros est\u00e1n rehabilitando m\u00e1s de 5.5 kil\u00f3metros en toda esta v\u00eda. Es una v\u00eda que ya nos hab\u00edan pedido much\u00edsimo los delegados y vecinos de la zona, que hab\u00edan hecho mucho hincapi\u00e9 en que la pudi\u00e9ramos renovar, y hoy es una realidad. Gracias, reitero, al apoyo del gobernador Mauricio Kuri y tambi\u00e9n con recurso municipal, hoy la renovaci\u00f3n de esta carretera es una realidad\u201d, expres\u00f3.<\/p>\n<p>La intervenci\u00f3n contempla una longitud aproximada de 5 mil 302 metros lineales, luego de que en campo se agregaran alrededor de 400 metros adicionales a lo previsto inicialmente. Se estima que los trabajos concluyan tentativamente este fin de semana.<\/p>\n<p>Con esta rehabilitaci\u00f3n se beneficia de manera directa a las comunidades de Pur\u00edsima de San Rafael, San Rafael y Puerta de San Rafael, mientras que de forma indirecta tambi\u00e9n favorece a habitantes de Presa de Bravo y Arroyo Hondo, quienes utilizan esta v\u00eda para sus traslados diarios.<\/p>\n<p>Estas acciones forman parte de la estrategia del Gobierno Municipal para mejorar la infraestructura vial en las comunidades y fortalecer la conectividad en la zona rural de Corregidora.<\/p>\n","protected":false},"excerpt":{"rendered":"<p>Corregidora, Qro., 13 de marzo de 2026.- El presidente municipal de Corregidora, Chepe Guerrero, supervis\u00f3 los trabajos de rehabilitaci\u00f3n y pavimentaci\u00f3n del Camino a San Rafael, una vialidad clave para la movilidad de habitantes de distintas comunidades como Pur\u00edsima de San Rafael, Puerta de San Rafael, Presa de Bravo y Arroyo Hondo. Durante el recorrido, [&hellip;]<\/p>\n","protected":false},"author":1,"featured_media":41607,"comment_status":"open","ping_status":"open","sticky":false,"template":"","format":"standard","meta":{"_acf_changed":false,"ocean_post_layout":"","ocean_both_sidebars_style":"","ocean_both_sidebars_content_width":0,"ocean_both_sidebars_sidebars_width":0,"ocean_sidebar":"0","ocean_second_sidebar":"0","ocean_disable_margins":"enable","ocean_add_body_class":"","ocean_shortcode_before_top_bar":"","ocean_shortcode_after_top_bar":"","ocean_shortcode_before_header":"","ocean_shortcode_after_header":"","ocean_has_shortcode":"","ocean_shortcode_after_title":"","ocean_shortcode_before_footer_widgets":"","ocean_shortcode_after_footer_widgets":"","ocean_shortcode_before_footer_bottom":"","ocean_shortcode_after_footer_bottom":"","ocean_display_top_bar":"default","ocean_display_header":"default","ocean_header_style":"","ocean_center_header_left_menu":"0","ocean_custom_header_template":"0","ocean_custom_logo":0,"ocean_custom_retina_logo":0,"ocean_custom_logo_max_width":0,"ocean_custom_logo_tablet_max_width":0,"ocean_custom_logo_mobile_max_width":0,"ocean_custom_logo_max_height":0,"ocean_custom_logo_tablet_max_height":0,"ocean_custom_logo_mobile_max_height":0,"ocean_header_custom_menu":"0","ocean_menu_typo_font_family":"0","ocean_menu_typo_font_subset":"","ocean_menu_typo_font_size":0,"ocean_menu_typo_font_size_tablet":0,"ocean_menu_typo_font_size_mobile":0,"ocean_menu_typo_font_size_unit":"px","ocean_menu_typo_font_weight":"","ocean_menu_typo_font_weight_tablet":"","ocean_menu_typo_font_weight_mobile":"","ocean_menu_typo_transform":"","ocean_menu_typo_transform_tablet":"","ocean_menu_typo_transform_mobile":"","ocean_menu_typo_line_height":0,"ocean_menu_typo_line_height_tablet":0,"ocean_menu_typo_line_height_mobile":0,"ocean_menu_typo_line_height_unit":"","ocean_menu_typo_spacing":0,"ocean_menu_typo_spacing_tablet":0,"ocean_menu_typo_spacing_mobile":0,"ocean_menu_typo_spacing_unit":"","ocean_menu_link_color":"","ocean_menu_link_color_hover":"","ocean_menu_link_color_active":"","ocean_menu_link_background":"","ocean_menu_link_hover_background":"","ocean_menu_link_active_background":"","ocean_menu_social_links_bg":"","ocean_menu_social_hover_links_bg":"","ocean_menu_social_links_color":"","ocean_menu_social_hover_links_color":"","ocean_disable_title":"default","ocean_disable_heading":"default","ocean_post_title":"","ocean_post_subheading":"","ocean_post_title_style":"","ocean_post_title_background_color":"","ocean_post_title_background":0,"ocean_post_title_bg_image_position":"","ocean_post_title_bg_image_attachment":"","ocean_post_title_bg_image_repeat":"","ocean_post_title_bg_image_size":"","ocean_post_title_height":0,"ocean_post_title_bg_overlay":0.5,"ocean_post_title_bg_overlay_color":"","ocean_disable_breadcrumbs":"default","ocean_breadcrumbs_color":"","ocean_breadcrumbs_separator_color":"","ocean_breadcrumbs_links_color":"","ocean_breadcrumbs_links_hover_color":"","ocean_display_footer_widgets":"default","ocean_display_footer_bottom":"default","ocean_custom_footer_template":"0","ocean_post_oembed":"","ocean_post_self_hosted_media":"","ocean_post_video_embed":"","ocean_link_format":"","ocean_link_format_target":"self","ocean_quote_format":"","ocean_quote_format_link":"post","ocean_gallery_link_images":"on","ocean_gallery_id":[],"footnotes":""},"categories":[4],"tags":[],"class_list":["post-41606","post","type-post","status-publish","format-standard","has-post-thumbnail","hentry","category-corregidora","entry","has-media"],"acf":[],"yoast_head":"<!-- This site is optimized with the Yoast SEO plugin v24.7 - https:\/\/yoast.com\/wordpress\/plugins\/seo\/ -->\n<title>Supervisa Chepe Guerrero trabajos de rehabilitaci\u00f3n del Camino a San Rafael - Nativo Quer\u00e9taro<\/title>\n<meta name=\"robots\" content=\"index, follow, max-snippet:-1, max-image-preview:large, max-video-preview:-1\" \/>\n<link rel=\"canonical\" href=\"https:\/\/nativoqueretaro.mx\/index.php\/2026\/03\/13\/supervisa-chepe-guerrero-trabajos-de-rehabilitacion-del-camino-a-san-rafael\/\" \/>\n<meta property=\"og:locale\" content=\"es_MX\" \/>\n<meta property=\"og:type\" content=\"article\" \/>\n<meta property=\"og:title\" content=\"Supervisa Chepe Guerrero trabajos de rehabilitaci\u00f3n del Camino a San Rafael - Nativo Quer\u00e9taro\" \/>\n<meta property=\"og:description\" content=\"Corregidora, Qro., 13 de marzo de 2026.- El presidente municipal de Corregidora, Chepe Guerrero, supervis\u00f3 los trabajos de rehabilitaci\u00f3n y pavimentaci\u00f3n del Camino a San Rafael, una vialidad clave para la movilidad de habitantes de distintas comunidades como Pur\u00edsima de San Rafael, Puerta de San Rafael, Presa de Bravo y Arroyo Hondo. Durante el recorrido, [&hellip;]\" \/>\n<meta property=\"og:url\" content=\"https:\/\/nativoqueretaro.mx\/index.php\/2026\/03\/13\/supervisa-chepe-guerrero-trabajos-de-rehabilitacion-del-camino-a-san-rafael\/\" \/>\n<meta property=\"og:site_name\" content=\"Nativo Quer\u00e9taro\" \/>\n<meta property=\"article:published_time\" content=\"2026-03-13T18:42:14+00:00\" \/>\n<meta property=\"article:modified_time\" content=\"2026-03-13T18:45:15+00:00\" \/>\n<meta property=\"og:image\" content=\"https:\/\/nativoqueretaro.mx\/wp-content\/uploads\/2026\/03\/Supervisa-chepe-camino-san-rafael.webp\" \/>\n\t<meta property=\"og:image:width\" content=\"852\" \/>\n\t<meta property=\"og:image:height\" content=\"500\" \/>\n\t<meta property=\"og:image:type\" content=\"image\/webp\" \/>\n<meta name=\"author\" content=\"NativoQro\" \/>\n<meta name=\"twitter:card\" content=\"summary_large_image\" \/>\n<meta name=\"twitter:label1\" content=\"Escrito por\" \/>\n\t<meta name=\"twitter:data1\" content=\"NativoQro\" \/>\n\t<meta name=\"twitter:label2\" content=\"Tiempo de lectura\" \/>\n\t<meta name=\"twitter:data2\" content=\"2 minutos\" \/>\n<script type=\"application\/ld+json\" class=\"yoast-schema-graph\">{\"@context\":\"https:\/\/schema.org\",\"@graph\":[{\"@type\":\"Article\",\"@id\":\"https:\/\/nativoqueretaro.mx\/index.php\/2026\/03\/13\/supervisa-chepe-guerrero-trabajos-de-rehabilitacion-del-camino-a-san-rafael\/#article\",\"isPartOf\":{\"@id\":\"https:\/\/nativoqueretaro.mx\/index.php\/2026\/03\/13\/supervisa-chepe-guerrero-trabajos-de-rehabilitacion-del-camino-a-san-rafael\/\"},\"author\":{\"name\":\"NativoQro\",\"@id\":\"https:\/\/nativoqueretaro.mx\/#\/schema\/person\/9cb2d9bff62be7a0a4a39066c9eac822\"},\"headline\":\"Supervisa Chepe Guerrero trabajos de rehabilitaci\u00f3n del Camino a San Rafael\",\"datePublished\":\"2026-03-13T18:42:14+00:00\",\"dateModified\":\"2026-03-13T18:45:15+00:00\",\"mainEntityOfPage\":{\"@id\":\"https:\/\/nativoqueretaro.mx\/index.php\/2026\/03\/13\/supervisa-chepe-guerrero-trabajos-de-rehabilitacion-del-camino-a-san-rafael\/\"},\"wordCount\":347,\"commentCount\":0,\"publisher\":{\"@id\":\"https:\/\/nativoqueretaro.mx\/#organization\"},\"image\":{\"@id\":\"https:\/\/nativoqueretaro.mx\/index.php\/2026\/03\/13\/supervisa-chepe-guerrero-trabajos-de-rehabilitacion-del-camino-a-san-rafael\/#primaryimage\"},\"thumbnailUrl\":\"https:\/\/nativoqueretaro.mx\/wp-content\/uploads\/2026\/03\/Supervisa-chepe-camino-san-rafael.webp\",\"articleSection\":[\"Corregidora\"],\"inLanguage\":\"es\",\"potentialAction\":[{\"@type\":\"CommentAction\",\"name\":\"Comment\",\"target\":[\"https:\/\/nativoqueretaro.mx\/index.php\/2026\/03\/13\/supervisa-chepe-guerrero-trabajos-de-rehabilitacion-del-camino-a-san-rafael\/#respond\"]}]},{\"@type\":\"WebPage\",\"@id\":\"https:\/\/nativoqueretaro.mx\/index.php\/2026\/03\/13\/supervisa-chepe-guerrero-trabajos-de-rehabilitacion-del-camino-a-san-rafael\/\",\"url\":\"https:\/\/nativoqueretaro.mx\/index.php\/2026\/03\/13\/supervisa-chepe-guerrero-trabajos-de-rehabilitacion-del-camino-a-san-rafael\/\",\"name\":\"Supervisa Chepe Guerrero trabajos de rehabilitaci\u00f3n del Camino a San Rafael - Nativo Quer\u00e9taro\",\"isPartOf\":{\"@id\":\"https:\/\/nativoqueretaro.mx\/#website\"},\"primaryImageOfPage\":{\"@id\":\"https:\/\/nativoqueretaro.mx\/index.php\/2026\/03\/13\/supervisa-chepe-guerrero-trabajos-de-rehabilitacion-del-camino-a-san-rafael\/#primaryimage\"},\"image\":{\"@id\":\"https:\/\/nativoqueretaro.mx\/index.php\/2026\/03\/13\/supervisa-chepe-guerrero-trabajos-de-rehabilitacion-del-camino-a-san-rafael\/#primaryimage\"},\"thumbnailUrl\":\"https:\/\/nativoqueretaro.mx\/wp-content\/uploads\/2026\/03\/Supervisa-chepe-camino-san-rafael.webp\",\"datePublished\":\"2026-03-13T18:42:14+00:00\",\"dateModified\":\"2026-03-13T18:45:15+00:00\",\"breadcrumb\":{\"@id\":\"https:\/\/nativoqueretaro.mx\/index.php\/2026\/03\/13\/supervisa-chepe-guerrero-trabajos-de-rehabilitacion-del-camino-a-san-rafael\/#breadcrumb\"},\"inLanguage\":\"es\",\"potentialAction\":[{\"@type\":\"ReadAction\",\"target\":[\"https:\/\/nativoqueretaro.mx\/index.php\/2026\/03\/13\/supervisa-chepe-guerrero-trabajos-de-rehabilitacion-del-camino-a-san-rafael\/\"]}]},{\"@type\":\"ImageObject\",\"inLanguage\":\"es\",\"@id\":\"https:\/\/nativoqueretaro.mx\/index.php\/2026\/03\/13\/supervisa-chepe-guerrero-trabajos-de-rehabilitacion-del-camino-a-san-rafael\/#primaryimage\",\"url\":\"https:\/\/nativoqueretaro.mx\/wp-content\/uploads\/2026\/03\/Supervisa-chepe-camino-san-rafael.webp\",\"contentUrl\":\"https:\/\/nativoqueretaro.mx\/wp-content\/uploads\/2026\/03\/Supervisa-chepe-camino-san-rafael.webp\",\"width\":852,\"height\":500},{\"@type\":\"BreadcrumbList\",\"@id\":\"https:\/\/nativoqueretaro.mx\/index.php\/2026\/03\/13\/supervisa-chepe-guerrero-trabajos-de-rehabilitacion-del-camino-a-san-rafael\/#breadcrumb\",\"itemListElement\":[{\"@type\":\"ListItem\",\"position\":1,\"name\":\"Home\",\"item\":\"https:\/\/nativoqueretaro.mx\/\"},{\"@type\":\"ListItem\",\"position\":2,\"name\":\"Supervisa Chepe Guerrero trabajos de rehabilitaci\u00f3n del Camino a San Rafael\"}]},{\"@type\":\"WebSite\",\"@id\":\"https:\/\/nativoqueretaro.mx\/#website\",\"url\":\"https:\/\/nativoqueretaro.mx\/\",\"name\":\"Nativo Quer\u00e9taro\",\"description\":\"\",\"publisher\":{\"@id\":\"https:\/\/nativoqueretaro.mx\/#organization\"},\"potentialAction\":[{\"@type\":\"SearchAction\",\"target\":{\"@type\":\"EntryPoint\",\"urlTemplate\":\"https:\/\/nativoqueretaro.mx\/?s={search_term_string}\"},\"query-input\":{\"@type\":\"PropertyValueSpecification\",\"valueRequired\":true,\"valueName\":\"search_term_string\"}}],\"inLanguage\":\"es\"},{\"@type\":\"Organization\",\"@id\":\"https:\/\/nativoqueretaro.mx\/#organization\",\"name\":\"Nativo Quer\u00e9taro\",\"url\":\"https:\/\/nativoqueretaro.mx\/\",\"logo\":{\"@type\":\"ImageObject\",\"inLanguage\":\"es\",\"@id\":\"https:\/\/nativoqueretaro.mx\/#\/schema\/logo\/image\/\",\"url\":\"https:\/\/nativoqueretaro.mx\/wp-content\/uploads\/2025\/01\/NATIVO_QRO_white.svg\",\"contentUrl\":\"https:\/\/nativoqueretaro.mx\/wp-content\/uploads\/2025\/01\/NATIVO_QRO_white.svg\",\"caption\":\"Nativo Quer\u00e9taro\"},\"image\":{\"@id\":\"https:\/\/nativoqueretaro.mx\/#\/schema\/logo\/image\/\"}},{\"@type\":\"Person\",\"@id\":\"https:\/\/nativoqueretaro.mx\/#\/schema\/person\/9cb2d9bff62be7a0a4a39066c9eac822\",\"name\":\"NativoQro\",\"image\":{\"@type\":\"ImageObject\",\"inLanguage\":\"es\",\"@id\":\"https:\/\/nativoqueretaro.mx\/#\/schema\/person\/image\/\",\"url\":\"https:\/\/secure.gravatar.com\/avatar\/0574151f0584a2a8056a6d87f37cd6abc6c709a951c8e822eb1ab470a5022bc5?s=96&d=mm&r=g\",\"contentUrl\":\"https:\/\/secure.gravatar.com\/avatar\/0574151f0584a2a8056a6d87f37cd6abc6c709a951c8e822eb1ab470a5022bc5?s=96&d=mm&r=g\",\"caption\":\"NativoQro\"},\"url\":\"https:\/\/nativoqueretaro.mx\/index.php\/author\/nativoadmin\/\"}]}<\/script>\n<!-- \/ Yoast SEO plugin. -->","yoast_head_json":{"title":"Supervisa Chepe Guerrero trabajos de rehabilitaci\u00f3n del Camino a San Rafael - Nativo Quer\u00e9taro","robots":{"index":"index","follow":"follow","max-snippet":"max-snippet:-1","max-image-preview":"max-image-preview:large","max-video-preview":"max-video-preview:-1"},"canonical":"https:\/\/nativoqueretaro.mx\/index.php\/2026\/03\/13\/supervisa-chepe-guerrero-trabajos-de-rehabilitacion-del-camino-a-san-rafael\/","og_locale":"es_MX","og_type":"article","og_title":"Supervisa Chepe Guerrero trabajos de rehabilitaci\u00f3n del Camino a San Rafael - Nativo Quer\u00e9taro","og_description":"Corregidora, Qro., 13 de marzo de 2026.- El presidente municipal de Corregidora, Chepe Guerrero, supervis\u00f3 los trabajos de rehabilitaci\u00f3n y pavimentaci\u00f3n del Camino a San Rafael, una vialidad clave para la movilidad de habitantes de distintas comunidades como Pur\u00edsima de San Rafael, Puerta de San Rafael, Presa de Bravo y Arroyo Hondo. Durante el recorrido, [&hellip;]","og_url":"https:\/\/nativoqueretaro.mx\/index.php\/2026\/03\/13\/supervisa-chepe-guerrero-trabajos-de-rehabilitacion-del-camino-a-san-rafael\/","og_site_name":"Nativo Quer\u00e9taro","article_published_time":"2026-03-13T18:42:14+00:00","article_modified_time":"2026-03-13T18:45:15+00:00","og_image":[{"width":852,"height":500,"url":"https:\/\/nativoqueretaro.mx\/wp-content\/uploads\/2026\/03\/Supervisa-chepe-camino-san-rafael.webp","type":"image\/webp"}],"author":"NativoQro","twitter_card":"summary_large_image","twitter_misc":{"Escrito por":"NativoQro","Tiempo de lectura":"2 minutos"},"schema":{"@context":"https:\/\/schema.org","@graph":[{"@type":"Article","@id":"https:\/\/nativoqueretaro.mx\/index.php\/2026\/03\/13\/supervisa-chepe-guerrero-trabajos-de-rehabilitacion-del-camino-a-san-rafael\/#article","isPartOf":{"@id":"https:\/\/nativoqueretaro.mx\/index.php\/2026\/03\/13\/supervisa-chepe-guerrero-trabajos-de-rehabilitacion-del-camino-a-san-rafael\/"},"author":{"name":"NativoQro","@id":"https:\/\/nativoqueretaro.mx\/#\/schema\/person\/9cb2d9bff62be7a0a4a39066c9eac822"},"headline":"Supervisa Chepe Guerrero trabajos de rehabilitaci\u00f3n del Camino a San Rafael","datePublished":"2026-03-13T18:42:14+00:00","dateModified":"2026-03-13T18:45:15+00:00","mainEntityOfPage":{"@id":"https:\/\/nativoqueretaro.mx\/index.php\/2026\/03\/13\/supervisa-chepe-guerrero-trabajos-de-rehabilitacion-del-camino-a-san-rafael\/"},"wordCount":347,"commentCount":0,"publisher":{"@id":"https:\/\/nativoqueretaro.mx\/#organization"},"image":{"@id":"https:\/\/nativoqueretaro.mx\/index.php\/2026\/03\/13\/supervisa-chepe-guerrero-trabajos-de-rehabilitacion-del-camino-a-san-rafael\/#primaryimage"},"thumbnailUrl":"https:\/\/nativoqueretaro.mx\/wp-content\/uploads\/2026\/03\/Supervisa-chepe-camino-san-rafael.webp","articleSection":["Corregidora"],"inLanguage":"es","potentialAction":[{"@type":"CommentAction","name":"Comment","target":["https:\/\/nativoqueretaro.mx\/index.php\/2026\/03\/13\/supervisa-chepe-guerrero-trabajos-de-rehabilitacion-del-camino-a-san-rafael\/#respond"]}]},{"@type":"WebPage","@id":"https:\/\/nativoqueretaro.mx\/index.php\/2026\/03\/13\/supervisa-chepe-guerrero-trabajos-de-rehabilitacion-del-camino-a-san-rafael\/","url":"https:\/\/nativoqueretaro.mx\/index.php\/2026\/03\/13\/supervisa-chepe-guerrero-trabajos-de-rehabilitacion-del-camino-a-san-rafael\/","name":"Supervisa Chepe Guerrero trabajos de rehabilitaci\u00f3n del Camino a San Rafael - Nativo Quer\u00e9taro","isPartOf":{"@id":"https:\/\/nativoqueretaro.mx\/#website"},"primaryImageOfPage":{"@id":"https:\/\/nativoqueretaro.mx\/index.php\/2026\/03\/13\/supervisa-chepe-guerrero-trabajos-de-rehabilitacion-del-camino-a-san-rafael\/#primaryimage"},"image":{"@id":"https:\/\/nativoqueretaro.mx\/index.php\/2026\/03\/13\/supervisa-chepe-guerrero-trabajos-de-rehabilitacion-del-camino-a-san-rafael\/#primaryimage"},"thumbnailUrl":"https:\/\/nativoqueretaro.mx\/wp-content\/uploads\/2026\/03\/Supervisa-chepe-camino-san-rafael.webp","datePublished":"2026-03-13T18:42:14+00:00","dateModified":"2026-03-13T18:45:15+00:00","breadcrumb":{"@id":"https:\/\/nativoqueretaro.mx\/index.php\/2026\/03\/13\/supervisa-chepe-guerrero-trabajos-de-rehabilitacion-del-camino-a-san-rafael\/#breadcrumb"},"inLanguage":"es","potentialAction":[{"@type":"ReadAction","target":["https:\/\/nativoqueretaro.mx\/index.php\/2026\/03\/13\/supervisa-chepe-guerrero-trabajos-de-rehabilitacion-del-camino-a-san-rafael\/"]}]},{"@type":"ImageObject","inLanguage":"es","@id":"https:\/\/nativoqueretaro.mx\/index.php\/2026\/03\/13\/supervisa-chepe-guerrero-trabajos-de-rehabilitacion-del-camino-a-san-rafael\/#primaryimage","url":"https:\/\/nativoqueretaro.mx\/wp-content\/uploads\/2026\/03\/Supervisa-chepe-camino-san-rafael.webp","contentUrl":"https:\/\/nativoqueretaro.mx\/wp-content\/uploads\/2026\/03\/Supervisa-chepe-camino-san-rafael.webp","width":852,"height":500},{"@type":"BreadcrumbList","@id":"https:\/\/nativoqueretaro.mx\/index.php\/2026\/03\/13\/supervisa-chepe-guerrero-trabajos-de-rehabilitacion-del-camino-a-san-rafael\/#breadcrumb","itemListElement":[{"@type":"ListItem","position":1,"name":"Home","item":"https:\/\/nativoqueretaro.mx\/"},{"@type":"ListItem","position":2,"name":"Supervisa Chepe Guerrero trabajos de rehabilitaci\u00f3n del Camino a San Rafael"}]},{"@type":"WebSite","@id":"https:\/\/nativoqueretaro.mx\/#website","url":"https:\/\/nativoqueretaro.mx\/","name":"Nativo Quer\u00e9taro","description":"","publisher":{"@id":"https:\/\/nativoqueretaro.mx\/#organization"},"potentialAction":[{"@type":"SearchAction","target":{"@type":"EntryPoint","urlTemplate":"https:\/\/nativoqueretaro.mx\/?s={search_term_string}"},"query-input":{"@type":"PropertyValueSpecification","valueRequired":true,"valueName":"search_term_string"}}],"inLanguage":"es"},{"@type":"Organization","@id":"https:\/\/nativoqueretaro.mx\/#organization","name":"Nativo Quer\u00e9taro","url":"https:\/\/nativoqueretaro.mx\/","logo":{"@type":"ImageObject","inLanguage":"es","@id":"https:\/\/nativoqueretaro.mx\/#\/schema\/logo\/image\/","url":"https:\/\/nativoqueretaro.mx\/wp-content\/uploads\/2025\/01\/NATIVO_QRO_white.svg","contentUrl":"https:\/\/nativoqueretaro.mx\/wp-content\/uploads\/2025\/01\/NATIVO_QRO_white.svg","caption":"Nativo Quer\u00e9taro"},"image":{"@id":"https:\/\/nativoqueretaro.mx\/#\/schema\/logo\/image\/"}},{"@type":"Person","@id":"https:\/\/nativoqueretaro.mx\/#\/schema\/person\/9cb2d9bff62be7a0a4a39066c9eac822","name":"NativoQro","image":{"@type":"ImageObject","inLanguage":"es","@id":"https:\/\/nativoqueretaro.mx\/#\/schema\/person\/image\/","url":"https:\/\/secure.gravatar.com\/avatar\/0574151f0584a2a8056a6d87f37cd6abc6c709a951c8e822eb1ab470a5022bc5?s=96&d=mm&r=g","contentUrl":"https:\/\/secure.gravatar.com\/avatar\/0574151f0584a2a8056a6d87f37cd6abc6c709a951c8e822eb1ab470a5022bc5?s=96&d=mm&r=g","caption":"NativoQro"},"url":"https:\/\/nativoqueretaro.mx\/index.php\/author\/nativoadmin\/"}]}},"_links":{"self":[{"href":"https:\/\/nativoqueretaro.mx\/index.php\/wp-json\/wp\/v2\/posts\/41606","targetHints":{"allow":["GET"]}}],"collection":[{"href":"https:\/\/nativoqueretaro.mx\/index.php\/wp-json\/wp\/v2\/posts"}],"about":[{"href":"https:\/\/nativoqueretaro.mx\/index.php\/wp-json\/wp\/v2\/types\/post"}],"author":[{"embeddable":true,"href":"https:\/\/nativoqueretaro.mx\/index.php\/wp-json\/wp\/v2\/users\/1"}],"replies":[{"embeddable":true,"href":"https:\/\/nativoqueretaro.mx\/index.php\/wp-json\/wp\/v2\/comments?post=41606"}],"version-history":[{"count":2,"href":"https:\/\/nativoqueretaro.mx\/index.php\/wp-json\/wp\/v2\/posts\/41606\/revisions"}],"predecessor-version":[{"id":41612,"href":"https:\/\/nativoqueretaro.mx\/index.php\/wp-json\/wp\/v2\/posts\/41606\/revisions\/41612"}],"wp:featuredmedia":[{"embeddable":true,"href":"https:\/\/nativoqueretaro.mx\/index.php\/wp-json\/wp\/v2\/media\/41607"}],"wp:attachment":[{"href":"https:\/\/nativoqueretaro.mx\/index.php\/wp-json\/wp\/v2\/media?parent=41606"}],"wp:term":[{"taxonomy":"category","embeddable":true,"href":"https:\/\/nativoqueretaro.mx\/index.php\/wp-json\/wp\/v2\/categories?post=41606"},{"taxonomy":"post_tag","embeddable":true,"href":"https:\/\/nativoqueretaro.mx\/index.php\/wp-json\/wp\/v2\/tags?post=41606"}],"curies":[{"name":"wp","href":"https:\/\/api.w.org\/{rel}","templated":true}]}}