{"id":41579,"date":"2026-03-11T21:26:38","date_gmt":"2026-03-11T21:26:38","guid":{"rendered":"https:\/\/nativoqueretaro.mx\/?p=41579"},"modified":"2026-03-11T21:54:16","modified_gmt":"2026-03-11T21:54:16","slug":"kuri-encabezo-reunion-con-federacion-de-trabajadores-del-estado-de-queretaro","status":"publish","type":"post","link":"https:\/\/nativoqueretaro.mx\/index.php\/2026\/03\/11\/kuri-encabezo-reunion-con-federacion-de-trabajadores-del-estado-de-queretaro\/","title":{"rendered":"Kuri encabez\u00f3 reuni\u00f3n con Federaci\u00f3n de Trabajadores del Estado de Quer\u00e9taro"},"content":{"rendered":"<p>Quer\u00e9taro, Qro., 11 de marzo de 2026.- El gobernador Mauricio Kuri encabez\u00f3 una reuni\u00f3n con integrantes de la Federaci\u00f3n de Trabajadores del Estado de Quer\u00e9taro Registro 5415, encuentro en el que destac\u00f3 que en esta entidad el di\u00e1logo entre los frentes patronales, sindicales y el gobierno es efectivo.<\/p>\n<p>Refiri\u00f3 que en Quer\u00e9taro se le apuesta al orden, a la certeza jur\u00eddica y a la formalidad. Tambi\u00e9n se promueve el talento local, la mano de obra calificada y la especializaci\u00f3n.<\/p>\n<p>Se\u00f1al\u00f3 que le ha encomendado a la secretaria del Trabajo, Liliana San Mart\u00edn, as\u00ed como a todo su equipo, favorecer un ambiente de respeto y libertad, en el que trabajadoras y trabajadores expresen sus inquietudes y sus demandas.<\/p>\n<p>El mandatario estatal invit\u00f3 al secretario general de la Federaci\u00f3n de Trabajadores del Estado de Quer\u00e9taro Registro 5415, H\u00e9ctor Torres, as\u00ed como a sus integrantes, a continuar avanzando con un rumbo claro: el del di\u00e1logo, el acuerdo y la estabilidad, factores que impulsan la generaci\u00f3n de empleos y la movilidad social, y que fortalecen la confianza en Quer\u00e9taro.<\/p>\n<p>Por su parte, Liliana San Mart\u00edn indic\u00f3 que el estado registra en la actualidad m\u00e1s de 720 mil empleos formales ante el Instituto Mexicano del Seguro Social (IMSS), posicion\u00e1ndolo como un referente nacional en la generaci\u00f3n de empleo formal. Estos resultados, dijo, son producto de la confianza, de la inversi\u00f3n y, sobre todo, de la paz laboral.<\/p>\n<p>Tambi\u00e9n habl\u00f3 de las mejoras laborales y cit\u00f3 que, tan s\u00f3lo en los procesos de revisi\u00f3n salarial y contractual de este a\u00f1o en 101 empresas, se han logrado incrementos promedio superiores al 7 por ciento en salarios y el 3.16 en prestaciones, beneficiando a m\u00e1s de 20 mil 919 trabajadoras y trabajadores. Asimismo, enfatiz\u00f3 que la participaci\u00f3n de las mujeres en la vida econ\u00f3mica y laboral sigue creciendo y en la actualidad m\u00e1s de 547 mil mujeres forman parte de la econom\u00eda queretana.<\/p>\n<p>Al tomar la palabra, el secretario general de la Federaci\u00f3n Regional \u201cFernando Amilpa\u201d de Quer\u00e9taro, No\u00e9 Rojas L\u00f3pez, manifest\u00f3 que los trabajadores han sido la base de desarrollo econ\u00f3mico, social y productivo del estado.<\/p>\n<p>Reconoci\u00f3 que la entidad vive una etapa de crecimiento impulsada por la administraci\u00f3n de Mauricio Kuri, quien ha planteado una visi\u00f3n clara para que Quer\u00e9taro siga avanzando, condici\u00f3n que s\u00f3lo ser\u00e1 posible si trabajadores, empresas y gobierno caminan en la misma direcci\u00f3n.<\/p>\n<p>El secretario general del Sindicato de la Industria Met\u00e1lica en Quer\u00e9taro, H\u00e9ctor Hern\u00e1ndez de Albino, rechaz\u00f3 la existencia de organizaciones que desaf\u00edan a las instituciones o que pongan en entredicho la calidad moral de las y los funcionarios. En este tenor, extern\u00f3 su respaldo a la labor del estado.<\/p>\n<p>La secretaria general del Sindicato Hitachi Astemo en Quer\u00e9taro, J\u00e9ssica Y\u00e1\u00f1ez Rinc\u00f3n, agradeci\u00f3 el espacio de di\u00e1logo en el que las autoridades mostraron su disposici\u00f3n para escuchar a los trabajadores y a sus organizaciones sindicales, lo que consider\u00f3 una se\u00f1al clara de que en Quer\u00e9taro existe voluntad para construir soluciones de manera conjunta.<\/p>\n","protected":false},"excerpt":{"rendered":"<p>Quer\u00e9taro, Qro., 11 de marzo de 2026.- El gobernador Mauricio Kuri encabez\u00f3 una reuni\u00f3n con integrantes de la Federaci\u00f3n de Trabajadores del Estado de Quer\u00e9taro Registro 5415, encuentro en el que destac\u00f3 que en esta entidad el di\u00e1logo entre los frentes patronales, sindicales y el gobierno es efectivo. Refiri\u00f3 que en Quer\u00e9taro se le apuesta [&hellip;]<\/p>\n","protected":false},"author":1,"featured_media":41580,"comment_status":"open","ping_status":"open","sticky":false,"template":"","format":"standard","meta":{"_acf_changed":false,"ocean_post_layout":"","ocean_both_sidebars_style":"","ocean_both_sidebars_content_width":0,"ocean_both_sidebars_sidebars_width":0,"ocean_sidebar":"0","ocean_second_sidebar":"0","ocean_disable_margins":"enable","ocean_add_body_class":"","ocean_shortcode_before_top_bar":"","ocean_shortcode_after_top_bar":"","ocean_shortcode_before_header":"","ocean_shortcode_after_header":"","ocean_has_shortcode":"","ocean_shortcode_after_title":"","ocean_shortcode_before_footer_widgets":"","ocean_shortcode_after_footer_widgets":"","ocean_shortcode_before_footer_bottom":"","ocean_shortcode_after_footer_bottom":"","ocean_display_top_bar":"default","ocean_display_header":"default","ocean_header_style":"","ocean_center_header_left_menu":"0","ocean_custom_header_template":"0","ocean_custom_logo":0,"ocean_custom_retina_logo":0,"ocean_custom_logo_max_width":0,"ocean_custom_logo_tablet_max_width":0,"ocean_custom_logo_mobile_max_width":0,"ocean_custom_logo_max_height":0,"ocean_custom_logo_tablet_max_height":0,"ocean_custom_logo_mobile_max_height":0,"ocean_header_custom_menu":"0","ocean_menu_typo_font_family":"0","ocean_menu_typo_font_subset":"","ocean_menu_typo_font_size":0,"ocean_menu_typo_font_size_tablet":0,"ocean_menu_typo_font_size_mobile":0,"ocean_menu_typo_font_size_unit":"px","ocean_menu_typo_font_weight":"","ocean_menu_typo_font_weight_tablet":"","ocean_menu_typo_font_weight_mobile":"","ocean_menu_typo_transform":"","ocean_menu_typo_transform_tablet":"","ocean_menu_typo_transform_mobile":"","ocean_menu_typo_line_height":0,"ocean_menu_typo_line_height_tablet":0,"ocean_menu_typo_line_height_mobile":0,"ocean_menu_typo_line_height_unit":"","ocean_menu_typo_spacing":0,"ocean_menu_typo_spacing_tablet":0,"ocean_menu_typo_spacing_mobile":0,"ocean_menu_typo_spacing_unit":"","ocean_menu_link_color":"","ocean_menu_link_color_hover":"","ocean_menu_link_color_active":"","ocean_menu_link_background":"","ocean_menu_link_hover_background":"","ocean_menu_link_active_background":"","ocean_menu_social_links_bg":"","ocean_menu_social_hover_links_bg":"","ocean_menu_social_links_color":"","ocean_menu_social_hover_links_color":"","ocean_disable_title":"default","ocean_disable_heading":"default","ocean_post_title":"","ocean_post_subheading":"","ocean_post_title_style":"","ocean_post_title_background_color":"","ocean_post_title_background":0,"ocean_post_title_bg_image_position":"","ocean_post_title_bg_image_attachment":"","ocean_post_title_bg_image_repeat":"","ocean_post_title_bg_image_size":"","ocean_post_title_height":0,"ocean_post_title_bg_overlay":0.5,"ocean_post_title_bg_overlay_color":"","ocean_disable_breadcrumbs":"default","ocean_breadcrumbs_color":"","ocean_breadcrumbs_separator_color":"","ocean_breadcrumbs_links_color":"","ocean_breadcrumbs_links_hover_color":"","ocean_display_footer_widgets":"default","ocean_display_footer_bottom":"default","ocean_custom_footer_template":"0","ocean_post_oembed":"","ocean_post_self_hosted_media":"","ocean_post_video_embed":"","ocean_link_format":"","ocean_link_format_target":"self","ocean_quote_format":"","ocean_quote_format_link":"post","ocean_gallery_link_images":"on","ocean_gallery_id":[],"footnotes":""},"categories":[89],"tags":[],"class_list":["post-41579","post","type-post","status-publish","format-standard","has-post-thumbnail","hentry","category-estado","entry","has-media"],"acf":[],"yoast_head":"<!-- This site is optimized with the Yoast SEO plugin v24.7 - https:\/\/yoast.com\/wordpress\/plugins\/seo\/ -->\n<title>Kuri encabez\u00f3 reuni\u00f3n con Federaci\u00f3n de Trabajadores del Estado de Quer\u00e9taro - Nativo Quer\u00e9taro<\/title>\n<meta name=\"robots\" content=\"index, follow, max-snippet:-1, max-image-preview:large, max-video-preview:-1\" \/>\n<link rel=\"canonical\" href=\"https:\/\/nativoqueretaro.mx\/index.php\/2026\/03\/11\/kuri-encabezo-reunion-con-federacion-de-trabajadores-del-estado-de-queretaro\/\" \/>\n<meta property=\"og:locale\" content=\"es_MX\" \/>\n<meta property=\"og:type\" content=\"article\" \/>\n<meta property=\"og:title\" content=\"Kuri encabez\u00f3 reuni\u00f3n con Federaci\u00f3n de Trabajadores del Estado de Quer\u00e9taro - Nativo Quer\u00e9taro\" \/>\n<meta property=\"og:description\" content=\"Quer\u00e9taro, Qro., 11 de marzo de 2026.- El gobernador Mauricio Kuri encabez\u00f3 una reuni\u00f3n con integrantes de la Federaci\u00f3n de Trabajadores del Estado de Quer\u00e9taro Registro 5415, encuentro en el que destac\u00f3 que en esta entidad el di\u00e1logo entre los frentes patronales, sindicales y el gobierno es efectivo. Refiri\u00f3 que en Quer\u00e9taro se le apuesta [&hellip;]\" \/>\n<meta property=\"og:url\" content=\"https:\/\/nativoqueretaro.mx\/index.php\/2026\/03\/11\/kuri-encabezo-reunion-con-federacion-de-trabajadores-del-estado-de-queretaro\/\" \/>\n<meta property=\"og:site_name\" content=\"Nativo Quer\u00e9taro\" \/>\n<meta property=\"article:published_time\" content=\"2026-03-11T21:26:38+00:00\" \/>\n<meta property=\"article:modified_time\" content=\"2026-03-11T21:54:16+00:00\" \/>\n<meta property=\"og:image\" content=\"https:\/\/nativoqueretaro.mx\/wp-content\/uploads\/2026\/03\/Kuri-reunion-marzo-2026-Federacion-Trabajadores-Queretaro5-852x500-1.webp\" \/>\n\t<meta property=\"og:image:width\" content=\"852\" \/>\n\t<meta property=\"og:image:height\" content=\"500\" \/>\n\t<meta property=\"og:image:type\" content=\"image\/webp\" \/>\n<meta name=\"author\" content=\"NativoQro\" \/>\n<meta name=\"twitter:card\" content=\"summary_large_image\" \/>\n<meta name=\"twitter:label1\" content=\"Escrito por\" \/>\n\t<meta name=\"twitter:data1\" content=\"NativoQro\" \/>\n\t<meta name=\"twitter:label2\" content=\"Tiempo de lectura\" \/>\n\t<meta name=\"twitter:data2\" content=\"3 minutos\" \/>\n<script type=\"application\/ld+json\" class=\"yoast-schema-graph\">{\"@context\":\"https:\/\/schema.org\",\"@graph\":[{\"@type\":\"Article\",\"@id\":\"https:\/\/nativoqueretaro.mx\/index.php\/2026\/03\/11\/kuri-encabezo-reunion-con-federacion-de-trabajadores-del-estado-de-queretaro\/#article\",\"isPartOf\":{\"@id\":\"https:\/\/nativoqueretaro.mx\/index.php\/2026\/03\/11\/kuri-encabezo-reunion-con-federacion-de-trabajadores-del-estado-de-queretaro\/\"},\"author\":{\"name\":\"NativoQro\",\"@id\":\"https:\/\/nativoqueretaro.mx\/#\/schema\/person\/9cb2d9bff62be7a0a4a39066c9eac822\"},\"headline\":\"Kuri encabez\u00f3 reuni\u00f3n con Federaci\u00f3n de Trabajadores del Estado de Quer\u00e9taro\",\"datePublished\":\"2026-03-11T21:26:38+00:00\",\"dateModified\":\"2026-03-11T21:54:16+00:00\",\"mainEntityOfPage\":{\"@id\":\"https:\/\/nativoqueretaro.mx\/index.php\/2026\/03\/11\/kuri-encabezo-reunion-con-federacion-de-trabajadores-del-estado-de-queretaro\/\"},\"wordCount\":551,\"commentCount\":0,\"publisher\":{\"@id\":\"https:\/\/nativoqueretaro.mx\/#organization\"},\"image\":{\"@id\":\"https:\/\/nativoqueretaro.mx\/index.php\/2026\/03\/11\/kuri-encabezo-reunion-con-federacion-de-trabajadores-del-estado-de-queretaro\/#primaryimage\"},\"thumbnailUrl\":\"https:\/\/nativoqueretaro.mx\/wp-content\/uploads\/2026\/03\/Kuri-reunion-marzo-2026-Federacion-Trabajadores-Queretaro5-852x500-1.webp\",\"articleSection\":[\"Estado\"],\"inLanguage\":\"es\",\"potentialAction\":[{\"@type\":\"CommentAction\",\"name\":\"Comment\",\"target\":[\"https:\/\/nativoqueretaro.mx\/index.php\/2026\/03\/11\/kuri-encabezo-reunion-con-federacion-de-trabajadores-del-estado-de-queretaro\/#respond\"]}]},{\"@type\":\"WebPage\",\"@id\":\"https:\/\/nativoqueretaro.mx\/index.php\/2026\/03\/11\/kuri-encabezo-reunion-con-federacion-de-trabajadores-del-estado-de-queretaro\/\",\"url\":\"https:\/\/nativoqueretaro.mx\/index.php\/2026\/03\/11\/kuri-encabezo-reunion-con-federacion-de-trabajadores-del-estado-de-queretaro\/\",\"name\":\"Kuri encabez\u00f3 reuni\u00f3n con Federaci\u00f3n de Trabajadores del Estado de Quer\u00e9taro - Nativo Quer\u00e9taro\",\"isPartOf\":{\"@id\":\"https:\/\/nativoqueretaro.mx\/#website\"},\"primaryImageOfPage\":{\"@id\":\"https:\/\/nativoqueretaro.mx\/index.php\/2026\/03\/11\/kuri-encabezo-reunion-con-federacion-de-trabajadores-del-estado-de-queretaro\/#primaryimage\"},\"image\":{\"@id\":\"https:\/\/nativoqueretaro.mx\/index.php\/2026\/03\/11\/kuri-encabezo-reunion-con-federacion-de-trabajadores-del-estado-de-queretaro\/#primaryimage\"},\"thumbnailUrl\":\"https:\/\/nativoqueretaro.mx\/wp-content\/uploads\/2026\/03\/Kuri-reunion-marzo-2026-Federacion-Trabajadores-Queretaro5-852x500-1.webp\",\"datePublished\":\"2026-03-11T21:26:38+00:00\",\"dateModified\":\"2026-03-11T21:54:16+00:00\",\"breadcrumb\":{\"@id\":\"https:\/\/nativoqueretaro.mx\/index.php\/2026\/03\/11\/kuri-encabezo-reunion-con-federacion-de-trabajadores-del-estado-de-queretaro\/#breadcrumb\"},\"inLanguage\":\"es\",\"potentialAction\":[{\"@type\":\"ReadAction\",\"target\":[\"https:\/\/nativoqueretaro.mx\/index.php\/2026\/03\/11\/kuri-encabezo-reunion-con-federacion-de-trabajadores-del-estado-de-queretaro\/\"]}]},{\"@type\":\"ImageObject\",\"inLanguage\":\"es\",\"@id\":\"https:\/\/nativoqueretaro.mx\/index.php\/2026\/03\/11\/kuri-encabezo-reunion-con-federacion-de-trabajadores-del-estado-de-queretaro\/#primaryimage\",\"url\":\"https:\/\/nativoqueretaro.mx\/wp-content\/uploads\/2026\/03\/Kuri-reunion-marzo-2026-Federacion-Trabajadores-Queretaro5-852x500-1.webp\",\"contentUrl\":\"https:\/\/nativoqueretaro.mx\/wp-content\/uploads\/2026\/03\/Kuri-reunion-marzo-2026-Federacion-Trabajadores-Queretaro5-852x500-1.webp\",\"width\":852,\"height\":500},{\"@type\":\"BreadcrumbList\",\"@id\":\"https:\/\/nativoqueretaro.mx\/index.php\/2026\/03\/11\/kuri-encabezo-reunion-con-federacion-de-trabajadores-del-estado-de-queretaro\/#breadcrumb\",\"itemListElement\":[{\"@type\":\"ListItem\",\"position\":1,\"name\":\"Home\",\"item\":\"https:\/\/nativoqueretaro.mx\/\"},{\"@type\":\"ListItem\",\"position\":2,\"name\":\"Kuri encabez\u00f3 reuni\u00f3n con Federaci\u00f3n de Trabajadores del Estado de Quer\u00e9taro\"}]},{\"@type\":\"WebSite\",\"@id\":\"https:\/\/nativoqueretaro.mx\/#website\",\"url\":\"https:\/\/nativoqueretaro.mx\/\",\"name\":\"Nativo Quer\u00e9taro\",\"description\":\"\",\"publisher\":{\"@id\":\"https:\/\/nativoqueretaro.mx\/#organization\"},\"potentialAction\":[{\"@type\":\"SearchAction\",\"target\":{\"@type\":\"EntryPoint\",\"urlTemplate\":\"https:\/\/nativoqueretaro.mx\/?s={search_term_string}\"},\"query-input\":{\"@type\":\"PropertyValueSpecification\",\"valueRequired\":true,\"valueName\":\"search_term_string\"}}],\"inLanguage\":\"es\"},{\"@type\":\"Organization\",\"@id\":\"https:\/\/nativoqueretaro.mx\/#organization\",\"name\":\"Nativo Quer\u00e9taro\",\"url\":\"https:\/\/nativoqueretaro.mx\/\",\"logo\":{\"@type\":\"ImageObject\",\"inLanguage\":\"es\",\"@id\":\"https:\/\/nativoqueretaro.mx\/#\/schema\/logo\/image\/\",\"url\":\"https:\/\/nativoqueretaro.mx\/wp-content\/uploads\/2025\/01\/NATIVO_QRO_white.svg\",\"contentUrl\":\"https:\/\/nativoqueretaro.mx\/wp-content\/uploads\/2025\/01\/NATIVO_QRO_white.svg\",\"caption\":\"Nativo Quer\u00e9taro\"},\"image\":{\"@id\":\"https:\/\/nativoqueretaro.mx\/#\/schema\/logo\/image\/\"}},{\"@type\":\"Person\",\"@id\":\"https:\/\/nativoqueretaro.mx\/#\/schema\/person\/9cb2d9bff62be7a0a4a39066c9eac822\",\"name\":\"NativoQro\",\"image\":{\"@type\":\"ImageObject\",\"inLanguage\":\"es\",\"@id\":\"https:\/\/nativoqueretaro.mx\/#\/schema\/person\/image\/\",\"url\":\"https:\/\/secure.gravatar.com\/avatar\/0574151f0584a2a8056a6d87f37cd6abc6c709a951c8e822eb1ab470a5022bc5?s=96&d=mm&r=g\",\"contentUrl\":\"https:\/\/secure.gravatar.com\/avatar\/0574151f0584a2a8056a6d87f37cd6abc6c709a951c8e822eb1ab470a5022bc5?s=96&d=mm&r=g\",\"caption\":\"NativoQro\"},\"url\":\"https:\/\/nativoqueretaro.mx\/index.php\/author\/nativoadmin\/\"}]}<\/script>\n<!-- \/ Yoast SEO plugin. -->","yoast_head_json":{"title":"Kuri encabez\u00f3 reuni\u00f3n con Federaci\u00f3n de Trabajadores del Estado de Quer\u00e9taro - Nativo Quer\u00e9taro","robots":{"index":"index","follow":"follow","max-snippet":"max-snippet:-1","max-image-preview":"max-image-preview:large","max-video-preview":"max-video-preview:-1"},"canonical":"https:\/\/nativoqueretaro.mx\/index.php\/2026\/03\/11\/kuri-encabezo-reunion-con-federacion-de-trabajadores-del-estado-de-queretaro\/","og_locale":"es_MX","og_type":"article","og_title":"Kuri encabez\u00f3 reuni\u00f3n con Federaci\u00f3n de Trabajadores del Estado de Quer\u00e9taro - Nativo Quer\u00e9taro","og_description":"Quer\u00e9taro, Qro., 11 de marzo de 2026.- El gobernador Mauricio Kuri encabez\u00f3 una reuni\u00f3n con integrantes de la Federaci\u00f3n de Trabajadores del Estado de Quer\u00e9taro Registro 5415, encuentro en el que destac\u00f3 que en esta entidad el di\u00e1logo entre los frentes patronales, sindicales y el gobierno es efectivo. Refiri\u00f3 que en Quer\u00e9taro se le apuesta [&hellip;]","og_url":"https:\/\/nativoqueretaro.mx\/index.php\/2026\/03\/11\/kuri-encabezo-reunion-con-federacion-de-trabajadores-del-estado-de-queretaro\/","og_site_name":"Nativo Quer\u00e9taro","article_published_time":"2026-03-11T21:26:38+00:00","article_modified_time":"2026-03-11T21:54:16+00:00","og_image":[{"width":852,"height":500,"url":"https:\/\/nativoqueretaro.mx\/wp-content\/uploads\/2026\/03\/Kuri-reunion-marzo-2026-Federacion-Trabajadores-Queretaro5-852x500-1.webp","type":"image\/webp"}],"author":"NativoQro","twitter_card":"summary_large_image","twitter_misc":{"Escrito por":"NativoQro","Tiempo de lectura":"3 minutos"},"schema":{"@context":"https:\/\/schema.org","@graph":[{"@type":"Article","@id":"https:\/\/nativoqueretaro.mx\/index.php\/2026\/03\/11\/kuri-encabezo-reunion-con-federacion-de-trabajadores-del-estado-de-queretaro\/#article","isPartOf":{"@id":"https:\/\/nativoqueretaro.mx\/index.php\/2026\/03\/11\/kuri-encabezo-reunion-con-federacion-de-trabajadores-del-estado-de-queretaro\/"},"author":{"name":"NativoQro","@id":"https:\/\/nativoqueretaro.mx\/#\/schema\/person\/9cb2d9bff62be7a0a4a39066c9eac822"},"headline":"Kuri encabez\u00f3 reuni\u00f3n con Federaci\u00f3n de Trabajadores del Estado de Quer\u00e9taro","datePublished":"2026-03-11T21:26:38+00:00","dateModified":"2026-03-11T21:54:16+00:00","mainEntityOfPage":{"@id":"https:\/\/nativoqueretaro.mx\/index.php\/2026\/03\/11\/kuri-encabezo-reunion-con-federacion-de-trabajadores-del-estado-de-queretaro\/"},"wordCount":551,"commentCount":0,"publisher":{"@id":"https:\/\/nativoqueretaro.mx\/#organization"},"image":{"@id":"https:\/\/nativoqueretaro.mx\/index.php\/2026\/03\/11\/kuri-encabezo-reunion-con-federacion-de-trabajadores-del-estado-de-queretaro\/#primaryimage"},"thumbnailUrl":"https:\/\/nativoqueretaro.mx\/wp-content\/uploads\/2026\/03\/Kuri-reunion-marzo-2026-Federacion-Trabajadores-Queretaro5-852x500-1.webp","articleSection":["Estado"],"inLanguage":"es","potentialAction":[{"@type":"CommentAction","name":"Comment","target":["https:\/\/nativoqueretaro.mx\/index.php\/2026\/03\/11\/kuri-encabezo-reunion-con-federacion-de-trabajadores-del-estado-de-queretaro\/#respond"]}]},{"@type":"WebPage","@id":"https:\/\/nativoqueretaro.mx\/index.php\/2026\/03\/11\/kuri-encabezo-reunion-con-federacion-de-trabajadores-del-estado-de-queretaro\/","url":"https:\/\/nativoqueretaro.mx\/index.php\/2026\/03\/11\/kuri-encabezo-reunion-con-federacion-de-trabajadores-del-estado-de-queretaro\/","name":"Kuri encabez\u00f3 reuni\u00f3n con Federaci\u00f3n de Trabajadores del Estado de Quer\u00e9taro - Nativo Quer\u00e9taro","isPartOf":{"@id":"https:\/\/nativoqueretaro.mx\/#website"},"primaryImageOfPage":{"@id":"https:\/\/nativoqueretaro.mx\/index.php\/2026\/03\/11\/kuri-encabezo-reunion-con-federacion-de-trabajadores-del-estado-de-queretaro\/#primaryimage"},"image":{"@id":"https:\/\/nativoqueretaro.mx\/index.php\/2026\/03\/11\/kuri-encabezo-reunion-con-federacion-de-trabajadores-del-estado-de-queretaro\/#primaryimage"},"thumbnailUrl":"https:\/\/nativoqueretaro.mx\/wp-content\/uploads\/2026\/03\/Kuri-reunion-marzo-2026-Federacion-Trabajadores-Queretaro5-852x500-1.webp","datePublished":"2026-03-11T21:26:38+00:00","dateModified":"2026-03-11T21:54:16+00:00","breadcrumb":{"@id":"https:\/\/nativoqueretaro.mx\/index.php\/2026\/03\/11\/kuri-encabezo-reunion-con-federacion-de-trabajadores-del-estado-de-queretaro\/#breadcrumb"},"inLanguage":"es","potentialAction":[{"@type":"ReadAction","target":["https:\/\/nativoqueretaro.mx\/index.php\/2026\/03\/11\/kuri-encabezo-reunion-con-federacion-de-trabajadores-del-estado-de-queretaro\/"]}]},{"@type":"ImageObject","inLanguage":"es","@id":"https:\/\/nativoqueretaro.mx\/index.php\/2026\/03\/11\/kuri-encabezo-reunion-con-federacion-de-trabajadores-del-estado-de-queretaro\/#primaryimage","url":"https:\/\/nativoqueretaro.mx\/wp-content\/uploads\/2026\/03\/Kuri-reunion-marzo-2026-Federacion-Trabajadores-Queretaro5-852x500-1.webp","contentUrl":"https:\/\/nativoqueretaro.mx\/wp-content\/uploads\/2026\/03\/Kuri-reunion-marzo-2026-Federacion-Trabajadores-Queretaro5-852x500-1.webp","width":852,"height":500},{"@type":"BreadcrumbList","@id":"https:\/\/nativoqueretaro.mx\/index.php\/2026\/03\/11\/kuri-encabezo-reunion-con-federacion-de-trabajadores-del-estado-de-queretaro\/#breadcrumb","itemListElement":[{"@type":"ListItem","position":1,"name":"Home","item":"https:\/\/nativoqueretaro.mx\/"},{"@type":"ListItem","position":2,"name":"Kuri encabez\u00f3 reuni\u00f3n con Federaci\u00f3n de Trabajadores del Estado de Quer\u00e9taro"}]},{"@type":"WebSite","@id":"https:\/\/nativoqueretaro.mx\/#website","url":"https:\/\/nativoqueretaro.mx\/","name":"Nativo Quer\u00e9taro","description":"","publisher":{"@id":"https:\/\/nativoqueretaro.mx\/#organization"},"potentialAction":[{"@type":"SearchAction","target":{"@type":"EntryPoint","urlTemplate":"https:\/\/nativoqueretaro.mx\/?s={search_term_string}"},"query-input":{"@type":"PropertyValueSpecification","valueRequired":true,"valueName":"search_term_string"}}],"inLanguage":"es"},{"@type":"Organization","@id":"https:\/\/nativoqueretaro.mx\/#organization","name":"Nativo Quer\u00e9taro","url":"https:\/\/nativoqueretaro.mx\/","logo":{"@type":"ImageObject","inLanguage":"es","@id":"https:\/\/nativoqueretaro.mx\/#\/schema\/logo\/image\/","url":"https:\/\/nativoqueretaro.mx\/wp-content\/uploads\/2025\/01\/NATIVO_QRO_white.svg","contentUrl":"https:\/\/nativoqueretaro.mx\/wp-content\/uploads\/2025\/01\/NATIVO_QRO_white.svg","caption":"Nativo Quer\u00e9taro"},"image":{"@id":"https:\/\/nativoqueretaro.mx\/#\/schema\/logo\/image\/"}},{"@type":"Person","@id":"https:\/\/nativoqueretaro.mx\/#\/schema\/person\/9cb2d9bff62be7a0a4a39066c9eac822","name":"NativoQro","image":{"@type":"ImageObject","inLanguage":"es","@id":"https:\/\/nativoqueretaro.mx\/#\/schema\/person\/image\/","url":"https:\/\/secure.gravatar.com\/avatar\/0574151f0584a2a8056a6d87f37cd6abc6c709a951c8e822eb1ab470a5022bc5?s=96&d=mm&r=g","contentUrl":"https:\/\/secure.gravatar.com\/avatar\/0574151f0584a2a8056a6d87f37cd6abc6c709a951c8e822eb1ab470a5022bc5?s=96&d=mm&r=g","caption":"NativoQro"},"url":"https:\/\/nativoqueretaro.mx\/index.php\/author\/nativoadmin\/"}]}},"_links":{"self":[{"href":"https:\/\/nativoqueretaro.mx\/index.php\/wp-json\/wp\/v2\/posts\/41579","targetHints":{"allow":["GET"]}}],"collection":[{"href":"https:\/\/nativoqueretaro.mx\/index.php\/wp-json\/wp\/v2\/posts"}],"about":[{"href":"https:\/\/nativoqueretaro.mx\/index.php\/wp-json\/wp\/v2\/types\/post"}],"author":[{"embeddable":true,"href":"https:\/\/nativoqueretaro.mx\/index.php\/wp-json\/wp\/v2\/users\/1"}],"replies":[{"embeddable":true,"href":"https:\/\/nativoqueretaro.mx\/index.php\/wp-json\/wp\/v2\/comments?post=41579"}],"version-history":[{"count":2,"href":"https:\/\/nativoqueretaro.mx\/index.php\/wp-json\/wp\/v2\/posts\/41579\/revisions"}],"predecessor-version":[{"id":41585,"href":"https:\/\/nativoqueretaro.mx\/index.php\/wp-json\/wp\/v2\/posts\/41579\/revisions\/41585"}],"wp:featuredmedia":[{"embeddable":true,"href":"https:\/\/nativoqueretaro.mx\/index.php\/wp-json\/wp\/v2\/media\/41580"}],"wp:attachment":[{"href":"https:\/\/nativoqueretaro.mx\/index.php\/wp-json\/wp\/v2\/media?parent=41579"}],"wp:term":[{"taxonomy":"category","embeddable":true,"href":"https:\/\/nativoqueretaro.mx\/index.php\/wp-json\/wp\/v2\/categories?post=41579"},{"taxonomy":"post_tag","embeddable":true,"href":"https:\/\/nativoqueretaro.mx\/index.php\/wp-json\/wp\/v2\/tags?post=41579"}],"curies":[{"name":"wp","href":"https:\/\/api.w.org\/{rel}","templated":true}]}}