{"id":36511,"date":"2024-12-25T15:14:14","date_gmt":"2024-12-25T15:14:14","guid":{"rendered":"https:\/\/nativoqueretaro.mx\/?p=36511"},"modified":"2024-12-25T15:15:32","modified_gmt":"2024-12-25T15:15:32","slug":"roberto-cabrera-reconoce-la-labor-de-los-policias-en-su-dia","status":"publish","type":"post","link":"https:\/\/nativoqueretaro.mx\/index.php\/2024\/12\/25\/roberto-cabrera-reconoce-la-labor-de-los-policias-en-su-dia\/","title":{"rendered":"Roberto Cabrera reconoce la labor de los polic\u00edas en su D\u00eda"},"content":{"rendered":"<p class=\"p1\">* El presidente municipal de San Juan del R\u00edo, Roberto Cabrera Valencia, tom\u00f3 protesta a tres mujeres como polic\u00edas de la 12va. Generaci\u00f3n.<\/p>\n<p class=\"p1\">* En el evento, el alcalde entreg\u00f3 12 reconocimientos a elementos por su valor, eficiencia y perseverancia.<\/p>\n<p class=\"p1\">Las y los polic\u00edas municipales se deben a la Patria, al estado de Quer\u00e9taro, a San Juan del R\u00edo y a sus familias, dijo el presidente municipal sanjuanense, Roberto Cabrera Valencia, durante la ceremonia con motivo del D\u00eda del Polic\u00eda, Entrega de Reconocimientos y Toma de Protesta como Polic\u00edas a la 12va. Generaci\u00f3n.<\/p>\n<p class=\"p1\">En el evento, Roberto Cabrera se\u00f1al\u00f3 que los y las polic\u00edas son la parte m\u00e1s notoria y visible de las autoridades, por lo que resalt\u00f3 y agradeci\u00f3 el trabajo que realizan en favor de las familias de la demarcaci\u00f3n. Convoc\u00f3 a las y los integrantes de la corporaci\u00f3n municipal a sentirse orgullosos de su labor y a ser un ejemplo para la sociedad.<\/p>\n<p class=\"p1\">\u201cHacen honor. Son parte de una polic\u00eda de un municipio de 500 a\u00f1os que ya va a cumplir en 2031. Como hermanos mayores en este pa\u00eds, pocas ciudades se fundaron en 1531, m\u00e1s debemos poner el ejemplo, a\u00fan m\u00e1s, mucho m\u00e1s, exigirnos m\u00e1s, por ser parte de un cuerpo policial muy antiguo, as\u00ed es que agradecerles mucho. Decirles: Felicidades, gracias\u201d, enfatiz\u00f3 Roberto Cabrera, quien se\u00f1al\u00f3 que, de la mano con los polic\u00edas, se construye un Legado de Bien Com\u00fan.<\/p>\n<p class=\"p1\">El presidente municipal de San Juan del R\u00edo les tom\u00f3 protesta a Ana Paola Verde Camacho, Mar\u00eda Josefina Mancilla Sibaja, Adriana Vega Sampayo, como polic\u00edas de la 12va. Generaci\u00f3n. Asimismo, entreg\u00f3 reconocimientos al valor a los polic\u00edas V\u00edctor Manuel Escobar Presa, Florencia Hern\u00e1ndez Ram\u00edrez, Nancy Garrido P\u00e9rez, Manuel Alejandro Septi\u00e9n Trujillo, Diana Estefany Romualdo Cruz y Esteban Torres Gallegos<\/p>\n<p class=\"p1\">Del mismo modo entreg\u00f3 galardones a la eficiencia a los elementos Jes\u00fas Felipe Hurtado Ba\u00f1os, Hilario Reyes Camacho y Sandra Rivera Orozco. A la perseverancia a Macrina Gonz\u00e1lez Mart\u00ednez, Miguel Hern\u00e1ndez Trinidad y Osiris Ortiz Mej\u00eda.<\/p>\n<p class=\"p1\">En su mensaje, el secretario de Seguridad P\u00fablica Municipal de San Juan del R\u00edo, Orlando Ch\u00e1vez Landaverde, indic\u00f3 que ser polic\u00eda significa enfrentar con valent\u00eda la vida diaria y creer en un municipio m\u00e1s seguro d\u00eda con d\u00eda. Refiri\u00f3 que el trabajo de los elementos polic\u00edacos tambi\u00e9n representa sacrificios, por lo que manifest\u00f3 su admiraci\u00f3n a su labor y vocaci\u00f3n de servicio.<\/p>\n<p class=\"p1\">\u201cUstedes son la fuerza que defiende a este municipio y San Juan del R\u00edo les debe su tranquilidad y confianza. Les agradecemos profundamente su dedicaci\u00f3n y valent\u00eda, son el rostro de la seguridad, pero tambi\u00e9n del sacrificio, del esfuerzo y del amor por este municipio que todos queremos ver florecer. Hoy les reitero mi compromiso para seguir trabajando hombro con hombro a cada uno de ustedes, garantizando que su labor sea valorada, que sus derechos sean respetados y que sus necesidades sean atendidas\u201d, puntualiz\u00f3 Orlando Ch\u00e1vez.<\/p>\n<p class=\"p1\">A trav\u00e9s de la Secretar\u00eda de Seguridad P\u00fablica Municipal, refiri\u00f3 el alcalde sanjuanense, se implementan acciones para tener una Mejor Ciudad, una Mejor Sociedad y un Mejor San Juan, elementos que, del mismo modo, abonan a la construcci\u00f3n de un Legado de Bien Com\u00fan que represente beneficios para las siguientes generaciones.<\/p>\n<p class=\"p1\">En el evento estuvieron presentes el Mayor del Arma Blindada, Jaime Trueba Rosales, del 7\u00ba Regimiento Mecanizado La Llave; Ricardo Res\u00e9ndiz Mart\u00ednez, consejero de la Comisi\u00f3n de Servicio Profesional de Carrera; No\u00e9 Priego Ponce de Le\u00f3n, en representaci\u00f3n del subdelegado de la Fiscal\u00eda General de la Rep\u00fablica; Uriel Guill\u00e9n Orozco, en representaci\u00f3n del Fiscal General del Estado de Quer\u00e9taro, y el agente Chivarra Romero, en representaci\u00f3n del coordinador de la Guardia Nacional en San Juan del R\u00edo.<\/p>\n<p>Informaci\u00f3n e image: Gob. SJR<\/p>\n","protected":false},"excerpt":{"rendered":"<p>* El presidente municipal de San Juan del R\u00edo, Roberto Cabrera Valencia, tom\u00f3 protesta a tres mujeres como polic\u00edas de la 12va. Generaci\u00f3n. * En el evento, el alcalde entreg\u00f3 12 reconocimientos a elementos por su valor, eficiencia y perseverancia. Las y los polic\u00edas municipales se deben a la Patria, al estado de Quer\u00e9taro, a [&hellip;]<\/p>\n","protected":false},"author":1,"featured_media":36513,"comment_status":"open","ping_status":"open","sticky":false,"template":"","format":"standard","meta":{"_acf_changed":false,"ocean_post_layout":"","ocean_both_sidebars_style":"","ocean_both_sidebars_content_width":0,"ocean_both_sidebars_sidebars_width":0,"ocean_sidebar":"","ocean_second_sidebar":"","ocean_disable_margins":"enable","ocean_add_body_class":"","ocean_shortcode_before_top_bar":"","ocean_shortcode_after_top_bar":"","ocean_shortcode_before_header":"","ocean_shortcode_after_header":"","ocean_has_shortcode":"","ocean_shortcode_after_title":"","ocean_shortcode_before_footer_widgets":"","ocean_shortcode_after_footer_widgets":"","ocean_shortcode_before_footer_bottom":"","ocean_shortcode_after_footer_bottom":"","ocean_display_top_bar":"default","ocean_display_header":"default","ocean_header_style":"","ocean_center_header_left_menu":"","ocean_custom_header_template":"","ocean_custom_logo":0,"ocean_custom_retina_logo":0,"ocean_custom_logo_max_width":0,"ocean_custom_logo_tablet_max_width":0,"ocean_custom_logo_mobile_max_width":0,"ocean_custom_logo_max_height":0,"ocean_custom_logo_tablet_max_height":0,"ocean_custom_logo_mobile_max_height":0,"ocean_header_custom_menu":"","ocean_menu_typo_font_family":"","ocean_menu_typo_font_subset":"","ocean_menu_typo_font_size":0,"ocean_menu_typo_font_size_tablet":0,"ocean_menu_typo_font_size_mobile":0,"ocean_menu_typo_font_size_unit":"px","ocean_menu_typo_font_weight":"","ocean_menu_typo_font_weight_tablet":"","ocean_menu_typo_font_weight_mobile":"","ocean_menu_typo_transform":"","ocean_menu_typo_transform_tablet":"","ocean_menu_typo_transform_mobile":"","ocean_menu_typo_line_height":0,"ocean_menu_typo_line_height_tablet":0,"ocean_menu_typo_line_height_mobile":0,"ocean_menu_typo_line_height_unit":"","ocean_menu_typo_spacing":0,"ocean_menu_typo_spacing_tablet":0,"ocean_menu_typo_spacing_mobile":0,"ocean_menu_typo_spacing_unit":"","ocean_menu_link_color":"","ocean_menu_link_color_hover":"","ocean_menu_link_color_active":"","ocean_menu_link_background":"","ocean_menu_link_hover_background":"","ocean_menu_link_active_background":"","ocean_menu_social_links_bg":"","ocean_menu_social_hover_links_bg":"","ocean_menu_social_links_color":"","ocean_menu_social_hover_links_color":"","ocean_disable_title":"default","ocean_disable_heading":"default","ocean_post_title":"","ocean_post_subheading":"","ocean_post_title_style":"","ocean_post_title_background_color":"","ocean_post_title_background":0,"ocean_post_title_bg_image_position":"","ocean_post_title_bg_image_attachment":"","ocean_post_title_bg_image_repeat":"","ocean_post_title_bg_image_size":"","ocean_post_title_height":0,"ocean_post_title_bg_overlay":0.5,"ocean_post_title_bg_overlay_color":"","ocean_disable_breadcrumbs":"default","ocean_breadcrumbs_color":"","ocean_breadcrumbs_separator_color":"","ocean_breadcrumbs_links_color":"","ocean_breadcrumbs_links_hover_color":"","ocean_display_footer_widgets":"default","ocean_display_footer_bottom":"default","ocean_custom_footer_template":"","ocean_post_oembed":"","ocean_post_self_hosted_media":"","ocean_post_video_embed":"","ocean_link_format":"","ocean_link_format_target":"self","ocean_quote_format":"","ocean_quote_format_link":"post","ocean_gallery_link_images":"on","ocean_gallery_id":[],"footnotes":""},"categories":[5],"tags":[],"class_list":["post-36511","post","type-post","status-publish","format-standard","has-post-thumbnail","hentry","category-san-juan-del-rio","entry","has-media"],"acf":[],"yoast_head":"<!-- This site is optimized with the Yoast SEO plugin v24.7 - https:\/\/yoast.com\/wordpress\/plugins\/seo\/ -->\n<title>Roberto Cabrera reconoce la labor de los polic\u00edas en su D\u00eda - Nativo Quer\u00e9taro<\/title>\n<meta name=\"robots\" content=\"index, follow, max-snippet:-1, max-image-preview:large, max-video-preview:-1\" \/>\n<link rel=\"canonical\" href=\"https:\/\/nativoqueretaro.mx\/index.php\/2024\/12\/25\/roberto-cabrera-reconoce-la-labor-de-los-policias-en-su-dia\/\" \/>\n<meta property=\"og:locale\" content=\"es_MX\" \/>\n<meta property=\"og:type\" content=\"article\" \/>\n<meta property=\"og:title\" content=\"Roberto Cabrera reconoce la labor de los polic\u00edas en su D\u00eda - Nativo Quer\u00e9taro\" \/>\n<meta property=\"og:description\" content=\"* El presidente municipal de San Juan del R\u00edo, Roberto Cabrera Valencia, tom\u00f3 protesta a tres mujeres como polic\u00edas de la 12va. Generaci\u00f3n. * En el evento, el alcalde entreg\u00f3 12 reconocimientos a elementos por su valor, eficiencia y perseverancia. Las y los polic\u00edas municipales se deben a la Patria, al estado de Quer\u00e9taro, a [&hellip;]\" \/>\n<meta property=\"og:url\" content=\"https:\/\/nativoqueretaro.mx\/index.php\/2024\/12\/25\/roberto-cabrera-reconoce-la-labor-de-los-policias-en-su-dia\/\" \/>\n<meta property=\"og:site_name\" content=\"Nativo Quer\u00e9taro\" \/>\n<meta property=\"article:published_time\" content=\"2024-12-25T15:14:14+00:00\" \/>\n<meta property=\"article:modified_time\" content=\"2024-12-25T15:15:32+00:00\" \/>\n<meta property=\"og:image\" content=\"https:\/\/nativoqueretaro.mx\/wp-content\/uploads\/2024\/12\/Captura-de-Pantalla-2024-12-25-a-las-9.11.35.png\" \/>\n\t<meta property=\"og:image:width\" content=\"738\" \/>\n\t<meta property=\"og:image:height\" content=\"504\" \/>\n\t<meta property=\"og:image:type\" content=\"image\/png\" \/>\n<meta name=\"author\" content=\"NativoQro\" \/>\n<meta name=\"twitter:card\" content=\"summary_large_image\" \/>\n<meta name=\"twitter:label1\" content=\"Escrito por\" \/>\n\t<meta name=\"twitter:data1\" content=\"NativoQro\" \/>\n\t<meta name=\"twitter:label2\" content=\"Tiempo de lectura\" \/>\n\t<meta name=\"twitter:data2\" content=\"3 minutos\" \/>\n<script type=\"application\/ld+json\" class=\"yoast-schema-graph\">{\"@context\":\"https:\/\/schema.org\",\"@graph\":[{\"@type\":\"Article\",\"@id\":\"https:\/\/nativoqueretaro.mx\/index.php\/2024\/12\/25\/roberto-cabrera-reconoce-la-labor-de-los-policias-en-su-dia\/#article\",\"isPartOf\":{\"@id\":\"https:\/\/nativoqueretaro.mx\/index.php\/2024\/12\/25\/roberto-cabrera-reconoce-la-labor-de-los-policias-en-su-dia\/\"},\"author\":{\"name\":\"NativoQro\",\"@id\":\"https:\/\/nativoqueretaro.mx\/#\/schema\/person\/9cb2d9bff62be7a0a4a39066c9eac822\"},\"headline\":\"Roberto Cabrera reconoce la labor de los polic\u00edas en su D\u00eda\",\"datePublished\":\"2024-12-25T15:14:14+00:00\",\"dateModified\":\"2024-12-25T15:15:32+00:00\",\"mainEntityOfPage\":{\"@id\":\"https:\/\/nativoqueretaro.mx\/index.php\/2024\/12\/25\/roberto-cabrera-reconoce-la-labor-de-los-policias-en-su-dia\/\"},\"wordCount\":694,\"commentCount\":0,\"publisher\":{\"@id\":\"https:\/\/nativoqueretaro.mx\/#organization\"},\"image\":{\"@id\":\"https:\/\/nativoqueretaro.mx\/index.php\/2024\/12\/25\/roberto-cabrera-reconoce-la-labor-de-los-policias-en-su-dia\/#primaryimage\"},\"thumbnailUrl\":\"https:\/\/nativoqueretaro.mx\/wp-content\/uploads\/2024\/12\/Captura-de-Pantalla-2024-12-25-a-las-9.11.35.png\",\"articleSection\":[\"San Juan del R\u00edo\"],\"inLanguage\":\"es\",\"potentialAction\":[{\"@type\":\"CommentAction\",\"name\":\"Comment\",\"target\":[\"https:\/\/nativoqueretaro.mx\/index.php\/2024\/12\/25\/roberto-cabrera-reconoce-la-labor-de-los-policias-en-su-dia\/#respond\"]}]},{\"@type\":\"WebPage\",\"@id\":\"https:\/\/nativoqueretaro.mx\/index.php\/2024\/12\/25\/roberto-cabrera-reconoce-la-labor-de-los-policias-en-su-dia\/\",\"url\":\"https:\/\/nativoqueretaro.mx\/index.php\/2024\/12\/25\/roberto-cabrera-reconoce-la-labor-de-los-policias-en-su-dia\/\",\"name\":\"Roberto Cabrera reconoce la labor de los polic\u00edas en su D\u00eda - Nativo Quer\u00e9taro\",\"isPartOf\":{\"@id\":\"https:\/\/nativoqueretaro.mx\/#website\"},\"primaryImageOfPage\":{\"@id\":\"https:\/\/nativoqueretaro.mx\/index.php\/2024\/12\/25\/roberto-cabrera-reconoce-la-labor-de-los-policias-en-su-dia\/#primaryimage\"},\"image\":{\"@id\":\"https:\/\/nativoqueretaro.mx\/index.php\/2024\/12\/25\/roberto-cabrera-reconoce-la-labor-de-los-policias-en-su-dia\/#primaryimage\"},\"thumbnailUrl\":\"https:\/\/nativoqueretaro.mx\/wp-content\/uploads\/2024\/12\/Captura-de-Pantalla-2024-12-25-a-las-9.11.35.png\",\"datePublished\":\"2024-12-25T15:14:14+00:00\",\"dateModified\":\"2024-12-25T15:15:32+00:00\",\"breadcrumb\":{\"@id\":\"https:\/\/nativoqueretaro.mx\/index.php\/2024\/12\/25\/roberto-cabrera-reconoce-la-labor-de-los-policias-en-su-dia\/#breadcrumb\"},\"inLanguage\":\"es\",\"potentialAction\":[{\"@type\":\"ReadAction\",\"target\":[\"https:\/\/nativoqueretaro.mx\/index.php\/2024\/12\/25\/roberto-cabrera-reconoce-la-labor-de-los-policias-en-su-dia\/\"]}]},{\"@type\":\"ImageObject\",\"inLanguage\":\"es\",\"@id\":\"https:\/\/nativoqueretaro.mx\/index.php\/2024\/12\/25\/roberto-cabrera-reconoce-la-labor-de-los-policias-en-su-dia\/#primaryimage\",\"url\":\"https:\/\/nativoqueretaro.mx\/wp-content\/uploads\/2024\/12\/Captura-de-Pantalla-2024-12-25-a-las-9.11.35.png\",\"contentUrl\":\"https:\/\/nativoqueretaro.mx\/wp-content\/uploads\/2024\/12\/Captura-de-Pantalla-2024-12-25-a-las-9.11.35.png\",\"width\":738,\"height\":504},{\"@type\":\"BreadcrumbList\",\"@id\":\"https:\/\/nativoqueretaro.mx\/index.php\/2024\/12\/25\/roberto-cabrera-reconoce-la-labor-de-los-policias-en-su-dia\/#breadcrumb\",\"itemListElement\":[{\"@type\":\"ListItem\",\"position\":1,\"name\":\"Home\",\"item\":\"https:\/\/nativoqueretaro.mx\/\"},{\"@type\":\"ListItem\",\"position\":2,\"name\":\"Roberto Cabrera reconoce la labor de los polic\u00edas en su D\u00eda\"}]},{\"@type\":\"WebSite\",\"@id\":\"https:\/\/nativoqueretaro.mx\/#website\",\"url\":\"https:\/\/nativoqueretaro.mx\/\",\"name\":\"Nativo Quer\u00e9taro\",\"description\":\"\",\"publisher\":{\"@id\":\"https:\/\/nativoqueretaro.mx\/#organization\"},\"potentialAction\":[{\"@type\":\"SearchAction\",\"target\":{\"@type\":\"EntryPoint\",\"urlTemplate\":\"https:\/\/nativoqueretaro.mx\/?s={search_term_string}\"},\"query-input\":{\"@type\":\"PropertyValueSpecification\",\"valueRequired\":true,\"valueName\":\"search_term_string\"}}],\"inLanguage\":\"es\"},{\"@type\":\"Organization\",\"@id\":\"https:\/\/nativoqueretaro.mx\/#organization\",\"name\":\"Nativo Quer\u00e9taro\",\"url\":\"https:\/\/nativoqueretaro.mx\/\",\"logo\":{\"@type\":\"ImageObject\",\"inLanguage\":\"es\",\"@id\":\"https:\/\/nativoqueretaro.mx\/#\/schema\/logo\/image\/\",\"url\":\"https:\/\/nativoqueretaro.mx\/wp-content\/uploads\/2025\/01\/NATIVO_QRO_white.svg\",\"contentUrl\":\"https:\/\/nativoqueretaro.mx\/wp-content\/uploads\/2025\/01\/NATIVO_QRO_white.svg\",\"caption\":\"Nativo Quer\u00e9taro\"},\"image\":{\"@id\":\"https:\/\/nativoqueretaro.mx\/#\/schema\/logo\/image\/\"}},{\"@type\":\"Person\",\"@id\":\"https:\/\/nativoqueretaro.mx\/#\/schema\/person\/9cb2d9bff62be7a0a4a39066c9eac822\",\"name\":\"NativoQro\",\"image\":{\"@type\":\"ImageObject\",\"inLanguage\":\"es\",\"@id\":\"https:\/\/nativoqueretaro.mx\/#\/schema\/person\/image\/\",\"url\":\"https:\/\/secure.gravatar.com\/avatar\/0574151f0584a2a8056a6d87f37cd6abc6c709a951c8e822eb1ab470a5022bc5?s=96&d=mm&r=g\",\"contentUrl\":\"https:\/\/secure.gravatar.com\/avatar\/0574151f0584a2a8056a6d87f37cd6abc6c709a951c8e822eb1ab470a5022bc5?s=96&d=mm&r=g\",\"caption\":\"NativoQro\"},\"url\":\"https:\/\/nativoqueretaro.mx\/index.php\/author\/nativoadmin\/\"}]}<\/script>\n<!-- \/ Yoast SEO plugin. -->","yoast_head_json":{"title":"Roberto Cabrera reconoce la labor de los polic\u00edas en su D\u00eda - Nativo Quer\u00e9taro","robots":{"index":"index","follow":"follow","max-snippet":"max-snippet:-1","max-image-preview":"max-image-preview:large","max-video-preview":"max-video-preview:-1"},"canonical":"https:\/\/nativoqueretaro.mx\/index.php\/2024\/12\/25\/roberto-cabrera-reconoce-la-labor-de-los-policias-en-su-dia\/","og_locale":"es_MX","og_type":"article","og_title":"Roberto Cabrera reconoce la labor de los polic\u00edas en su D\u00eda - Nativo Quer\u00e9taro","og_description":"* El presidente municipal de San Juan del R\u00edo, Roberto Cabrera Valencia, tom\u00f3 protesta a tres mujeres como polic\u00edas de la 12va. Generaci\u00f3n. * En el evento, el alcalde entreg\u00f3 12 reconocimientos a elementos por su valor, eficiencia y perseverancia. Las y los polic\u00edas municipales se deben a la Patria, al estado de Quer\u00e9taro, a [&hellip;]","og_url":"https:\/\/nativoqueretaro.mx\/index.php\/2024\/12\/25\/roberto-cabrera-reconoce-la-labor-de-los-policias-en-su-dia\/","og_site_name":"Nativo Quer\u00e9taro","article_published_time":"2024-12-25T15:14:14+00:00","article_modified_time":"2024-12-25T15:15:32+00:00","og_image":[{"width":738,"height":504,"url":"https:\/\/nativoqueretaro.mx\/wp-content\/uploads\/2024\/12\/Captura-de-Pantalla-2024-12-25-a-las-9.11.35.png","type":"image\/png"}],"author":"NativoQro","twitter_card":"summary_large_image","twitter_misc":{"Escrito por":"NativoQro","Tiempo de lectura":"3 minutos"},"schema":{"@context":"https:\/\/schema.org","@graph":[{"@type":"Article","@id":"https:\/\/nativoqueretaro.mx\/index.php\/2024\/12\/25\/roberto-cabrera-reconoce-la-labor-de-los-policias-en-su-dia\/#article","isPartOf":{"@id":"https:\/\/nativoqueretaro.mx\/index.php\/2024\/12\/25\/roberto-cabrera-reconoce-la-labor-de-los-policias-en-su-dia\/"},"author":{"name":"NativoQro","@id":"https:\/\/nativoqueretaro.mx\/#\/schema\/person\/9cb2d9bff62be7a0a4a39066c9eac822"},"headline":"Roberto Cabrera reconoce la labor de los polic\u00edas en su D\u00eda","datePublished":"2024-12-25T15:14:14+00:00","dateModified":"2024-12-25T15:15:32+00:00","mainEntityOfPage":{"@id":"https:\/\/nativoqueretaro.mx\/index.php\/2024\/12\/25\/roberto-cabrera-reconoce-la-labor-de-los-policias-en-su-dia\/"},"wordCount":694,"commentCount":0,"publisher":{"@id":"https:\/\/nativoqueretaro.mx\/#organization"},"image":{"@id":"https:\/\/nativoqueretaro.mx\/index.php\/2024\/12\/25\/roberto-cabrera-reconoce-la-labor-de-los-policias-en-su-dia\/#primaryimage"},"thumbnailUrl":"https:\/\/nativoqueretaro.mx\/wp-content\/uploads\/2024\/12\/Captura-de-Pantalla-2024-12-25-a-las-9.11.35.png","articleSection":["San Juan del R\u00edo"],"inLanguage":"es","potentialAction":[{"@type":"CommentAction","name":"Comment","target":["https:\/\/nativoqueretaro.mx\/index.php\/2024\/12\/25\/roberto-cabrera-reconoce-la-labor-de-los-policias-en-su-dia\/#respond"]}]},{"@type":"WebPage","@id":"https:\/\/nativoqueretaro.mx\/index.php\/2024\/12\/25\/roberto-cabrera-reconoce-la-labor-de-los-policias-en-su-dia\/","url":"https:\/\/nativoqueretaro.mx\/index.php\/2024\/12\/25\/roberto-cabrera-reconoce-la-labor-de-los-policias-en-su-dia\/","name":"Roberto Cabrera reconoce la labor de los polic\u00edas en su D\u00eda - Nativo Quer\u00e9taro","isPartOf":{"@id":"https:\/\/nativoqueretaro.mx\/#website"},"primaryImageOfPage":{"@id":"https:\/\/nativoqueretaro.mx\/index.php\/2024\/12\/25\/roberto-cabrera-reconoce-la-labor-de-los-policias-en-su-dia\/#primaryimage"},"image":{"@id":"https:\/\/nativoqueretaro.mx\/index.php\/2024\/12\/25\/roberto-cabrera-reconoce-la-labor-de-los-policias-en-su-dia\/#primaryimage"},"thumbnailUrl":"https:\/\/nativoqueretaro.mx\/wp-content\/uploads\/2024\/12\/Captura-de-Pantalla-2024-12-25-a-las-9.11.35.png","datePublished":"2024-12-25T15:14:14+00:00","dateModified":"2024-12-25T15:15:32+00:00","breadcrumb":{"@id":"https:\/\/nativoqueretaro.mx\/index.php\/2024\/12\/25\/roberto-cabrera-reconoce-la-labor-de-los-policias-en-su-dia\/#breadcrumb"},"inLanguage":"es","potentialAction":[{"@type":"ReadAction","target":["https:\/\/nativoqueretaro.mx\/index.php\/2024\/12\/25\/roberto-cabrera-reconoce-la-labor-de-los-policias-en-su-dia\/"]}]},{"@type":"ImageObject","inLanguage":"es","@id":"https:\/\/nativoqueretaro.mx\/index.php\/2024\/12\/25\/roberto-cabrera-reconoce-la-labor-de-los-policias-en-su-dia\/#primaryimage","url":"https:\/\/nativoqueretaro.mx\/wp-content\/uploads\/2024\/12\/Captura-de-Pantalla-2024-12-25-a-las-9.11.35.png","contentUrl":"https:\/\/nativoqueretaro.mx\/wp-content\/uploads\/2024\/12\/Captura-de-Pantalla-2024-12-25-a-las-9.11.35.png","width":738,"height":504},{"@type":"BreadcrumbList","@id":"https:\/\/nativoqueretaro.mx\/index.php\/2024\/12\/25\/roberto-cabrera-reconoce-la-labor-de-los-policias-en-su-dia\/#breadcrumb","itemListElement":[{"@type":"ListItem","position":1,"name":"Home","item":"https:\/\/nativoqueretaro.mx\/"},{"@type":"ListItem","position":2,"name":"Roberto Cabrera reconoce la labor de los polic\u00edas en su D\u00eda"}]},{"@type":"WebSite","@id":"https:\/\/nativoqueretaro.mx\/#website","url":"https:\/\/nativoqueretaro.mx\/","name":"Nativo Quer\u00e9taro","description":"","publisher":{"@id":"https:\/\/nativoqueretaro.mx\/#organization"},"potentialAction":[{"@type":"SearchAction","target":{"@type":"EntryPoint","urlTemplate":"https:\/\/nativoqueretaro.mx\/?s={search_term_string}"},"query-input":{"@type":"PropertyValueSpecification","valueRequired":true,"valueName":"search_term_string"}}],"inLanguage":"es"},{"@type":"Organization","@id":"https:\/\/nativoqueretaro.mx\/#organization","name":"Nativo Quer\u00e9taro","url":"https:\/\/nativoqueretaro.mx\/","logo":{"@type":"ImageObject","inLanguage":"es","@id":"https:\/\/nativoqueretaro.mx\/#\/schema\/logo\/image\/","url":"https:\/\/nativoqueretaro.mx\/wp-content\/uploads\/2025\/01\/NATIVO_QRO_white.svg","contentUrl":"https:\/\/nativoqueretaro.mx\/wp-content\/uploads\/2025\/01\/NATIVO_QRO_white.svg","caption":"Nativo Quer\u00e9taro"},"image":{"@id":"https:\/\/nativoqueretaro.mx\/#\/schema\/logo\/image\/"}},{"@type":"Person","@id":"https:\/\/nativoqueretaro.mx\/#\/schema\/person\/9cb2d9bff62be7a0a4a39066c9eac822","name":"NativoQro","image":{"@type":"ImageObject","inLanguage":"es","@id":"https:\/\/nativoqueretaro.mx\/#\/schema\/person\/image\/","url":"https:\/\/secure.gravatar.com\/avatar\/0574151f0584a2a8056a6d87f37cd6abc6c709a951c8e822eb1ab470a5022bc5?s=96&d=mm&r=g","contentUrl":"https:\/\/secure.gravatar.com\/avatar\/0574151f0584a2a8056a6d87f37cd6abc6c709a951c8e822eb1ab470a5022bc5?s=96&d=mm&r=g","caption":"NativoQro"},"url":"https:\/\/nativoqueretaro.mx\/index.php\/author\/nativoadmin\/"}]}},"_links":{"self":[{"href":"https:\/\/nativoqueretaro.mx\/index.php\/wp-json\/wp\/v2\/posts\/36511","targetHints":{"allow":["GET"]}}],"collection":[{"href":"https:\/\/nativoqueretaro.mx\/index.php\/wp-json\/wp\/v2\/posts"}],"about":[{"href":"https:\/\/nativoqueretaro.mx\/index.php\/wp-json\/wp\/v2\/types\/post"}],"author":[{"embeddable":true,"href":"https:\/\/nativoqueretaro.mx\/index.php\/wp-json\/wp\/v2\/users\/1"}],"replies":[{"embeddable":true,"href":"https:\/\/nativoqueretaro.mx\/index.php\/wp-json\/wp\/v2\/comments?post=36511"}],"version-history":[{"count":0,"href":"https:\/\/nativoqueretaro.mx\/index.php\/wp-json\/wp\/v2\/posts\/36511\/revisions"}],"wp:featuredmedia":[{"embeddable":true,"href":"https:\/\/nativoqueretaro.mx\/index.php\/wp-json\/wp\/v2\/media\/36513"}],"wp:attachment":[{"href":"https:\/\/nativoqueretaro.mx\/index.php\/wp-json\/wp\/v2\/media?parent=36511"}],"wp:term":[{"taxonomy":"category","embeddable":true,"href":"https:\/\/nativoqueretaro.mx\/index.php\/wp-json\/wp\/v2\/categories?post=36511"},{"taxonomy":"post_tag","embeddable":true,"href":"https:\/\/nativoqueretaro.mx\/index.php\/wp-json\/wp\/v2\/tags?post=36511"}],"curies":[{"name":"wp","href":"https:\/\/api.w.org\/{rel}","templated":true}]}}