{"id":36489,"date":"2024-12-23T16:57:50","date_gmt":"2024-12-23T16:57:50","guid":{"rendered":"https:\/\/nativoqueretaro.mx\/?p=36489"},"modified":"2024-12-23T17:00:24","modified_gmt":"2024-12-23T17:00:24","slug":"roberto-cabrera-reconoce-la-labor-del-sindicato-unico-de-trabajadores-al-servicio-del-municipio-de-san-juan-del-rio","status":"publish","type":"post","link":"https:\/\/nativoqueretaro.mx\/index.php\/2024\/12\/23\/roberto-cabrera-reconoce-la-labor-del-sindicato-unico-de-trabajadores-al-servicio-del-municipio-de-san-juan-del-rio\/","title":{"rendered":"Roberto Cabrera reconoce la labor del Sindicato \u00danico de Trabajadores al Servicio del Municipio de San Juan del R\u00edo"},"content":{"rendered":"<p class=\"p1\">El presidente municipal de San Juan del R\u00edo, Roberto Cabrera Valencia, asisti\u00f3 como invitado al festejo de Fin de A\u00f1o del Sindicato \u00danico de Trabajadores al Servicio del Municipio de San Juan del R\u00edo (SUTSMSJR), organizaci\u00f3n sindical encabezada por Gregorio L\u00f3pez Gonz\u00e1lez.<\/p>\n<p class=\"p1\">Durante el evento, realizado en las instalaciones de la Nave Comercial del Centro Expositor, Roberto Cabrera y Gregorio L\u00f3pez convivieron con las y los trabajadores agremiados a este Sindicato, adem\u00e1s de mantener cercan\u00eda y comunicaci\u00f3n con este sector.<\/p>\n<p class=\"p1\">En el festejo, donde tambi\u00e9n estuvo presente el secretario de Gobierno, Abel Espinoza Su\u00e1rez, Cabrera Valencia y L\u00f3pez Gonz\u00e1lez reconocieron la labor que, desde sus respectivas \u00e1reas, llevan a cabo los y las trabajadoras del SUTSMSJR, quienes contribuyen a tener una Mejor Ciudad, un Mejor Gobierno y una Mejor Sociedad y construir un Legado de Bien Com\u00fan.<\/p>\n","protected":false},"excerpt":{"rendered":"<p>El presidente municipal de San Juan del R\u00edo, Roberto Cabrera Valencia, asisti\u00f3 como invitado al festejo de Fin de A\u00f1o del Sindicato \u00danico de Trabajadores al Servicio del Municipio de San Juan del R\u00edo (SUTSMSJR), organizaci\u00f3n sindical encabezada por Gregorio L\u00f3pez Gonz\u00e1lez. Durante el evento, realizado en las instalaciones de la Nave Comercial del Centro [&hellip;]<\/p>\n","protected":false},"author":1,"featured_media":36491,"comment_status":"open","ping_status":"open","sticky":false,"template":"","format":"standard","meta":{"_acf_changed":false,"ocean_post_layout":"","ocean_both_sidebars_style":"","ocean_both_sidebars_content_width":0,"ocean_both_sidebars_sidebars_width":0,"ocean_sidebar":"","ocean_second_sidebar":"","ocean_disable_margins":"enable","ocean_add_body_class":"","ocean_shortcode_before_top_bar":"","ocean_shortcode_after_top_bar":"","ocean_shortcode_before_header":"","ocean_shortcode_after_header":"","ocean_has_shortcode":"","ocean_shortcode_after_title":"","ocean_shortcode_before_footer_widgets":"","ocean_shortcode_after_footer_widgets":"","ocean_shortcode_before_footer_bottom":"","ocean_shortcode_after_footer_bottom":"","ocean_display_top_bar":"default","ocean_display_header":"default","ocean_header_style":"","ocean_center_header_left_menu":"","ocean_custom_header_template":"","ocean_custom_logo":0,"ocean_custom_retina_logo":0,"ocean_custom_logo_max_width":0,"ocean_custom_logo_tablet_max_width":0,"ocean_custom_logo_mobile_max_width":0,"ocean_custom_logo_max_height":0,"ocean_custom_logo_tablet_max_height":0,"ocean_custom_logo_mobile_max_height":0,"ocean_header_custom_menu":"","ocean_menu_typo_font_family":"","ocean_menu_typo_font_subset":"","ocean_menu_typo_font_size":0,"ocean_menu_typo_font_size_tablet":0,"ocean_menu_typo_font_size_mobile":0,"ocean_menu_typo_font_size_unit":"px","ocean_menu_typo_font_weight":"","ocean_menu_typo_font_weight_tablet":"","ocean_menu_typo_font_weight_mobile":"","ocean_menu_typo_transform":"","ocean_menu_typo_transform_tablet":"","ocean_menu_typo_transform_mobile":"","ocean_menu_typo_line_height":0,"ocean_menu_typo_line_height_tablet":0,"ocean_menu_typo_line_height_mobile":0,"ocean_menu_typo_line_height_unit":"","ocean_menu_typo_spacing":0,"ocean_menu_typo_spacing_tablet":0,"ocean_menu_typo_spacing_mobile":0,"ocean_menu_typo_spacing_unit":"","ocean_menu_link_color":"","ocean_menu_link_color_hover":"","ocean_menu_link_color_active":"","ocean_menu_link_background":"","ocean_menu_link_hover_background":"","ocean_menu_link_active_background":"","ocean_menu_social_links_bg":"","ocean_menu_social_hover_links_bg":"","ocean_menu_social_links_color":"","ocean_menu_social_hover_links_color":"","ocean_disable_title":"default","ocean_disable_heading":"default","ocean_post_title":"","ocean_post_subheading":"","ocean_post_title_style":"","ocean_post_title_background_color":"","ocean_post_title_background":0,"ocean_post_title_bg_image_position":"","ocean_post_title_bg_image_attachment":"","ocean_post_title_bg_image_repeat":"","ocean_post_title_bg_image_size":"","ocean_post_title_height":0,"ocean_post_title_bg_overlay":0.5,"ocean_post_title_bg_overlay_color":"","ocean_disable_breadcrumbs":"default","ocean_breadcrumbs_color":"","ocean_breadcrumbs_separator_color":"","ocean_breadcrumbs_links_color":"","ocean_breadcrumbs_links_hover_color":"","ocean_display_footer_widgets":"default","ocean_display_footer_bottom":"default","ocean_custom_footer_template":"","ocean_post_oembed":"","ocean_post_self_hosted_media":"","ocean_post_video_embed":"","ocean_link_format":"","ocean_link_format_target":"self","ocean_quote_format":"","ocean_quote_format_link":"post","ocean_gallery_link_images":"on","ocean_gallery_id":[],"footnotes":""},"categories":[5],"tags":[],"class_list":["post-36489","post","type-post","status-publish","format-standard","has-post-thumbnail","hentry","category-san-juan-del-rio","entry","has-media"],"acf":[],"yoast_head":"<!-- This site is optimized with the Yoast SEO plugin v24.7 - https:\/\/yoast.com\/wordpress\/plugins\/seo\/ -->\n<title>Roberto Cabrera reconoce la labor del Sindicato \u00danico de Trabajadores al Servicio del Municipio de San Juan del R\u00edo - Nativo Quer\u00e9taro<\/title>\n<meta name=\"robots\" content=\"index, follow, max-snippet:-1, max-image-preview:large, max-video-preview:-1\" \/>\n<link rel=\"canonical\" href=\"https:\/\/nativoqueretaro.mx\/index.php\/2024\/12\/23\/roberto-cabrera-reconoce-la-labor-del-sindicato-unico-de-trabajadores-al-servicio-del-municipio-de-san-juan-del-rio\/\" \/>\n<meta property=\"og:locale\" content=\"es_MX\" \/>\n<meta property=\"og:type\" content=\"article\" \/>\n<meta property=\"og:title\" content=\"Roberto Cabrera reconoce la labor del Sindicato \u00danico de Trabajadores al Servicio del Municipio de San Juan del R\u00edo - Nativo Quer\u00e9taro\" \/>\n<meta property=\"og:description\" content=\"El presidente municipal de San Juan del R\u00edo, Roberto Cabrera Valencia, asisti\u00f3 como invitado al festejo de Fin de A\u00f1o del Sindicato \u00danico de Trabajadores al Servicio del Municipio de San Juan del R\u00edo (SUTSMSJR), organizaci\u00f3n sindical encabezada por Gregorio L\u00f3pez Gonz\u00e1lez. Durante el evento, realizado en las instalaciones de la Nave Comercial del Centro [&hellip;]\" \/>\n<meta property=\"og:url\" content=\"https:\/\/nativoqueretaro.mx\/index.php\/2024\/12\/23\/roberto-cabrera-reconoce-la-labor-del-sindicato-unico-de-trabajadores-al-servicio-del-municipio-de-san-juan-del-rio\/\" \/>\n<meta property=\"og:site_name\" content=\"Nativo Quer\u00e9taro\" \/>\n<meta property=\"article:published_time\" content=\"2024-12-23T16:57:50+00:00\" \/>\n<meta property=\"article:modified_time\" content=\"2024-12-23T17:00:24+00:00\" \/>\n<meta property=\"og:image\" content=\"https:\/\/nativoqueretaro.mx\/wp-content\/uploads\/2024\/12\/Captura-de-Pantalla-2024-12-23-a-las-10.36.41.png\" \/>\n\t<meta property=\"og:image:width\" content=\"764\" \/>\n\t<meta property=\"og:image:height\" content=\"564\" \/>\n\t<meta property=\"og:image:type\" content=\"image\/png\" \/>\n<meta name=\"author\" content=\"NativoQro\" \/>\n<meta name=\"twitter:card\" content=\"summary_large_image\" \/>\n<meta name=\"twitter:label1\" content=\"Escrito por\" \/>\n\t<meta name=\"twitter:data1\" content=\"NativoQro\" \/>\n\t<meta name=\"twitter:label2\" content=\"Tiempo de lectura\" \/>\n\t<meta name=\"twitter:data2\" content=\"1 minuto\" \/>\n<script type=\"application\/ld+json\" class=\"yoast-schema-graph\">{\"@context\":\"https:\/\/schema.org\",\"@graph\":[{\"@type\":\"Article\",\"@id\":\"https:\/\/nativoqueretaro.mx\/index.php\/2024\/12\/23\/roberto-cabrera-reconoce-la-labor-del-sindicato-unico-de-trabajadores-al-servicio-del-municipio-de-san-juan-del-rio\/#article\",\"isPartOf\":{\"@id\":\"https:\/\/nativoqueretaro.mx\/index.php\/2024\/12\/23\/roberto-cabrera-reconoce-la-labor-del-sindicato-unico-de-trabajadores-al-servicio-del-municipio-de-san-juan-del-rio\/\"},\"author\":{\"name\":\"NativoQro\",\"@id\":\"https:\/\/nativoqueretaro.mx\/#\/schema\/person\/9cb2d9bff62be7a0a4a39066c9eac822\"},\"headline\":\"Roberto Cabrera reconoce la labor del Sindicato \u00danico de Trabajadores al Servicio del Municipio de San Juan del R\u00edo\",\"datePublished\":\"2024-12-23T16:57:50+00:00\",\"dateModified\":\"2024-12-23T17:00:24+00:00\",\"mainEntityOfPage\":{\"@id\":\"https:\/\/nativoqueretaro.mx\/index.php\/2024\/12\/23\/roberto-cabrera-reconoce-la-labor-del-sindicato-unico-de-trabajadores-al-servicio-del-municipio-de-san-juan-del-rio\/\"},\"wordCount\":172,\"commentCount\":0,\"publisher\":{\"@id\":\"https:\/\/nativoqueretaro.mx\/#organization\"},\"image\":{\"@id\":\"https:\/\/nativoqueretaro.mx\/index.php\/2024\/12\/23\/roberto-cabrera-reconoce-la-labor-del-sindicato-unico-de-trabajadores-al-servicio-del-municipio-de-san-juan-del-rio\/#primaryimage\"},\"thumbnailUrl\":\"https:\/\/nativoqueretaro.mx\/wp-content\/uploads\/2024\/12\/Captura-de-Pantalla-2024-12-23-a-las-10.36.41.png\",\"articleSection\":[\"San Juan del R\u00edo\"],\"inLanguage\":\"es\",\"potentialAction\":[{\"@type\":\"CommentAction\",\"name\":\"Comment\",\"target\":[\"https:\/\/nativoqueretaro.mx\/index.php\/2024\/12\/23\/roberto-cabrera-reconoce-la-labor-del-sindicato-unico-de-trabajadores-al-servicio-del-municipio-de-san-juan-del-rio\/#respond\"]}]},{\"@type\":\"WebPage\",\"@id\":\"https:\/\/nativoqueretaro.mx\/index.php\/2024\/12\/23\/roberto-cabrera-reconoce-la-labor-del-sindicato-unico-de-trabajadores-al-servicio-del-municipio-de-san-juan-del-rio\/\",\"url\":\"https:\/\/nativoqueretaro.mx\/index.php\/2024\/12\/23\/roberto-cabrera-reconoce-la-labor-del-sindicato-unico-de-trabajadores-al-servicio-del-municipio-de-san-juan-del-rio\/\",\"name\":\"Roberto Cabrera reconoce la labor del Sindicato \u00danico de Trabajadores al Servicio del Municipio de San Juan del R\u00edo - Nativo Quer\u00e9taro\",\"isPartOf\":{\"@id\":\"https:\/\/nativoqueretaro.mx\/#website\"},\"primaryImageOfPage\":{\"@id\":\"https:\/\/nativoqueretaro.mx\/index.php\/2024\/12\/23\/roberto-cabrera-reconoce-la-labor-del-sindicato-unico-de-trabajadores-al-servicio-del-municipio-de-san-juan-del-rio\/#primaryimage\"},\"image\":{\"@id\":\"https:\/\/nativoqueretaro.mx\/index.php\/2024\/12\/23\/roberto-cabrera-reconoce-la-labor-del-sindicato-unico-de-trabajadores-al-servicio-del-municipio-de-san-juan-del-rio\/#primaryimage\"},\"thumbnailUrl\":\"https:\/\/nativoqueretaro.mx\/wp-content\/uploads\/2024\/12\/Captura-de-Pantalla-2024-12-23-a-las-10.36.41.png\",\"datePublished\":\"2024-12-23T16:57:50+00:00\",\"dateModified\":\"2024-12-23T17:00:24+00:00\",\"breadcrumb\":{\"@id\":\"https:\/\/nativoqueretaro.mx\/index.php\/2024\/12\/23\/roberto-cabrera-reconoce-la-labor-del-sindicato-unico-de-trabajadores-al-servicio-del-municipio-de-san-juan-del-rio\/#breadcrumb\"},\"inLanguage\":\"es\",\"potentialAction\":[{\"@type\":\"ReadAction\",\"target\":[\"https:\/\/nativoqueretaro.mx\/index.php\/2024\/12\/23\/roberto-cabrera-reconoce-la-labor-del-sindicato-unico-de-trabajadores-al-servicio-del-municipio-de-san-juan-del-rio\/\"]}]},{\"@type\":\"ImageObject\",\"inLanguage\":\"es\",\"@id\":\"https:\/\/nativoqueretaro.mx\/index.php\/2024\/12\/23\/roberto-cabrera-reconoce-la-labor-del-sindicato-unico-de-trabajadores-al-servicio-del-municipio-de-san-juan-del-rio\/#primaryimage\",\"url\":\"https:\/\/nativoqueretaro.mx\/wp-content\/uploads\/2024\/12\/Captura-de-Pantalla-2024-12-23-a-las-10.36.41.png\",\"contentUrl\":\"https:\/\/nativoqueretaro.mx\/wp-content\/uploads\/2024\/12\/Captura-de-Pantalla-2024-12-23-a-las-10.36.41.png\",\"width\":764,\"height\":564},{\"@type\":\"BreadcrumbList\",\"@id\":\"https:\/\/nativoqueretaro.mx\/index.php\/2024\/12\/23\/roberto-cabrera-reconoce-la-labor-del-sindicato-unico-de-trabajadores-al-servicio-del-municipio-de-san-juan-del-rio\/#breadcrumb\",\"itemListElement\":[{\"@type\":\"ListItem\",\"position\":1,\"name\":\"Home\",\"item\":\"https:\/\/nativoqueretaro.mx\/\"},{\"@type\":\"ListItem\",\"position\":2,\"name\":\"Roberto Cabrera reconoce la labor del Sindicato \u00danico de Trabajadores al Servicio del Municipio de San Juan del R\u00edo\"}]},{\"@type\":\"WebSite\",\"@id\":\"https:\/\/nativoqueretaro.mx\/#website\",\"url\":\"https:\/\/nativoqueretaro.mx\/\",\"name\":\"Nativo Quer\u00e9taro\",\"description\":\"\",\"publisher\":{\"@id\":\"https:\/\/nativoqueretaro.mx\/#organization\"},\"potentialAction\":[{\"@type\":\"SearchAction\",\"target\":{\"@type\":\"EntryPoint\",\"urlTemplate\":\"https:\/\/nativoqueretaro.mx\/?s={search_term_string}\"},\"query-input\":{\"@type\":\"PropertyValueSpecification\",\"valueRequired\":true,\"valueName\":\"search_term_string\"}}],\"inLanguage\":\"es\"},{\"@type\":\"Organization\",\"@id\":\"https:\/\/nativoqueretaro.mx\/#organization\",\"name\":\"Nativo Quer\u00e9taro\",\"url\":\"https:\/\/nativoqueretaro.mx\/\",\"logo\":{\"@type\":\"ImageObject\",\"inLanguage\":\"es\",\"@id\":\"https:\/\/nativoqueretaro.mx\/#\/schema\/logo\/image\/\",\"url\":\"https:\/\/nativoqueretaro.mx\/wp-content\/uploads\/2025\/01\/NATIVO_QRO_white.svg\",\"contentUrl\":\"https:\/\/nativoqueretaro.mx\/wp-content\/uploads\/2025\/01\/NATIVO_QRO_white.svg\",\"caption\":\"Nativo Quer\u00e9taro\"},\"image\":{\"@id\":\"https:\/\/nativoqueretaro.mx\/#\/schema\/logo\/image\/\"}},{\"@type\":\"Person\",\"@id\":\"https:\/\/nativoqueretaro.mx\/#\/schema\/person\/9cb2d9bff62be7a0a4a39066c9eac822\",\"name\":\"NativoQro\",\"image\":{\"@type\":\"ImageObject\",\"inLanguage\":\"es\",\"@id\":\"https:\/\/nativoqueretaro.mx\/#\/schema\/person\/image\/\",\"url\":\"https:\/\/secure.gravatar.com\/avatar\/0574151f0584a2a8056a6d87f37cd6abc6c709a951c8e822eb1ab470a5022bc5?s=96&d=mm&r=g\",\"contentUrl\":\"https:\/\/secure.gravatar.com\/avatar\/0574151f0584a2a8056a6d87f37cd6abc6c709a951c8e822eb1ab470a5022bc5?s=96&d=mm&r=g\",\"caption\":\"NativoQro\"},\"url\":\"https:\/\/nativoqueretaro.mx\/index.php\/author\/nativoadmin\/\"}]}<\/script>\n<!-- \/ Yoast SEO plugin. -->","yoast_head_json":{"title":"Roberto Cabrera reconoce la labor del Sindicato \u00danico de Trabajadores al Servicio del Municipio de San Juan del R\u00edo - Nativo Quer\u00e9taro","robots":{"index":"index","follow":"follow","max-snippet":"max-snippet:-1","max-image-preview":"max-image-preview:large","max-video-preview":"max-video-preview:-1"},"canonical":"https:\/\/nativoqueretaro.mx\/index.php\/2024\/12\/23\/roberto-cabrera-reconoce-la-labor-del-sindicato-unico-de-trabajadores-al-servicio-del-municipio-de-san-juan-del-rio\/","og_locale":"es_MX","og_type":"article","og_title":"Roberto Cabrera reconoce la labor del Sindicato \u00danico de Trabajadores al Servicio del Municipio de San Juan del R\u00edo - Nativo Quer\u00e9taro","og_description":"El presidente municipal de San Juan del R\u00edo, Roberto Cabrera Valencia, asisti\u00f3 como invitado al festejo de Fin de A\u00f1o del Sindicato \u00danico de Trabajadores al Servicio del Municipio de San Juan del R\u00edo (SUTSMSJR), organizaci\u00f3n sindical encabezada por Gregorio L\u00f3pez Gonz\u00e1lez. Durante el evento, realizado en las instalaciones de la Nave Comercial del Centro [&hellip;]","og_url":"https:\/\/nativoqueretaro.mx\/index.php\/2024\/12\/23\/roberto-cabrera-reconoce-la-labor-del-sindicato-unico-de-trabajadores-al-servicio-del-municipio-de-san-juan-del-rio\/","og_site_name":"Nativo Quer\u00e9taro","article_published_time":"2024-12-23T16:57:50+00:00","article_modified_time":"2024-12-23T17:00:24+00:00","og_image":[{"width":764,"height":564,"url":"https:\/\/nativoqueretaro.mx\/wp-content\/uploads\/2024\/12\/Captura-de-Pantalla-2024-12-23-a-las-10.36.41.png","type":"image\/png"}],"author":"NativoQro","twitter_card":"summary_large_image","twitter_misc":{"Escrito por":"NativoQro","Tiempo de lectura":"1 minuto"},"schema":{"@context":"https:\/\/schema.org","@graph":[{"@type":"Article","@id":"https:\/\/nativoqueretaro.mx\/index.php\/2024\/12\/23\/roberto-cabrera-reconoce-la-labor-del-sindicato-unico-de-trabajadores-al-servicio-del-municipio-de-san-juan-del-rio\/#article","isPartOf":{"@id":"https:\/\/nativoqueretaro.mx\/index.php\/2024\/12\/23\/roberto-cabrera-reconoce-la-labor-del-sindicato-unico-de-trabajadores-al-servicio-del-municipio-de-san-juan-del-rio\/"},"author":{"name":"NativoQro","@id":"https:\/\/nativoqueretaro.mx\/#\/schema\/person\/9cb2d9bff62be7a0a4a39066c9eac822"},"headline":"Roberto Cabrera reconoce la labor del Sindicato \u00danico de Trabajadores al Servicio del Municipio de San Juan del R\u00edo","datePublished":"2024-12-23T16:57:50+00:00","dateModified":"2024-12-23T17:00:24+00:00","mainEntityOfPage":{"@id":"https:\/\/nativoqueretaro.mx\/index.php\/2024\/12\/23\/roberto-cabrera-reconoce-la-labor-del-sindicato-unico-de-trabajadores-al-servicio-del-municipio-de-san-juan-del-rio\/"},"wordCount":172,"commentCount":0,"publisher":{"@id":"https:\/\/nativoqueretaro.mx\/#organization"},"image":{"@id":"https:\/\/nativoqueretaro.mx\/index.php\/2024\/12\/23\/roberto-cabrera-reconoce-la-labor-del-sindicato-unico-de-trabajadores-al-servicio-del-municipio-de-san-juan-del-rio\/#primaryimage"},"thumbnailUrl":"https:\/\/nativoqueretaro.mx\/wp-content\/uploads\/2024\/12\/Captura-de-Pantalla-2024-12-23-a-las-10.36.41.png","articleSection":["San Juan del R\u00edo"],"inLanguage":"es","potentialAction":[{"@type":"CommentAction","name":"Comment","target":["https:\/\/nativoqueretaro.mx\/index.php\/2024\/12\/23\/roberto-cabrera-reconoce-la-labor-del-sindicato-unico-de-trabajadores-al-servicio-del-municipio-de-san-juan-del-rio\/#respond"]}]},{"@type":"WebPage","@id":"https:\/\/nativoqueretaro.mx\/index.php\/2024\/12\/23\/roberto-cabrera-reconoce-la-labor-del-sindicato-unico-de-trabajadores-al-servicio-del-municipio-de-san-juan-del-rio\/","url":"https:\/\/nativoqueretaro.mx\/index.php\/2024\/12\/23\/roberto-cabrera-reconoce-la-labor-del-sindicato-unico-de-trabajadores-al-servicio-del-municipio-de-san-juan-del-rio\/","name":"Roberto Cabrera reconoce la labor del Sindicato \u00danico de Trabajadores al Servicio del Municipio de San Juan del R\u00edo - Nativo Quer\u00e9taro","isPartOf":{"@id":"https:\/\/nativoqueretaro.mx\/#website"},"primaryImageOfPage":{"@id":"https:\/\/nativoqueretaro.mx\/index.php\/2024\/12\/23\/roberto-cabrera-reconoce-la-labor-del-sindicato-unico-de-trabajadores-al-servicio-del-municipio-de-san-juan-del-rio\/#primaryimage"},"image":{"@id":"https:\/\/nativoqueretaro.mx\/index.php\/2024\/12\/23\/roberto-cabrera-reconoce-la-labor-del-sindicato-unico-de-trabajadores-al-servicio-del-municipio-de-san-juan-del-rio\/#primaryimage"},"thumbnailUrl":"https:\/\/nativoqueretaro.mx\/wp-content\/uploads\/2024\/12\/Captura-de-Pantalla-2024-12-23-a-las-10.36.41.png","datePublished":"2024-12-23T16:57:50+00:00","dateModified":"2024-12-23T17:00:24+00:00","breadcrumb":{"@id":"https:\/\/nativoqueretaro.mx\/index.php\/2024\/12\/23\/roberto-cabrera-reconoce-la-labor-del-sindicato-unico-de-trabajadores-al-servicio-del-municipio-de-san-juan-del-rio\/#breadcrumb"},"inLanguage":"es","potentialAction":[{"@type":"ReadAction","target":["https:\/\/nativoqueretaro.mx\/index.php\/2024\/12\/23\/roberto-cabrera-reconoce-la-labor-del-sindicato-unico-de-trabajadores-al-servicio-del-municipio-de-san-juan-del-rio\/"]}]},{"@type":"ImageObject","inLanguage":"es","@id":"https:\/\/nativoqueretaro.mx\/index.php\/2024\/12\/23\/roberto-cabrera-reconoce-la-labor-del-sindicato-unico-de-trabajadores-al-servicio-del-municipio-de-san-juan-del-rio\/#primaryimage","url":"https:\/\/nativoqueretaro.mx\/wp-content\/uploads\/2024\/12\/Captura-de-Pantalla-2024-12-23-a-las-10.36.41.png","contentUrl":"https:\/\/nativoqueretaro.mx\/wp-content\/uploads\/2024\/12\/Captura-de-Pantalla-2024-12-23-a-las-10.36.41.png","width":764,"height":564},{"@type":"BreadcrumbList","@id":"https:\/\/nativoqueretaro.mx\/index.php\/2024\/12\/23\/roberto-cabrera-reconoce-la-labor-del-sindicato-unico-de-trabajadores-al-servicio-del-municipio-de-san-juan-del-rio\/#breadcrumb","itemListElement":[{"@type":"ListItem","position":1,"name":"Home","item":"https:\/\/nativoqueretaro.mx\/"},{"@type":"ListItem","position":2,"name":"Roberto Cabrera reconoce la labor del Sindicato \u00danico de Trabajadores al Servicio del Municipio de San Juan del R\u00edo"}]},{"@type":"WebSite","@id":"https:\/\/nativoqueretaro.mx\/#website","url":"https:\/\/nativoqueretaro.mx\/","name":"Nativo Quer\u00e9taro","description":"","publisher":{"@id":"https:\/\/nativoqueretaro.mx\/#organization"},"potentialAction":[{"@type":"SearchAction","target":{"@type":"EntryPoint","urlTemplate":"https:\/\/nativoqueretaro.mx\/?s={search_term_string}"},"query-input":{"@type":"PropertyValueSpecification","valueRequired":true,"valueName":"search_term_string"}}],"inLanguage":"es"},{"@type":"Organization","@id":"https:\/\/nativoqueretaro.mx\/#organization","name":"Nativo Quer\u00e9taro","url":"https:\/\/nativoqueretaro.mx\/","logo":{"@type":"ImageObject","inLanguage":"es","@id":"https:\/\/nativoqueretaro.mx\/#\/schema\/logo\/image\/","url":"https:\/\/nativoqueretaro.mx\/wp-content\/uploads\/2025\/01\/NATIVO_QRO_white.svg","contentUrl":"https:\/\/nativoqueretaro.mx\/wp-content\/uploads\/2025\/01\/NATIVO_QRO_white.svg","caption":"Nativo Quer\u00e9taro"},"image":{"@id":"https:\/\/nativoqueretaro.mx\/#\/schema\/logo\/image\/"}},{"@type":"Person","@id":"https:\/\/nativoqueretaro.mx\/#\/schema\/person\/9cb2d9bff62be7a0a4a39066c9eac822","name":"NativoQro","image":{"@type":"ImageObject","inLanguage":"es","@id":"https:\/\/nativoqueretaro.mx\/#\/schema\/person\/image\/","url":"https:\/\/secure.gravatar.com\/avatar\/0574151f0584a2a8056a6d87f37cd6abc6c709a951c8e822eb1ab470a5022bc5?s=96&d=mm&r=g","contentUrl":"https:\/\/secure.gravatar.com\/avatar\/0574151f0584a2a8056a6d87f37cd6abc6c709a951c8e822eb1ab470a5022bc5?s=96&d=mm&r=g","caption":"NativoQro"},"url":"https:\/\/nativoqueretaro.mx\/index.php\/author\/nativoadmin\/"}]}},"_links":{"self":[{"href":"https:\/\/nativoqueretaro.mx\/index.php\/wp-json\/wp\/v2\/posts\/36489","targetHints":{"allow":["GET"]}}],"collection":[{"href":"https:\/\/nativoqueretaro.mx\/index.php\/wp-json\/wp\/v2\/posts"}],"about":[{"href":"https:\/\/nativoqueretaro.mx\/index.php\/wp-json\/wp\/v2\/types\/post"}],"author":[{"embeddable":true,"href":"https:\/\/nativoqueretaro.mx\/index.php\/wp-json\/wp\/v2\/users\/1"}],"replies":[{"embeddable":true,"href":"https:\/\/nativoqueretaro.mx\/index.php\/wp-json\/wp\/v2\/comments?post=36489"}],"version-history":[{"count":0,"href":"https:\/\/nativoqueretaro.mx\/index.php\/wp-json\/wp\/v2\/posts\/36489\/revisions"}],"wp:featuredmedia":[{"embeddable":true,"href":"https:\/\/nativoqueretaro.mx\/index.php\/wp-json\/wp\/v2\/media\/36491"}],"wp:attachment":[{"href":"https:\/\/nativoqueretaro.mx\/index.php\/wp-json\/wp\/v2\/media?parent=36489"}],"wp:term":[{"taxonomy":"category","embeddable":true,"href":"https:\/\/nativoqueretaro.mx\/index.php\/wp-json\/wp\/v2\/categories?post=36489"},{"taxonomy":"post_tag","embeddable":true,"href":"https:\/\/nativoqueretaro.mx\/index.php\/wp-json\/wp\/v2\/tags?post=36489"}],"curies":[{"name":"wp","href":"https:\/\/api.w.org\/{rel}","templated":true}]}}