{"id":36458,"date":"2024-12-19T17:27:20","date_gmt":"2024-12-19T17:27:20","guid":{"rendered":"https:\/\/nativoqueretaro.mx\/?p=36458"},"modified":"2024-12-19T17:27:43","modified_gmt":"2024-12-19T17:27:43","slug":"inaugura-mauricio-kuri-centro-de-salud-urbano-en-sjr","status":"publish","type":"post","link":"https:\/\/nativoqueretaro.mx\/index.php\/2024\/12\/19\/inaugura-mauricio-kuri-centro-de-salud-urbano-en-sjr\/","title":{"rendered":"Inaugura Mauricio Kuri Centro de Salud Urbano en SJR"},"content":{"rendered":"<ul>\n<li>Ofrecer\u00e1 servicios m\u00e9dicos esenciales en beneficio de m\u00e1s de 105 mil personas de m\u00e1s de 20 comunidades rurales y urbanas de la demarcaci\u00f3n.<\/li>\n<li>La creaci\u00f3n de este nuevo Centro representa el compromiso del gobierno del estado con el derecho fundamental de la protecci\u00f3n a la salud: Martina P\u00e9rez Rend\u00f3n.<\/li>\n<\/ul>\n<p>El gobernador, Mauricio Kuri Gonz\u00e1lez, en compa\u00f1\u00eda del presidente municipal de San Juan del R\u00edo, Roberto Cabrera Valencia, entreg\u00f3 el Centro de Salud Urbano, espacio que ofrecer\u00e1 servicios m\u00e9dicos esenciales en beneficio de m\u00e1s de 105 mil personas de m\u00e1s de 20 comunidades rurales y urbanas de la demarcaci\u00f3n.<\/p>\n<p>Durante su mensaje, el mandatario estatal se\u00f1al\u00f3 que el tema de la salud es muy importante para su administraci\u00f3n, motivo por el que tras m\u00e1s de 70 a\u00f1os de operaci\u00f3n en un edificio que ya no pod\u00eda responder adecuadamente a las necesidades actuales, hoy se inaugura un espacio moderno, funcional y adaptado a las exigencias de los nuevos tiempos.<\/p>\n<p>\u201cYo lo que les pido a los ciudadanos es que seamos exigentes, que pensemos en cosas muy grandes, que no nos estanquemos, que seamos muy generosos con nuestros pensamientos, muy ambiciosos, el mejor sistema de salud, el mejor sistema de seguridad, el mejor sistema judicial; es decir, pidamos eso a las autoridades, porque es la mejor forma que podemos tener para que nos atiendan mejor\u201d, enfatiz\u00f3.<\/p>\n<p>Kuri Gonz\u00e1lez inst\u00f3 a las autoridades municipales, as\u00ed como a la ciudadan\u00eda a seguir construyendo un Quer\u00e9taro m\u00e1s justo y con mayores oportunidades para todos. Asimismo, agradeci\u00f3 su confianza y apoyo constante en todas las acciones que contribuyen a un mejor futuro.<\/p>\n<p>La secretaria de Salud, Mar\u00eda Martina P\u00e9rez Rend\u00f3n, resalt\u00f3 que la creaci\u00f3n de este nuevo Centro representa el compromiso del gobierno del estado con el derecho fundamental de la protecci\u00f3n a la salud, y la apertura de sus instalaciones no s\u00f3lo significa servicios de calidad a quienes m\u00e1s lo necesitan, sino que tambi\u00e9n mejorar\u00e1 las condiciones en las que el personal m\u00e9dico realiza su labor.<\/p>\n<p>Detall\u00f3 que adem\u00e1s de contar con \u00e1reas adecuadas, modernas y dignas para los servicios que ofertan, se agregan espacios para la estimulaci\u00f3n temprana, \u00e1rea de detecci\u00f3n y muestras ginecol\u00f3gicas, \u00e1rea especializada para el control de riesgos como el COVID, camas de tr\u00e1nsito, adecuaci\u00f3n del \u00e1rea de somatometr\u00eda y curaciones, as\u00ed como un \u00e1rea quir\u00fargica para vasectom\u00edas.<\/p>\n<p>\u201cEste centro no s\u00f3lo cambiar\u00e1 la vida de quienes aqu\u00ed se atiendan, sino que fortalecer\u00e1 nuestro sistema de salud estatal y acercar\u00e1 servicios fundamentales a quien m\u00e1s lo necesita. Y quiero resaltar que esas obras que se mencionaron hace un rato y este, son inversi\u00f3n 100 por ciento estatal. Desde hace ya algunos a\u00f1os no tenemos inversi\u00f3n federal y el gobernador ha tenido la sensibilidad para poder invertir en salud\u201d, subray\u00f3.<\/p>\n<p>Al tomar la palabra, el coordinador general de la Secretar\u00eda de Desarrollo Urbano y Obras P\u00fablicas (SDUOP), Hugo Orozco, brind\u00f3 una explicaci\u00f3n del proyecto, el cual, dijo, contempla m\u00e1s de mil 700 metros cuadrados de construcci\u00f3n y cuenta con un m\u00f3dulo de vigilancia, \u00e1rea de consulta externa, \u00e1rea de vasectom\u00edas, \u00e1reas de ense\u00f1anza, auxiliares de diagn\u00f3stico, sanitarios, servicios generales, as\u00ed como un \u00e1rea de detecci\u00f3n y control de riesgos en la planta baja.<\/p>\n<p>De igual manera se\u00f1al\u00f3 que en la planta alta se encuentra el \u00e1rea de gobierno, que es la parte de las oficinas administrativas de este mismo centro, mientras que en la parte exterior se cre\u00f3 un estacionamiento con 46 cajones para el p\u00fablico en general, tres para personas con discapacidad y uno para ambulancia, adem\u00e1s de una plazoleta de acceso, brindando un servicio de atenci\u00f3n al p\u00fablico con accesibilidad universal.<\/p>\n<p>El presidente municipal de San Juan del R\u00edo, Roberto Cabrera Valencia, celebr\u00f3 la entrega del nuevo edificio, el cual dijo, crea una huella para el bienestar de las familias, y tambi\u00e9n para los equipos de profesionales del sector salud que brindan atenciones de calidad a la poblaci\u00f3n.<\/p>\n<p>Finalmente, Juanita Franco, beneficiaria del Centro de Salud Urbano, agradeci\u00f3 a las autoridades estatales y municipales que hicieron posible la consolidaci\u00f3n del proyecto. Asimismo, convoc\u00f3 a los usuarios a aprovechar y cuidar este nuevo espacio.<\/p>\n<p>Cabe destacar que el Centro de Salud Urbano cuenta con un equipo de 101 profesionales altamente capacitados que ofrecer\u00e1n servicios m\u00e9dicos esenciales como consultas generales, odontolog\u00eda, psicolog\u00eda, psiquiatr\u00eda, nutrici\u00f3n, gerontolog\u00eda, trabajo social, medicina preventiva y m\u00e1s.<\/p>\n<p>Informaci\u00f3n e imagen: Gob. Quer\u00e9taro<\/p>\n","protected":false},"excerpt":{"rendered":"<p>Ofrecer\u00e1 servicios m\u00e9dicos esenciales en beneficio de m\u00e1s de 105 mil personas de m\u00e1s de 20 comunidades rurales y urbanas de la demarcaci\u00f3n. La creaci\u00f3n de este nuevo Centro representa el compromiso del gobierno del estado con el derecho fundamental de la protecci\u00f3n a la salud: Martina P\u00e9rez Rend\u00f3n. El gobernador, Mauricio Kuri Gonz\u00e1lez, en [&hellip;]<\/p>\n","protected":false},"author":1,"featured_media":36460,"comment_status":"closed","ping_status":"closed","sticky":false,"template":"","format":"standard","meta":{"_acf_changed":false,"ocean_post_layout":"","ocean_both_sidebars_style":"","ocean_both_sidebars_content_width":0,"ocean_both_sidebars_sidebars_width":0,"ocean_sidebar":"","ocean_second_sidebar":"","ocean_disable_margins":"enable","ocean_add_body_class":"","ocean_shortcode_before_top_bar":"","ocean_shortcode_after_top_bar":"","ocean_shortcode_before_header":"","ocean_shortcode_after_header":"","ocean_has_shortcode":"","ocean_shortcode_after_title":"","ocean_shortcode_before_footer_widgets":"","ocean_shortcode_after_footer_widgets":"","ocean_shortcode_before_footer_bottom":"","ocean_shortcode_after_footer_bottom":"","ocean_display_top_bar":"default","ocean_display_header":"default","ocean_header_style":"","ocean_center_header_left_menu":"","ocean_custom_header_template":"","ocean_custom_logo":0,"ocean_custom_retina_logo":0,"ocean_custom_logo_max_width":0,"ocean_custom_logo_tablet_max_width":0,"ocean_custom_logo_mobile_max_width":0,"ocean_custom_logo_max_height":0,"ocean_custom_logo_tablet_max_height":0,"ocean_custom_logo_mobile_max_height":0,"ocean_header_custom_menu":"","ocean_menu_typo_font_family":"","ocean_menu_typo_font_subset":"","ocean_menu_typo_font_size":0,"ocean_menu_typo_font_size_tablet":0,"ocean_menu_typo_font_size_mobile":0,"ocean_menu_typo_font_size_unit":"px","ocean_menu_typo_font_weight":"","ocean_menu_typo_font_weight_tablet":"","ocean_menu_typo_font_weight_mobile":"","ocean_menu_typo_transform":"","ocean_menu_typo_transform_tablet":"","ocean_menu_typo_transform_mobile":"","ocean_menu_typo_line_height":0,"ocean_menu_typo_line_height_tablet":0,"ocean_menu_typo_line_height_mobile":0,"ocean_menu_typo_line_height_unit":"","ocean_menu_typo_spacing":0,"ocean_menu_typo_spacing_tablet":0,"ocean_menu_typo_spacing_mobile":0,"ocean_menu_typo_spacing_unit":"","ocean_menu_link_color":"","ocean_menu_link_color_hover":"","ocean_menu_link_color_active":"","ocean_menu_link_background":"","ocean_menu_link_hover_background":"","ocean_menu_link_active_background":"","ocean_menu_social_links_bg":"","ocean_menu_social_hover_links_bg":"","ocean_menu_social_links_color":"","ocean_menu_social_hover_links_color":"","ocean_disable_title":"default","ocean_disable_heading":"default","ocean_post_title":"","ocean_post_subheading":"","ocean_post_title_style":"","ocean_post_title_background_color":"","ocean_post_title_background":0,"ocean_post_title_bg_image_position":"","ocean_post_title_bg_image_attachment":"","ocean_post_title_bg_image_repeat":"","ocean_post_title_bg_image_size":"","ocean_post_title_height":0,"ocean_post_title_bg_overlay":0.5,"ocean_post_title_bg_overlay_color":"","ocean_disable_breadcrumbs":"default","ocean_breadcrumbs_color":"","ocean_breadcrumbs_separator_color":"","ocean_breadcrumbs_links_color":"","ocean_breadcrumbs_links_hover_color":"","ocean_display_footer_widgets":"default","ocean_display_footer_bottom":"default","ocean_custom_footer_template":"","ocean_post_oembed":"","ocean_post_self_hosted_media":"","ocean_post_video_embed":"","ocean_link_format":"","ocean_link_format_target":"self","ocean_quote_format":"","ocean_quote_format_link":"post","ocean_gallery_link_images":"on","ocean_gallery_id":[],"footnotes":""},"categories":[5],"tags":[],"class_list":["post-36458","post","type-post","status-publish","format-standard","has-post-thumbnail","hentry","category-san-juan-del-rio","entry","has-media"],"acf":[],"yoast_head":"<!-- This site is optimized with the Yoast SEO plugin v24.7 - https:\/\/yoast.com\/wordpress\/plugins\/seo\/ -->\n<title>Inaugura Mauricio Kuri Centro de Salud Urbano en SJR - Nativo Quer\u00e9taro<\/title>\n<meta name=\"robots\" content=\"index, follow, max-snippet:-1, max-image-preview:large, max-video-preview:-1\" \/>\n<link rel=\"canonical\" href=\"https:\/\/nativoqueretaro.mx\/index.php\/2024\/12\/19\/inaugura-mauricio-kuri-centro-de-salud-urbano-en-sjr\/\" \/>\n<meta property=\"og:locale\" content=\"es_MX\" \/>\n<meta property=\"og:type\" content=\"article\" \/>\n<meta property=\"og:title\" content=\"Inaugura Mauricio Kuri Centro de Salud Urbano en SJR - Nativo Quer\u00e9taro\" \/>\n<meta property=\"og:description\" content=\"Ofrecer\u00e1 servicios m\u00e9dicos esenciales en beneficio de m\u00e1s de 105 mil personas de m\u00e1s de 20 comunidades rurales y urbanas de la demarcaci\u00f3n. La creaci\u00f3n de este nuevo Centro representa el compromiso del gobierno del estado con el derecho fundamental de la protecci\u00f3n a la salud: Martina P\u00e9rez Rend\u00f3n. El gobernador, Mauricio Kuri Gonz\u00e1lez, en [&hellip;]\" \/>\n<meta property=\"og:url\" content=\"https:\/\/nativoqueretaro.mx\/index.php\/2024\/12\/19\/inaugura-mauricio-kuri-centro-de-salud-urbano-en-sjr\/\" \/>\n<meta property=\"og:site_name\" content=\"Nativo Quer\u00e9taro\" \/>\n<meta property=\"article:published_time\" content=\"2024-12-19T17:27:20+00:00\" \/>\n<meta property=\"article:modified_time\" content=\"2024-12-19T17:27:43+00:00\" \/>\n<meta property=\"og:image\" content=\"https:\/\/nativoqueretaro.mx\/wp-content\/uploads\/2024\/12\/Captura-de-Pantalla-2024-12-19-a-las-11.25.43.png\" \/>\n\t<meta property=\"og:image:width\" content=\"759\" \/>\n\t<meta property=\"og:image:height\" content=\"517\" \/>\n\t<meta property=\"og:image:type\" content=\"image\/png\" \/>\n<meta name=\"author\" content=\"NativoQro\" \/>\n<meta name=\"twitter:card\" content=\"summary_large_image\" \/>\n<meta name=\"twitter:label1\" content=\"Escrito por\" \/>\n\t<meta name=\"twitter:data1\" content=\"NativoQro\" \/>\n\t<meta name=\"twitter:label2\" content=\"Tiempo de lectura\" \/>\n\t<meta name=\"twitter:data2\" content=\"4 minutos\" \/>\n<script type=\"application\/ld+json\" class=\"yoast-schema-graph\">{\"@context\":\"https:\/\/schema.org\",\"@graph\":[{\"@type\":\"Article\",\"@id\":\"https:\/\/nativoqueretaro.mx\/index.php\/2024\/12\/19\/inaugura-mauricio-kuri-centro-de-salud-urbano-en-sjr\/#article\",\"isPartOf\":{\"@id\":\"https:\/\/nativoqueretaro.mx\/index.php\/2024\/12\/19\/inaugura-mauricio-kuri-centro-de-salud-urbano-en-sjr\/\"},\"author\":{\"name\":\"NativoQro\",\"@id\":\"https:\/\/nativoqueretaro.mx\/#\/schema\/person\/9cb2d9bff62be7a0a4a39066c9eac822\"},\"headline\":\"Inaugura Mauricio Kuri Centro de Salud Urbano en SJR\",\"datePublished\":\"2024-12-19T17:27:20+00:00\",\"dateModified\":\"2024-12-19T17:27:43+00:00\",\"mainEntityOfPage\":{\"@id\":\"https:\/\/nativoqueretaro.mx\/index.php\/2024\/12\/19\/inaugura-mauricio-kuri-centro-de-salud-urbano-en-sjr\/\"},\"wordCount\":800,\"publisher\":{\"@id\":\"https:\/\/nativoqueretaro.mx\/#organization\"},\"image\":{\"@id\":\"https:\/\/nativoqueretaro.mx\/index.php\/2024\/12\/19\/inaugura-mauricio-kuri-centro-de-salud-urbano-en-sjr\/#primaryimage\"},\"thumbnailUrl\":\"https:\/\/nativoqueretaro.mx\/wp-content\/uploads\/2024\/12\/Captura-de-Pantalla-2024-12-19-a-las-11.25.43.png\",\"articleSection\":[\"San Juan del R\u00edo\"],\"inLanguage\":\"es\"},{\"@type\":\"WebPage\",\"@id\":\"https:\/\/nativoqueretaro.mx\/index.php\/2024\/12\/19\/inaugura-mauricio-kuri-centro-de-salud-urbano-en-sjr\/\",\"url\":\"https:\/\/nativoqueretaro.mx\/index.php\/2024\/12\/19\/inaugura-mauricio-kuri-centro-de-salud-urbano-en-sjr\/\",\"name\":\"Inaugura Mauricio Kuri Centro de Salud Urbano en SJR - Nativo Quer\u00e9taro\",\"isPartOf\":{\"@id\":\"https:\/\/nativoqueretaro.mx\/#website\"},\"primaryImageOfPage\":{\"@id\":\"https:\/\/nativoqueretaro.mx\/index.php\/2024\/12\/19\/inaugura-mauricio-kuri-centro-de-salud-urbano-en-sjr\/#primaryimage\"},\"image\":{\"@id\":\"https:\/\/nativoqueretaro.mx\/index.php\/2024\/12\/19\/inaugura-mauricio-kuri-centro-de-salud-urbano-en-sjr\/#primaryimage\"},\"thumbnailUrl\":\"https:\/\/nativoqueretaro.mx\/wp-content\/uploads\/2024\/12\/Captura-de-Pantalla-2024-12-19-a-las-11.25.43.png\",\"datePublished\":\"2024-12-19T17:27:20+00:00\",\"dateModified\":\"2024-12-19T17:27:43+00:00\",\"breadcrumb\":{\"@id\":\"https:\/\/nativoqueretaro.mx\/index.php\/2024\/12\/19\/inaugura-mauricio-kuri-centro-de-salud-urbano-en-sjr\/#breadcrumb\"},\"inLanguage\":\"es\",\"potentialAction\":[{\"@type\":\"ReadAction\",\"target\":[\"https:\/\/nativoqueretaro.mx\/index.php\/2024\/12\/19\/inaugura-mauricio-kuri-centro-de-salud-urbano-en-sjr\/\"]}]},{\"@type\":\"ImageObject\",\"inLanguage\":\"es\",\"@id\":\"https:\/\/nativoqueretaro.mx\/index.php\/2024\/12\/19\/inaugura-mauricio-kuri-centro-de-salud-urbano-en-sjr\/#primaryimage\",\"url\":\"https:\/\/nativoqueretaro.mx\/wp-content\/uploads\/2024\/12\/Captura-de-Pantalla-2024-12-19-a-las-11.25.43.png\",\"contentUrl\":\"https:\/\/nativoqueretaro.mx\/wp-content\/uploads\/2024\/12\/Captura-de-Pantalla-2024-12-19-a-las-11.25.43.png\",\"width\":759,\"height\":517},{\"@type\":\"BreadcrumbList\",\"@id\":\"https:\/\/nativoqueretaro.mx\/index.php\/2024\/12\/19\/inaugura-mauricio-kuri-centro-de-salud-urbano-en-sjr\/#breadcrumb\",\"itemListElement\":[{\"@type\":\"ListItem\",\"position\":1,\"name\":\"Home\",\"item\":\"https:\/\/nativoqueretaro.mx\/\"},{\"@type\":\"ListItem\",\"position\":2,\"name\":\"Inaugura Mauricio Kuri Centro de Salud Urbano en SJR\"}]},{\"@type\":\"WebSite\",\"@id\":\"https:\/\/nativoqueretaro.mx\/#website\",\"url\":\"https:\/\/nativoqueretaro.mx\/\",\"name\":\"Nativo Quer\u00e9taro\",\"description\":\"\",\"publisher\":{\"@id\":\"https:\/\/nativoqueretaro.mx\/#organization\"},\"potentialAction\":[{\"@type\":\"SearchAction\",\"target\":{\"@type\":\"EntryPoint\",\"urlTemplate\":\"https:\/\/nativoqueretaro.mx\/?s={search_term_string}\"},\"query-input\":{\"@type\":\"PropertyValueSpecification\",\"valueRequired\":true,\"valueName\":\"search_term_string\"}}],\"inLanguage\":\"es\"},{\"@type\":\"Organization\",\"@id\":\"https:\/\/nativoqueretaro.mx\/#organization\",\"name\":\"Nativo Quer\u00e9taro\",\"url\":\"https:\/\/nativoqueretaro.mx\/\",\"logo\":{\"@type\":\"ImageObject\",\"inLanguage\":\"es\",\"@id\":\"https:\/\/nativoqueretaro.mx\/#\/schema\/logo\/image\/\",\"url\":\"https:\/\/nativoqueretaro.mx\/wp-content\/uploads\/2025\/01\/NATIVO_QRO_white.svg\",\"contentUrl\":\"https:\/\/nativoqueretaro.mx\/wp-content\/uploads\/2025\/01\/NATIVO_QRO_white.svg\",\"caption\":\"Nativo Quer\u00e9taro\"},\"image\":{\"@id\":\"https:\/\/nativoqueretaro.mx\/#\/schema\/logo\/image\/\"}},{\"@type\":\"Person\",\"@id\":\"https:\/\/nativoqueretaro.mx\/#\/schema\/person\/9cb2d9bff62be7a0a4a39066c9eac822\",\"name\":\"NativoQro\",\"image\":{\"@type\":\"ImageObject\",\"inLanguage\":\"es\",\"@id\":\"https:\/\/nativoqueretaro.mx\/#\/schema\/person\/image\/\",\"url\":\"https:\/\/secure.gravatar.com\/avatar\/0574151f0584a2a8056a6d87f37cd6abc6c709a951c8e822eb1ab470a5022bc5?s=96&d=mm&r=g\",\"contentUrl\":\"https:\/\/secure.gravatar.com\/avatar\/0574151f0584a2a8056a6d87f37cd6abc6c709a951c8e822eb1ab470a5022bc5?s=96&d=mm&r=g\",\"caption\":\"NativoQro\"},\"url\":\"https:\/\/nativoqueretaro.mx\/index.php\/author\/nativoadmin\/\"}]}<\/script>\n<!-- \/ Yoast SEO plugin. -->","yoast_head_json":{"title":"Inaugura Mauricio Kuri Centro de Salud Urbano en SJR - Nativo Quer\u00e9taro","robots":{"index":"index","follow":"follow","max-snippet":"max-snippet:-1","max-image-preview":"max-image-preview:large","max-video-preview":"max-video-preview:-1"},"canonical":"https:\/\/nativoqueretaro.mx\/index.php\/2024\/12\/19\/inaugura-mauricio-kuri-centro-de-salud-urbano-en-sjr\/","og_locale":"es_MX","og_type":"article","og_title":"Inaugura Mauricio Kuri Centro de Salud Urbano en SJR - Nativo Quer\u00e9taro","og_description":"Ofrecer\u00e1 servicios m\u00e9dicos esenciales en beneficio de m\u00e1s de 105 mil personas de m\u00e1s de 20 comunidades rurales y urbanas de la demarcaci\u00f3n. La creaci\u00f3n de este nuevo Centro representa el compromiso del gobierno del estado con el derecho fundamental de la protecci\u00f3n a la salud: Martina P\u00e9rez Rend\u00f3n. El gobernador, Mauricio Kuri Gonz\u00e1lez, en [&hellip;]","og_url":"https:\/\/nativoqueretaro.mx\/index.php\/2024\/12\/19\/inaugura-mauricio-kuri-centro-de-salud-urbano-en-sjr\/","og_site_name":"Nativo Quer\u00e9taro","article_published_time":"2024-12-19T17:27:20+00:00","article_modified_time":"2024-12-19T17:27:43+00:00","og_image":[{"width":759,"height":517,"url":"https:\/\/nativoqueretaro.mx\/wp-content\/uploads\/2024\/12\/Captura-de-Pantalla-2024-12-19-a-las-11.25.43.png","type":"image\/png"}],"author":"NativoQro","twitter_card":"summary_large_image","twitter_misc":{"Escrito por":"NativoQro","Tiempo de lectura":"4 minutos"},"schema":{"@context":"https:\/\/schema.org","@graph":[{"@type":"Article","@id":"https:\/\/nativoqueretaro.mx\/index.php\/2024\/12\/19\/inaugura-mauricio-kuri-centro-de-salud-urbano-en-sjr\/#article","isPartOf":{"@id":"https:\/\/nativoqueretaro.mx\/index.php\/2024\/12\/19\/inaugura-mauricio-kuri-centro-de-salud-urbano-en-sjr\/"},"author":{"name":"NativoQro","@id":"https:\/\/nativoqueretaro.mx\/#\/schema\/person\/9cb2d9bff62be7a0a4a39066c9eac822"},"headline":"Inaugura Mauricio Kuri Centro de Salud Urbano en SJR","datePublished":"2024-12-19T17:27:20+00:00","dateModified":"2024-12-19T17:27:43+00:00","mainEntityOfPage":{"@id":"https:\/\/nativoqueretaro.mx\/index.php\/2024\/12\/19\/inaugura-mauricio-kuri-centro-de-salud-urbano-en-sjr\/"},"wordCount":800,"publisher":{"@id":"https:\/\/nativoqueretaro.mx\/#organization"},"image":{"@id":"https:\/\/nativoqueretaro.mx\/index.php\/2024\/12\/19\/inaugura-mauricio-kuri-centro-de-salud-urbano-en-sjr\/#primaryimage"},"thumbnailUrl":"https:\/\/nativoqueretaro.mx\/wp-content\/uploads\/2024\/12\/Captura-de-Pantalla-2024-12-19-a-las-11.25.43.png","articleSection":["San Juan del R\u00edo"],"inLanguage":"es"},{"@type":"WebPage","@id":"https:\/\/nativoqueretaro.mx\/index.php\/2024\/12\/19\/inaugura-mauricio-kuri-centro-de-salud-urbano-en-sjr\/","url":"https:\/\/nativoqueretaro.mx\/index.php\/2024\/12\/19\/inaugura-mauricio-kuri-centro-de-salud-urbano-en-sjr\/","name":"Inaugura Mauricio Kuri Centro de Salud Urbano en SJR - Nativo Quer\u00e9taro","isPartOf":{"@id":"https:\/\/nativoqueretaro.mx\/#website"},"primaryImageOfPage":{"@id":"https:\/\/nativoqueretaro.mx\/index.php\/2024\/12\/19\/inaugura-mauricio-kuri-centro-de-salud-urbano-en-sjr\/#primaryimage"},"image":{"@id":"https:\/\/nativoqueretaro.mx\/index.php\/2024\/12\/19\/inaugura-mauricio-kuri-centro-de-salud-urbano-en-sjr\/#primaryimage"},"thumbnailUrl":"https:\/\/nativoqueretaro.mx\/wp-content\/uploads\/2024\/12\/Captura-de-Pantalla-2024-12-19-a-las-11.25.43.png","datePublished":"2024-12-19T17:27:20+00:00","dateModified":"2024-12-19T17:27:43+00:00","breadcrumb":{"@id":"https:\/\/nativoqueretaro.mx\/index.php\/2024\/12\/19\/inaugura-mauricio-kuri-centro-de-salud-urbano-en-sjr\/#breadcrumb"},"inLanguage":"es","potentialAction":[{"@type":"ReadAction","target":["https:\/\/nativoqueretaro.mx\/index.php\/2024\/12\/19\/inaugura-mauricio-kuri-centro-de-salud-urbano-en-sjr\/"]}]},{"@type":"ImageObject","inLanguage":"es","@id":"https:\/\/nativoqueretaro.mx\/index.php\/2024\/12\/19\/inaugura-mauricio-kuri-centro-de-salud-urbano-en-sjr\/#primaryimage","url":"https:\/\/nativoqueretaro.mx\/wp-content\/uploads\/2024\/12\/Captura-de-Pantalla-2024-12-19-a-las-11.25.43.png","contentUrl":"https:\/\/nativoqueretaro.mx\/wp-content\/uploads\/2024\/12\/Captura-de-Pantalla-2024-12-19-a-las-11.25.43.png","width":759,"height":517},{"@type":"BreadcrumbList","@id":"https:\/\/nativoqueretaro.mx\/index.php\/2024\/12\/19\/inaugura-mauricio-kuri-centro-de-salud-urbano-en-sjr\/#breadcrumb","itemListElement":[{"@type":"ListItem","position":1,"name":"Home","item":"https:\/\/nativoqueretaro.mx\/"},{"@type":"ListItem","position":2,"name":"Inaugura Mauricio Kuri Centro de Salud Urbano en SJR"}]},{"@type":"WebSite","@id":"https:\/\/nativoqueretaro.mx\/#website","url":"https:\/\/nativoqueretaro.mx\/","name":"Nativo Quer\u00e9taro","description":"","publisher":{"@id":"https:\/\/nativoqueretaro.mx\/#organization"},"potentialAction":[{"@type":"SearchAction","target":{"@type":"EntryPoint","urlTemplate":"https:\/\/nativoqueretaro.mx\/?s={search_term_string}"},"query-input":{"@type":"PropertyValueSpecification","valueRequired":true,"valueName":"search_term_string"}}],"inLanguage":"es"},{"@type":"Organization","@id":"https:\/\/nativoqueretaro.mx\/#organization","name":"Nativo Quer\u00e9taro","url":"https:\/\/nativoqueretaro.mx\/","logo":{"@type":"ImageObject","inLanguage":"es","@id":"https:\/\/nativoqueretaro.mx\/#\/schema\/logo\/image\/","url":"https:\/\/nativoqueretaro.mx\/wp-content\/uploads\/2025\/01\/NATIVO_QRO_white.svg","contentUrl":"https:\/\/nativoqueretaro.mx\/wp-content\/uploads\/2025\/01\/NATIVO_QRO_white.svg","caption":"Nativo Quer\u00e9taro"},"image":{"@id":"https:\/\/nativoqueretaro.mx\/#\/schema\/logo\/image\/"}},{"@type":"Person","@id":"https:\/\/nativoqueretaro.mx\/#\/schema\/person\/9cb2d9bff62be7a0a4a39066c9eac822","name":"NativoQro","image":{"@type":"ImageObject","inLanguage":"es","@id":"https:\/\/nativoqueretaro.mx\/#\/schema\/person\/image\/","url":"https:\/\/secure.gravatar.com\/avatar\/0574151f0584a2a8056a6d87f37cd6abc6c709a951c8e822eb1ab470a5022bc5?s=96&d=mm&r=g","contentUrl":"https:\/\/secure.gravatar.com\/avatar\/0574151f0584a2a8056a6d87f37cd6abc6c709a951c8e822eb1ab470a5022bc5?s=96&d=mm&r=g","caption":"NativoQro"},"url":"https:\/\/nativoqueretaro.mx\/index.php\/author\/nativoadmin\/"}]}},"_links":{"self":[{"href":"https:\/\/nativoqueretaro.mx\/index.php\/wp-json\/wp\/v2\/posts\/36458","targetHints":{"allow":["GET"]}}],"collection":[{"href":"https:\/\/nativoqueretaro.mx\/index.php\/wp-json\/wp\/v2\/posts"}],"about":[{"href":"https:\/\/nativoqueretaro.mx\/index.php\/wp-json\/wp\/v2\/types\/post"}],"author":[{"embeddable":true,"href":"https:\/\/nativoqueretaro.mx\/index.php\/wp-json\/wp\/v2\/users\/1"}],"replies":[{"embeddable":true,"href":"https:\/\/nativoqueretaro.mx\/index.php\/wp-json\/wp\/v2\/comments?post=36458"}],"version-history":[{"count":0,"href":"https:\/\/nativoqueretaro.mx\/index.php\/wp-json\/wp\/v2\/posts\/36458\/revisions"}],"wp:featuredmedia":[{"embeddable":true,"href":"https:\/\/nativoqueretaro.mx\/index.php\/wp-json\/wp\/v2\/media\/36460"}],"wp:attachment":[{"href":"https:\/\/nativoqueretaro.mx\/index.php\/wp-json\/wp\/v2\/media?parent=36458"}],"wp:term":[{"taxonomy":"category","embeddable":true,"href":"https:\/\/nativoqueretaro.mx\/index.php\/wp-json\/wp\/v2\/categories?post=36458"},{"taxonomy":"post_tag","embeddable":true,"href":"https:\/\/nativoqueretaro.mx\/index.php\/wp-json\/wp\/v2\/tags?post=36458"}],"curies":[{"name":"wp","href":"https:\/\/api.w.org\/{rel}","templated":true}]}}