{"id":36453,"date":"2024-12-19T17:24:46","date_gmt":"2024-12-19T17:24:46","guid":{"rendered":"https:\/\/nativoqueretaro.mx\/?p=36453"},"modified":"2024-12-19T17:25:52","modified_gmt":"2024-12-19T17:25:52","slug":"rinden-protesta-las-y-los-integrantes-del-comca-san-juan-del-rio","status":"publish","type":"post","link":"https:\/\/nativoqueretaro.mx\/index.php\/2024\/12\/19\/rinden-protesta-las-y-los-integrantes-del-comca-san-juan-del-rio\/","title":{"rendered":"Rinden protesta las y los integrantes del COMCA San Juan del R\u00edo"},"content":{"rendered":"<p class=\"p1\">* El presidente municipal de San Juan del R\u00edo, Roberto Cabrera Valencia, anunci\u00f3 que se realizar\u00e1n acciones integrales para combatir las adicciones en la demarcaci\u00f3n.<\/p>\n<p class=\"p1\">* El Gobierno Municipal trabajar\u00e1 para construir un Mejor San Juan y una Mejor Sociedad, donde se pueda vivir mejor, para forjar un Legado de Bien Com\u00fan.<\/p>\n<p class=\"p1\">Con la toma de protesta a las y los integrantes del Consejo Municipal Contra las Adicciones (COMCA), se realizar\u00e1n acciones integrales para combatir las adicciones en el municipio de San Juan del R\u00edo, afirm\u00f3 el alcalde sanjuanense, Roberto Cabrera Valencia, durante la ceremonia que, con este prop\u00f3sito, se llev\u00f3 a cabo en las instalaciones del Sistema Municipal para el Desarrollo Integral de la Familia de San Juan del R\u00edo (DIF).<\/p>\n<p class=\"p1\">En el evento, donde estuvo acompa\u00f1ado por la presidenta del DIF Municipal, Georgina S\u00e1nchez Barrios, Roberto Cabrera puntualiz\u00f3 que toda persona debe tener las condiciones para su desarrollo y pueda crecer a lo largo de su vida; por ello, indic\u00f3, el Gobierno Municipal trabajar\u00e1 en la implementaci\u00f3n de acciones en la materia y construir un Mejor San Juan y una Mejor Sociedad, donde se pueda vivir mejor, para forjar un Legado de Bien Com\u00fan.<\/p>\n<p class=\"p1\">\u201cVamos a dise\u00f1ar juntos, un esquema, una estrategia, para que, si no hemos atacado de la mejor manera desde la prevenci\u00f3n, ustedes nos dir\u00e1n c\u00f3mo podemos prevenir mucho, desde nuestras acciones, el que una persona y, por lo tanto, una familia, le llegue el beneficio desde la concientizaci\u00f3n, desde el \u00e1mbito en el que les digamos no llegues a lo que ser\u00e1, despu\u00e9s, un tratamiento, una terapia, un control, una atenci\u00f3n, una contenci\u00f3n\u201d, dijo Cabrera Valencia.<\/p>\n<p class=\"p1\">El alcalde sanjuanense se\u00f1al\u00f3 que el municipio tiene el reto de ser ese pedacito de M\u00e9xico que, en el contexto nacional y estatal, realice esfuerzos para que, a trav\u00e9s del Consejo, se establezcan las acciones a implementar, por lo que convoc\u00f3 a las y los integrantes a asistir a las mesas de trabajo que, con este prop\u00f3sito, se pondr\u00e1n en marcha.<\/p>\n<p class=\"p1\">Adem\u00e1s del presidente municipal de San Juan del R\u00edo, Roberto Cabrera Valencia, y de la presidenta del Sistema Municipal DIF de San Juan del R\u00edo, Georgina S\u00e1nchez Barrios, rindieron protesta como integrantes del COMCA, la directora del Sistema Municipal DIUF, Mar\u00eda Patricia Mendoza Mej\u00eda; el subdirector del COMCA, Jos\u00e9 Alberto Hern\u00e1ndez Mart\u00ednez; el secretario de Gobierno, Abel Espinoza Su\u00e1rez; el director de Protecci\u00f3n Civil Municipal, Jos\u00e9 Rom\u00e1n Ch\u00e1vez Mej\u00eda; el subsecretario de Seguridad P\u00fablica Municipal, Jos\u00e9 Carmen Bernardo P\u00e9rez Mart\u00ednez, en representaci\u00f3n del secretario de Seguridad P\u00fablica Municipal, Orlando Ch\u00e1vez Landaverde; el secretario de Ayuntamiento, Oscar Alc\u00e1ntara Pe\u00f1a; el director general de Viva la Vida en Acci\u00f3n A. C., como representante de la sociedad civil contra las adicciones.<\/p>\n<p>Informaci\u00f3n e imagen: Gob. SJR<\/p>\n","protected":false},"excerpt":{"rendered":"<p>* El presidente municipal de San Juan del R\u00edo, Roberto Cabrera Valencia, anunci\u00f3 que se realizar\u00e1n acciones integrales para combatir las adicciones en la demarcaci\u00f3n. * El Gobierno Municipal trabajar\u00e1 para construir un Mejor San Juan y una Mejor Sociedad, donde se pueda vivir mejor, para forjar un Legado de Bien Com\u00fan. Con la toma [&hellip;]<\/p>\n","protected":false},"author":1,"featured_media":36455,"comment_status":"closed","ping_status":"closed","sticky":false,"template":"","format":"standard","meta":{"_acf_changed":false,"ocean_post_layout":"","ocean_both_sidebars_style":"","ocean_both_sidebars_content_width":0,"ocean_both_sidebars_sidebars_width":0,"ocean_sidebar":"","ocean_second_sidebar":"","ocean_disable_margins":"enable","ocean_add_body_class":"","ocean_shortcode_before_top_bar":"","ocean_shortcode_after_top_bar":"","ocean_shortcode_before_header":"","ocean_shortcode_after_header":"","ocean_has_shortcode":"","ocean_shortcode_after_title":"","ocean_shortcode_before_footer_widgets":"","ocean_shortcode_after_footer_widgets":"","ocean_shortcode_before_footer_bottom":"","ocean_shortcode_after_footer_bottom":"","ocean_display_top_bar":"default","ocean_display_header":"default","ocean_header_style":"","ocean_center_header_left_menu":"","ocean_custom_header_template":"","ocean_custom_logo":0,"ocean_custom_retina_logo":0,"ocean_custom_logo_max_width":0,"ocean_custom_logo_tablet_max_width":0,"ocean_custom_logo_mobile_max_width":0,"ocean_custom_logo_max_height":0,"ocean_custom_logo_tablet_max_height":0,"ocean_custom_logo_mobile_max_height":0,"ocean_header_custom_menu":"","ocean_menu_typo_font_family":"","ocean_menu_typo_font_subset":"","ocean_menu_typo_font_size":0,"ocean_menu_typo_font_size_tablet":0,"ocean_menu_typo_font_size_mobile":0,"ocean_menu_typo_font_size_unit":"px","ocean_menu_typo_font_weight":"","ocean_menu_typo_font_weight_tablet":"","ocean_menu_typo_font_weight_mobile":"","ocean_menu_typo_transform":"","ocean_menu_typo_transform_tablet":"","ocean_menu_typo_transform_mobile":"","ocean_menu_typo_line_height":0,"ocean_menu_typo_line_height_tablet":0,"ocean_menu_typo_line_height_mobile":0,"ocean_menu_typo_line_height_unit":"","ocean_menu_typo_spacing":0,"ocean_menu_typo_spacing_tablet":0,"ocean_menu_typo_spacing_mobile":0,"ocean_menu_typo_spacing_unit":"","ocean_menu_link_color":"","ocean_menu_link_color_hover":"","ocean_menu_link_color_active":"","ocean_menu_link_background":"","ocean_menu_link_hover_background":"","ocean_menu_link_active_background":"","ocean_menu_social_links_bg":"","ocean_menu_social_hover_links_bg":"","ocean_menu_social_links_color":"","ocean_menu_social_hover_links_color":"","ocean_disable_title":"default","ocean_disable_heading":"default","ocean_post_title":"","ocean_post_subheading":"","ocean_post_title_style":"","ocean_post_title_background_color":"","ocean_post_title_background":0,"ocean_post_title_bg_image_position":"","ocean_post_title_bg_image_attachment":"","ocean_post_title_bg_image_repeat":"","ocean_post_title_bg_image_size":"","ocean_post_title_height":0,"ocean_post_title_bg_overlay":0.5,"ocean_post_title_bg_overlay_color":"","ocean_disable_breadcrumbs":"default","ocean_breadcrumbs_color":"","ocean_breadcrumbs_separator_color":"","ocean_breadcrumbs_links_color":"","ocean_breadcrumbs_links_hover_color":"","ocean_display_footer_widgets":"default","ocean_display_footer_bottom":"default","ocean_custom_footer_template":"","ocean_post_oembed":"","ocean_post_self_hosted_media":"","ocean_post_video_embed":"","ocean_link_format":"","ocean_link_format_target":"self","ocean_quote_format":"","ocean_quote_format_link":"post","ocean_gallery_link_images":"on","ocean_gallery_id":[],"footnotes":""},"categories":[5],"tags":[],"class_list":["post-36453","post","type-post","status-publish","format-standard","has-post-thumbnail","hentry","category-san-juan-del-rio","entry","has-media"],"acf":[],"yoast_head":"<!-- This site is optimized with the Yoast SEO plugin v24.7 - https:\/\/yoast.com\/wordpress\/plugins\/seo\/ -->\n<title>Rinden protesta las y los integrantes del COMCA San Juan del R\u00edo - Nativo Quer\u00e9taro<\/title>\n<meta name=\"robots\" content=\"index, follow, max-snippet:-1, max-image-preview:large, max-video-preview:-1\" \/>\n<link rel=\"canonical\" href=\"https:\/\/nativoqueretaro.mx\/index.php\/2024\/12\/19\/rinden-protesta-las-y-los-integrantes-del-comca-san-juan-del-rio\/\" \/>\n<meta property=\"og:locale\" content=\"es_MX\" \/>\n<meta property=\"og:type\" content=\"article\" \/>\n<meta property=\"og:title\" content=\"Rinden protesta las y los integrantes del COMCA San Juan del R\u00edo - Nativo Quer\u00e9taro\" \/>\n<meta property=\"og:description\" content=\"* El presidente municipal de San Juan del R\u00edo, Roberto Cabrera Valencia, anunci\u00f3 que se realizar\u00e1n acciones integrales para combatir las adicciones en la demarcaci\u00f3n. * El Gobierno Municipal trabajar\u00e1 para construir un Mejor San Juan y una Mejor Sociedad, donde se pueda vivir mejor, para forjar un Legado de Bien Com\u00fan. Con la toma [&hellip;]\" \/>\n<meta property=\"og:url\" content=\"https:\/\/nativoqueretaro.mx\/index.php\/2024\/12\/19\/rinden-protesta-las-y-los-integrantes-del-comca-san-juan-del-rio\/\" \/>\n<meta property=\"og:site_name\" content=\"Nativo Quer\u00e9taro\" \/>\n<meta property=\"article:published_time\" content=\"2024-12-19T17:24:46+00:00\" \/>\n<meta property=\"article:modified_time\" content=\"2024-12-19T17:25:52+00:00\" \/>\n<meta property=\"og:image\" content=\"https:\/\/nativoqueretaro.mx\/wp-content\/uploads\/2024\/12\/Captura-de-Pantalla-2024-12-19-a-las-11.22.08.png\" \/>\n\t<meta property=\"og:image:width\" content=\"728\" \/>\n\t<meta property=\"og:image:height\" content=\"506\" \/>\n\t<meta property=\"og:image:type\" content=\"image\/png\" \/>\n<meta name=\"author\" content=\"NativoQro\" \/>\n<meta name=\"twitter:card\" content=\"summary_large_image\" \/>\n<meta name=\"twitter:label1\" content=\"Escrito por\" \/>\n\t<meta name=\"twitter:data1\" content=\"NativoQro\" \/>\n\t<meta name=\"twitter:label2\" content=\"Tiempo de lectura\" \/>\n\t<meta name=\"twitter:data2\" content=\"3 minutos\" \/>\n<script type=\"application\/ld+json\" class=\"yoast-schema-graph\">{\"@context\":\"https:\/\/schema.org\",\"@graph\":[{\"@type\":\"Article\",\"@id\":\"https:\/\/nativoqueretaro.mx\/index.php\/2024\/12\/19\/rinden-protesta-las-y-los-integrantes-del-comca-san-juan-del-rio\/#article\",\"isPartOf\":{\"@id\":\"https:\/\/nativoqueretaro.mx\/index.php\/2024\/12\/19\/rinden-protesta-las-y-los-integrantes-del-comca-san-juan-del-rio\/\"},\"author\":{\"name\":\"NativoQro\",\"@id\":\"https:\/\/nativoqueretaro.mx\/#\/schema\/person\/9cb2d9bff62be7a0a4a39066c9eac822\"},\"headline\":\"Rinden protesta las y los integrantes del COMCA San Juan del R\u00edo\",\"datePublished\":\"2024-12-19T17:24:46+00:00\",\"dateModified\":\"2024-12-19T17:25:52+00:00\",\"mainEntityOfPage\":{\"@id\":\"https:\/\/nativoqueretaro.mx\/index.php\/2024\/12\/19\/rinden-protesta-las-y-los-integrantes-del-comca-san-juan-del-rio\/\"},\"wordCount\":515,\"publisher\":{\"@id\":\"https:\/\/nativoqueretaro.mx\/#organization\"},\"image\":{\"@id\":\"https:\/\/nativoqueretaro.mx\/index.php\/2024\/12\/19\/rinden-protesta-las-y-los-integrantes-del-comca-san-juan-del-rio\/#primaryimage\"},\"thumbnailUrl\":\"https:\/\/nativoqueretaro.mx\/wp-content\/uploads\/2024\/12\/Captura-de-Pantalla-2024-12-19-a-las-11.22.08.png\",\"articleSection\":[\"San Juan del R\u00edo\"],\"inLanguage\":\"es\"},{\"@type\":\"WebPage\",\"@id\":\"https:\/\/nativoqueretaro.mx\/index.php\/2024\/12\/19\/rinden-protesta-las-y-los-integrantes-del-comca-san-juan-del-rio\/\",\"url\":\"https:\/\/nativoqueretaro.mx\/index.php\/2024\/12\/19\/rinden-protesta-las-y-los-integrantes-del-comca-san-juan-del-rio\/\",\"name\":\"Rinden protesta las y los integrantes del COMCA San Juan del R\u00edo - Nativo Quer\u00e9taro\",\"isPartOf\":{\"@id\":\"https:\/\/nativoqueretaro.mx\/#website\"},\"primaryImageOfPage\":{\"@id\":\"https:\/\/nativoqueretaro.mx\/index.php\/2024\/12\/19\/rinden-protesta-las-y-los-integrantes-del-comca-san-juan-del-rio\/#primaryimage\"},\"image\":{\"@id\":\"https:\/\/nativoqueretaro.mx\/index.php\/2024\/12\/19\/rinden-protesta-las-y-los-integrantes-del-comca-san-juan-del-rio\/#primaryimage\"},\"thumbnailUrl\":\"https:\/\/nativoqueretaro.mx\/wp-content\/uploads\/2024\/12\/Captura-de-Pantalla-2024-12-19-a-las-11.22.08.png\",\"datePublished\":\"2024-12-19T17:24:46+00:00\",\"dateModified\":\"2024-12-19T17:25:52+00:00\",\"breadcrumb\":{\"@id\":\"https:\/\/nativoqueretaro.mx\/index.php\/2024\/12\/19\/rinden-protesta-las-y-los-integrantes-del-comca-san-juan-del-rio\/#breadcrumb\"},\"inLanguage\":\"es\",\"potentialAction\":[{\"@type\":\"ReadAction\",\"target\":[\"https:\/\/nativoqueretaro.mx\/index.php\/2024\/12\/19\/rinden-protesta-las-y-los-integrantes-del-comca-san-juan-del-rio\/\"]}]},{\"@type\":\"ImageObject\",\"inLanguage\":\"es\",\"@id\":\"https:\/\/nativoqueretaro.mx\/index.php\/2024\/12\/19\/rinden-protesta-las-y-los-integrantes-del-comca-san-juan-del-rio\/#primaryimage\",\"url\":\"https:\/\/nativoqueretaro.mx\/wp-content\/uploads\/2024\/12\/Captura-de-Pantalla-2024-12-19-a-las-11.22.08.png\",\"contentUrl\":\"https:\/\/nativoqueretaro.mx\/wp-content\/uploads\/2024\/12\/Captura-de-Pantalla-2024-12-19-a-las-11.22.08.png\",\"width\":728,\"height\":506},{\"@type\":\"BreadcrumbList\",\"@id\":\"https:\/\/nativoqueretaro.mx\/index.php\/2024\/12\/19\/rinden-protesta-las-y-los-integrantes-del-comca-san-juan-del-rio\/#breadcrumb\",\"itemListElement\":[{\"@type\":\"ListItem\",\"position\":1,\"name\":\"Home\",\"item\":\"https:\/\/nativoqueretaro.mx\/\"},{\"@type\":\"ListItem\",\"position\":2,\"name\":\"Rinden protesta las y los integrantes del COMCA San Juan del R\u00edo\"}]},{\"@type\":\"WebSite\",\"@id\":\"https:\/\/nativoqueretaro.mx\/#website\",\"url\":\"https:\/\/nativoqueretaro.mx\/\",\"name\":\"Nativo Quer\u00e9taro\",\"description\":\"\",\"publisher\":{\"@id\":\"https:\/\/nativoqueretaro.mx\/#organization\"},\"potentialAction\":[{\"@type\":\"SearchAction\",\"target\":{\"@type\":\"EntryPoint\",\"urlTemplate\":\"https:\/\/nativoqueretaro.mx\/?s={search_term_string}\"},\"query-input\":{\"@type\":\"PropertyValueSpecification\",\"valueRequired\":true,\"valueName\":\"search_term_string\"}}],\"inLanguage\":\"es\"},{\"@type\":\"Organization\",\"@id\":\"https:\/\/nativoqueretaro.mx\/#organization\",\"name\":\"Nativo Quer\u00e9taro\",\"url\":\"https:\/\/nativoqueretaro.mx\/\",\"logo\":{\"@type\":\"ImageObject\",\"inLanguage\":\"es\",\"@id\":\"https:\/\/nativoqueretaro.mx\/#\/schema\/logo\/image\/\",\"url\":\"https:\/\/nativoqueretaro.mx\/wp-content\/uploads\/2025\/01\/NATIVO_QRO_white.svg\",\"contentUrl\":\"https:\/\/nativoqueretaro.mx\/wp-content\/uploads\/2025\/01\/NATIVO_QRO_white.svg\",\"caption\":\"Nativo Quer\u00e9taro\"},\"image\":{\"@id\":\"https:\/\/nativoqueretaro.mx\/#\/schema\/logo\/image\/\"}},{\"@type\":\"Person\",\"@id\":\"https:\/\/nativoqueretaro.mx\/#\/schema\/person\/9cb2d9bff62be7a0a4a39066c9eac822\",\"name\":\"NativoQro\",\"image\":{\"@type\":\"ImageObject\",\"inLanguage\":\"es\",\"@id\":\"https:\/\/nativoqueretaro.mx\/#\/schema\/person\/image\/\",\"url\":\"https:\/\/secure.gravatar.com\/avatar\/0574151f0584a2a8056a6d87f37cd6abc6c709a951c8e822eb1ab470a5022bc5?s=96&d=mm&r=g\",\"contentUrl\":\"https:\/\/secure.gravatar.com\/avatar\/0574151f0584a2a8056a6d87f37cd6abc6c709a951c8e822eb1ab470a5022bc5?s=96&d=mm&r=g\",\"caption\":\"NativoQro\"},\"url\":\"https:\/\/nativoqueretaro.mx\/index.php\/author\/nativoadmin\/\"}]}<\/script>\n<!-- \/ Yoast SEO plugin. -->","yoast_head_json":{"title":"Rinden protesta las y los integrantes del COMCA San Juan del R\u00edo - Nativo Quer\u00e9taro","robots":{"index":"index","follow":"follow","max-snippet":"max-snippet:-1","max-image-preview":"max-image-preview:large","max-video-preview":"max-video-preview:-1"},"canonical":"https:\/\/nativoqueretaro.mx\/index.php\/2024\/12\/19\/rinden-protesta-las-y-los-integrantes-del-comca-san-juan-del-rio\/","og_locale":"es_MX","og_type":"article","og_title":"Rinden protesta las y los integrantes del COMCA San Juan del R\u00edo - Nativo Quer\u00e9taro","og_description":"* El presidente municipal de San Juan del R\u00edo, Roberto Cabrera Valencia, anunci\u00f3 que se realizar\u00e1n acciones integrales para combatir las adicciones en la demarcaci\u00f3n. * El Gobierno Municipal trabajar\u00e1 para construir un Mejor San Juan y una Mejor Sociedad, donde se pueda vivir mejor, para forjar un Legado de Bien Com\u00fan. Con la toma [&hellip;]","og_url":"https:\/\/nativoqueretaro.mx\/index.php\/2024\/12\/19\/rinden-protesta-las-y-los-integrantes-del-comca-san-juan-del-rio\/","og_site_name":"Nativo Quer\u00e9taro","article_published_time":"2024-12-19T17:24:46+00:00","article_modified_time":"2024-12-19T17:25:52+00:00","og_image":[{"width":728,"height":506,"url":"https:\/\/nativoqueretaro.mx\/wp-content\/uploads\/2024\/12\/Captura-de-Pantalla-2024-12-19-a-las-11.22.08.png","type":"image\/png"}],"author":"NativoQro","twitter_card":"summary_large_image","twitter_misc":{"Escrito por":"NativoQro","Tiempo de lectura":"3 minutos"},"schema":{"@context":"https:\/\/schema.org","@graph":[{"@type":"Article","@id":"https:\/\/nativoqueretaro.mx\/index.php\/2024\/12\/19\/rinden-protesta-las-y-los-integrantes-del-comca-san-juan-del-rio\/#article","isPartOf":{"@id":"https:\/\/nativoqueretaro.mx\/index.php\/2024\/12\/19\/rinden-protesta-las-y-los-integrantes-del-comca-san-juan-del-rio\/"},"author":{"name":"NativoQro","@id":"https:\/\/nativoqueretaro.mx\/#\/schema\/person\/9cb2d9bff62be7a0a4a39066c9eac822"},"headline":"Rinden protesta las y los integrantes del COMCA San Juan del R\u00edo","datePublished":"2024-12-19T17:24:46+00:00","dateModified":"2024-12-19T17:25:52+00:00","mainEntityOfPage":{"@id":"https:\/\/nativoqueretaro.mx\/index.php\/2024\/12\/19\/rinden-protesta-las-y-los-integrantes-del-comca-san-juan-del-rio\/"},"wordCount":515,"publisher":{"@id":"https:\/\/nativoqueretaro.mx\/#organization"},"image":{"@id":"https:\/\/nativoqueretaro.mx\/index.php\/2024\/12\/19\/rinden-protesta-las-y-los-integrantes-del-comca-san-juan-del-rio\/#primaryimage"},"thumbnailUrl":"https:\/\/nativoqueretaro.mx\/wp-content\/uploads\/2024\/12\/Captura-de-Pantalla-2024-12-19-a-las-11.22.08.png","articleSection":["San Juan del R\u00edo"],"inLanguage":"es"},{"@type":"WebPage","@id":"https:\/\/nativoqueretaro.mx\/index.php\/2024\/12\/19\/rinden-protesta-las-y-los-integrantes-del-comca-san-juan-del-rio\/","url":"https:\/\/nativoqueretaro.mx\/index.php\/2024\/12\/19\/rinden-protesta-las-y-los-integrantes-del-comca-san-juan-del-rio\/","name":"Rinden protesta las y los integrantes del COMCA San Juan del R\u00edo - Nativo Quer\u00e9taro","isPartOf":{"@id":"https:\/\/nativoqueretaro.mx\/#website"},"primaryImageOfPage":{"@id":"https:\/\/nativoqueretaro.mx\/index.php\/2024\/12\/19\/rinden-protesta-las-y-los-integrantes-del-comca-san-juan-del-rio\/#primaryimage"},"image":{"@id":"https:\/\/nativoqueretaro.mx\/index.php\/2024\/12\/19\/rinden-protesta-las-y-los-integrantes-del-comca-san-juan-del-rio\/#primaryimage"},"thumbnailUrl":"https:\/\/nativoqueretaro.mx\/wp-content\/uploads\/2024\/12\/Captura-de-Pantalla-2024-12-19-a-las-11.22.08.png","datePublished":"2024-12-19T17:24:46+00:00","dateModified":"2024-12-19T17:25:52+00:00","breadcrumb":{"@id":"https:\/\/nativoqueretaro.mx\/index.php\/2024\/12\/19\/rinden-protesta-las-y-los-integrantes-del-comca-san-juan-del-rio\/#breadcrumb"},"inLanguage":"es","potentialAction":[{"@type":"ReadAction","target":["https:\/\/nativoqueretaro.mx\/index.php\/2024\/12\/19\/rinden-protesta-las-y-los-integrantes-del-comca-san-juan-del-rio\/"]}]},{"@type":"ImageObject","inLanguage":"es","@id":"https:\/\/nativoqueretaro.mx\/index.php\/2024\/12\/19\/rinden-protesta-las-y-los-integrantes-del-comca-san-juan-del-rio\/#primaryimage","url":"https:\/\/nativoqueretaro.mx\/wp-content\/uploads\/2024\/12\/Captura-de-Pantalla-2024-12-19-a-las-11.22.08.png","contentUrl":"https:\/\/nativoqueretaro.mx\/wp-content\/uploads\/2024\/12\/Captura-de-Pantalla-2024-12-19-a-las-11.22.08.png","width":728,"height":506},{"@type":"BreadcrumbList","@id":"https:\/\/nativoqueretaro.mx\/index.php\/2024\/12\/19\/rinden-protesta-las-y-los-integrantes-del-comca-san-juan-del-rio\/#breadcrumb","itemListElement":[{"@type":"ListItem","position":1,"name":"Home","item":"https:\/\/nativoqueretaro.mx\/"},{"@type":"ListItem","position":2,"name":"Rinden protesta las y los integrantes del COMCA San Juan del R\u00edo"}]},{"@type":"WebSite","@id":"https:\/\/nativoqueretaro.mx\/#website","url":"https:\/\/nativoqueretaro.mx\/","name":"Nativo Quer\u00e9taro","description":"","publisher":{"@id":"https:\/\/nativoqueretaro.mx\/#organization"},"potentialAction":[{"@type":"SearchAction","target":{"@type":"EntryPoint","urlTemplate":"https:\/\/nativoqueretaro.mx\/?s={search_term_string}"},"query-input":{"@type":"PropertyValueSpecification","valueRequired":true,"valueName":"search_term_string"}}],"inLanguage":"es"},{"@type":"Organization","@id":"https:\/\/nativoqueretaro.mx\/#organization","name":"Nativo Quer\u00e9taro","url":"https:\/\/nativoqueretaro.mx\/","logo":{"@type":"ImageObject","inLanguage":"es","@id":"https:\/\/nativoqueretaro.mx\/#\/schema\/logo\/image\/","url":"https:\/\/nativoqueretaro.mx\/wp-content\/uploads\/2025\/01\/NATIVO_QRO_white.svg","contentUrl":"https:\/\/nativoqueretaro.mx\/wp-content\/uploads\/2025\/01\/NATIVO_QRO_white.svg","caption":"Nativo Quer\u00e9taro"},"image":{"@id":"https:\/\/nativoqueretaro.mx\/#\/schema\/logo\/image\/"}},{"@type":"Person","@id":"https:\/\/nativoqueretaro.mx\/#\/schema\/person\/9cb2d9bff62be7a0a4a39066c9eac822","name":"NativoQro","image":{"@type":"ImageObject","inLanguage":"es","@id":"https:\/\/nativoqueretaro.mx\/#\/schema\/person\/image\/","url":"https:\/\/secure.gravatar.com\/avatar\/0574151f0584a2a8056a6d87f37cd6abc6c709a951c8e822eb1ab470a5022bc5?s=96&d=mm&r=g","contentUrl":"https:\/\/secure.gravatar.com\/avatar\/0574151f0584a2a8056a6d87f37cd6abc6c709a951c8e822eb1ab470a5022bc5?s=96&d=mm&r=g","caption":"NativoQro"},"url":"https:\/\/nativoqueretaro.mx\/index.php\/author\/nativoadmin\/"}]}},"_links":{"self":[{"href":"https:\/\/nativoqueretaro.mx\/index.php\/wp-json\/wp\/v2\/posts\/36453","targetHints":{"allow":["GET"]}}],"collection":[{"href":"https:\/\/nativoqueretaro.mx\/index.php\/wp-json\/wp\/v2\/posts"}],"about":[{"href":"https:\/\/nativoqueretaro.mx\/index.php\/wp-json\/wp\/v2\/types\/post"}],"author":[{"embeddable":true,"href":"https:\/\/nativoqueretaro.mx\/index.php\/wp-json\/wp\/v2\/users\/1"}],"replies":[{"embeddable":true,"href":"https:\/\/nativoqueretaro.mx\/index.php\/wp-json\/wp\/v2\/comments?post=36453"}],"version-history":[{"count":0,"href":"https:\/\/nativoqueretaro.mx\/index.php\/wp-json\/wp\/v2\/posts\/36453\/revisions"}],"wp:featuredmedia":[{"embeddable":true,"href":"https:\/\/nativoqueretaro.mx\/index.php\/wp-json\/wp\/v2\/media\/36455"}],"wp:attachment":[{"href":"https:\/\/nativoqueretaro.mx\/index.php\/wp-json\/wp\/v2\/media?parent=36453"}],"wp:term":[{"taxonomy":"category","embeddable":true,"href":"https:\/\/nativoqueretaro.mx\/index.php\/wp-json\/wp\/v2\/categories?post=36453"},{"taxonomy":"post_tag","embeddable":true,"href":"https:\/\/nativoqueretaro.mx\/index.php\/wp-json\/wp\/v2\/tags?post=36453"}],"curies":[{"name":"wp","href":"https:\/\/api.w.org\/{rel}","templated":true}]}}